{"id":33932,"date":"2023-08-16T11:38:42","date_gmt":"2023-08-16T14:38:42","guid":{"rendered":"https:\/\/radiorevelacionfm.cl\/?p=33932"},"modified":"2023-08-16T11:38:42","modified_gmt":"2023-08-16T14:38:42","slug":"corporacion-puertos-del-cono-sur-apoya-proyecto-de-ley-que-busca-apertura-del-cabotaje-para-naves-de-bandera-extranjera-con-menos-de-400-pasajeros","status":"publish","type":"post","link":"https:\/\/radiorevelacionfm.cl\/?p=33932","title":{"rendered":"Corporaci\u00f3n Puertos del Cono Sur apoya proyecto de ley que busca apertura del cabotaje para naves de bandera extranjera con menos de 400 pasajeros"},"content":{"rendered":"<div class=\"flex_column av_one_full  flex_column_div av-zero-column-padding first  avia-builder-el-0  el_before_av_one_full  avia-builder-el-first  \" style='border-radius:0px; '><div  class='avia-image-container  av-styling-    avia-builder-el-1  avia-builder-el-no-sibling  avia-align-center '  itemprop=\"image\" itemscope=\"itemscope\" itemtype=\"https:\/\/schema.org\/ImageObject\"  ><div class='avia-image-container-inner'><div class='avia-image-overlay-wrap'><img decoding=\"async\" class='wp-image-33342 avia-img-lazy-loading-not-33342 avia_image' src=\"https:\/\/radiorevelacionfm.cl\/wp-content\/uploads\/2023\/07\/seven-seas-mariner-temporada-2022-2023-1_optimized-1.jpeg\" alt='' title='seven-seas-mariner-temporada-2022-2023-(1)_optimized (1)' height=\"600\" width=\"800\"  itemprop=\"thumbnailUrl\" srcset=\"https:\/\/radiorevelacionfm.cl\/wp-content\/uploads\/2023\/07\/seven-seas-mariner-temporada-2022-2023-1_optimized-1.jpeg 800w, https:\/\/radiorevelacionfm.cl\/wp-content\/uploads\/2023\/07\/seven-seas-mariner-temporada-2022-2023-1_optimized-1-300x225.jpeg 300w, https:\/\/radiorevelacionfm.cl\/wp-content\/uploads\/2023\/07\/seven-seas-mariner-temporada-2022-2023-1_optimized-1-768x576.jpeg 768w, https:\/\/radiorevelacionfm.cl\/wp-content\/uploads\/2023\/07\/seven-seas-mariner-temporada-2022-2023-1_optimized-1-705x529.jpeg 705w, https:\/\/radiorevelacionfm.cl\/wp-content\/uploads\/2023\/07\/seven-seas-mariner-temporada-2022-2023-1_optimized-1-450x338.jpeg 450w, https:\/\/radiorevelacionfm.cl\/wp-content\/uploads\/2023\/07\/seven-seas-mariner-temporada-2022-2023-1_optimized-1-600x450.jpeg 600w\" sizes=\"(max-width: 800px) 100vw, 800px\" \/><\/div><\/div><\/div><\/div><div class=\"flex_column av_one_full  flex_column_div av-zero-column-padding first  avia-builder-el-2  el_after_av_one_full  el_before_av_one_full  column-top-margin\" style='border-radius:0px; '><section class=\"av_textblock_section \"  itemscope=\"itemscope\" itemtype=\"https:\/\/schema.org\/BlogPosting\" itemprop=\"blogPost\" ><div class='avia_textblock  '   itemprop=\"text\" ><p style=\"text-align: center;\"><span style=\"font-size: 18pt;\"><b>Corporaci\u00f3n Puertos del Cono Sur apoya proyecto de ley que busca apertura del cabotaje para naves de bandera extranjera con menos de 400 pasajeros<\/b><\/span><\/p>\n<div id=\"gtx-trans\" style=\"position: absolute; left: -50px; top: 4.31534px;\">\n<div class=\"gtx-trans-icon\"><\/div>\n<\/div>\n<\/div><\/section><\/div><div class=\"flex_column av_one_full  flex_column_div av-zero-column-padding first  avia-builder-el-4  el_after_av_one_full  el_before_av_hr  column-top-margin\" style='border-radius:0px; '><section class=\"av_textblock_section \"  itemscope=\"itemscope\" itemtype=\"https:\/\/schema.org\/BlogPosting\" itemprop=\"blogPost\" ><div class='avia_textblock  '   itemprop=\"text\" ><p class=\"v1Marcelo\" style=\"text-align: justify;\">Una importante reuni\u00f3n de trabajo sostuvo el directorio en pleno de la Corporaci\u00f3n de Puertos del Cono Sur con la subsecretaria de Turismo, Ver\u00f3nica Pardo, y el director nacional del Servicio Nacional de Turismo (Sernatur), Crist\u00f3bal Ben\u00edtez, de la que adem\u00e1s fueron parte los equipos t\u00e9cnicos y profesionales de ambas entidades.<\/p>\n<p class=\"v1Marcelo\" style=\"text-align: justify;\">En la cita particip\u00f3 el presidente de la organizaci\u00f3n y presidente del directorio de Empresa Portuaria Chacabuco (Emporcha), Enrique Run\u00edn, adem\u00e1s de los directores Eduardo Arancibia (vicepresidente Empormontt), Juan Marcos Mancilla (gerente de log\u00edstica de EPV); Rodrigo Pommiez (gerente general de EPAustral) y Fernando Gajardo (gerente general de EPSA), junto a Eric Petri, secretario ejecutivo de la entidad.<\/p>\n<p class=\"v1Marcelo\" style=\"text-align: justify;\">La cita permiti\u00f3 presentar al nuevo directorio de la asociaci\u00f3n, escogido en mayo para el periodo 2023-2024, socializar con las autoridades el plan de trabajo que encabeza la entidad y proponer una hoja de ruta con distintas iniciativas para promover conjuntamente, entre la Corporaci\u00f3n, Sernatur y la Subsecretar\u00eda, los atributos tur\u00edsticos del pa\u00eds, y con ello aumentar el crucerismo en los puertos nacionales.<\/p>\n<p class=\"v1Marcelo\" style=\"text-align: justify;\">\u201cLa recepci\u00f3n de ambas autoridades nacionales fue muy positiva, y nos permiti\u00f3 involucrarnos en torno a un trabajo conjunto; tuvimos oportunidad de explicar las iniciativas que estamos llevando adelante como Corporaci\u00f3n, y proponer acciones conjuntas para colaborar con la agenda de las autoridades y, al mismo tiempo, tener su apoyo en algunos proyectos en los que queremos profundizar\u201d, describi\u00f3 Enrique Runin.<\/p>\n<p class=\"v1Marcelo\" style=\"text-align: justify;\">Un tema importante fue transmitir la posici\u00f3n favorable de esta entidad respecto del proyecto de ley que busca la apertura del cabotaje para que naves de bandera extranjera con menos de 400 pasajeros de capacidad puedan desarrollar actividades tur\u00edsticas entre distintos puertos chilenos, postura que adem\u00e1s recientemente ha sido expuesta ante parlamentarios de la C\u00e1mara de Diputados.<\/p>\n<p class=\"v1Marcelo\" style=\"text-align: justify;\">En otro aspecto, tambi\u00e9n se valor\u00f3 el trabajo colaborativo realizado con Sernatur, y que se expres\u00f3 en la habilitaci\u00f3n de un stand -con un espacio para la Corporaci\u00f3n de Puertos del Cono Sur- para promover a Chile en la importante Feria Internacional de Cruceros Seatrade 2023, realizada en abril en Fort Lauderdale, Florida, y \u201cque nos permiti\u00f3 desarrollar una serie de gestiones ante las m\u00e1s importantes l\u00edneas de cruceros del mundo que tienen inter\u00e9s en los circuitos sudamericanos\u201d, seg\u00fan destac\u00f3 Runin.<\/p>\n<p class=\"v1Marcelo\" style=\"text-align: justify;\">\u201cEn ese sentido, junto con agradecer el apoyo de Sernatur y la Subsecretar\u00eda, proyectamos el poder iniciar con antelaci\u00f3n las coordinaciones que permitan nuevamente estar de forma conjunta en la siguiente edici\u00f3n de Seatrade, y as\u00ed ir mejorando cada vez m\u00e1s la presencia de Chile en esta feria mundial\u201d, a\u00f1adi\u00f3 el presidente de Emporcha y titular de la Corporaci\u00f3n, destacando la disposici\u00f3n de la subsecretaria Pardo de definir una agenda de trabajo futuro, en coordinaci\u00f3n con los equipos de la Subsecretar\u00eda y Sernatur.<\/p>\n<p class=\"v1Marcelo\" style=\"text-align: justify;\">La Corporaci\u00f3n de Puertos del Cono Sur tiene como principal objetivo colaborar en el posicionamiento de Chile y sus puertos como destino atractivo en el circuito sudamericano de cruceros. La entidad re\u00fane a los puertos de Arica, Iquique, Antofagasta, Coquimbo, Valpara\u00edso, San Antonio, Talcahuano-San Vicente, Puerto Montt y Castro, Chacabuco y Punta Arenas, a Inchcape Shipping Services, Terminal Pac\u00edfico Sur (TPS), DMC Chile operador tur\u00edstico internacional y al recientemente incorporado nuevo socio Agencias A.J. Broom.<\/p>\n<\/div><\/section><\/div><div  style='height:50px' class='hr hr-invisible   avia-builder-el-6  el_after_av_one_full  el_before_av_social_share '><span class='hr-inner ' ><span class='hr-inner-style'><\/span><\/span><\/div><\/p>\n<div  class='av-social-sharing-box  avia-builder-el-7  el_after_av_hr  el_before_av_hr  '><div class='av-share-box'><h5 class='av-share-link-description av-no-toc '>Compartir esta noticia<\/h5><ul class='av-share-box-list noLightbox'><li class='av-share-link av-social-link-facebook' ><a target=\"_blank\" aria-label=\"Compartir en Facebook\" href='https:\/\/www.facebook.com\/sharer.php?u=https:\/\/radiorevelacionfm.cl\/?p=33932&#038;t=Corporaci%C3%B3n%20Puertos%20del%20Cono%20Sur%20apoya%20proyecto%20de%20ley%20que%20busca%20apertura%20del%20cabotaje%20para%20naves%20de%20bandera%20extranjera%20con%20menos%20de%20400%20pasajeros' aria-hidden='false' data-av_icon='\ue8f3' data-av_iconfont='entypo-fontello' title='' data-avia-related-tooltip='Compartir en Facebook' rel=\"noopener\"><span class='avia_hidden_link_text'>Compartir en Facebook<\/span><\/a><\/li><li class='av-share-link av-social-link-twitter' ><a target=\"_blank\" aria-label=\"Compartir en Twitter\" href='https:\/\/twitter.com\/share?text=Corporaci%C3%B3n%20Puertos%20del%20Cono%20Sur%20apoya%20proyecto%20de%20ley%20que%20busca%20apertura%20del%20cabotaje%20para%20naves%20de%20bandera%20extranjera%20con%20menos%20de%20400%20pasajeros&#038;url=https:\/\/radiorevelacionfm.cl\/?p=33932' aria-hidden='false' data-av_icon='\ue8f1' data-av_iconfont='entypo-fontello' title='' data-avia-related-tooltip='Compartir en Twitter' rel=\"noopener\"><span class='avia_hidden_link_text'>Compartir en Twitter<\/span><\/a><\/li><li class='av-share-link av-social-link-whatsapp' ><a target=\"_blank\" aria-label=\"Compartir en Whatsapp\" href='https:\/\/api.whatsapp.com\/send?text=https:\/\/radiorevelacionfm.cl\/?p=33932' aria-hidden='false' data-av_icon='\uf232' data-av_iconfont='entypo-fontello' title='' data-avia-related-tooltip='Compartir en Whatsapp' rel=\"noopener\"><span class='avia_hidden_link_text'>Compartir en Whatsapp<\/span><\/a><\/li><li class='av-share-link av-social-link-linkedin' ><a target=\"_blank\" aria-label=\"Compartir en LinkedIn\" href='https:\/\/linkedin.com\/shareArticle?mini=true&#038;title=Corporaci%C3%B3n%20Puertos%20del%20Cono%20Sur%20apoya%20proyecto%20de%20ley%20que%20busca%20apertura%20del%20cabotaje%20para%20naves%20de%20bandera%20extranjera%20con%20menos%20de%20400%20pasajeros&#038;url=https:\/\/radiorevelacionfm.cl\/?p=33932' aria-hidden='false' data-av_icon='\ue8fc' data-av_iconfont='entypo-fontello' title='' data-avia-related-tooltip='Compartir en LinkedIn' rel=\"noopener\"><span class='avia_hidden_link_text'>Compartir en LinkedIn<\/span><\/a><\/li><li class='av-share-link av-social-link-mail' ><a  aria-label=\"Compartir por correo\" href='mailto:?subject=Corporaci%C3%B3n%20Puertos%20del%20Cono%20Sur%20apoya%20proyecto%20de%20ley%20que%20busca%20apertura%20del%20cabotaje%20para%20naves%20de%20bandera%20extranjera%20con%20menos%20de%20400%20pasajeros&#038;body=https:\/\/radiorevelacionfm.cl\/?p=33932' aria-hidden='false' data-av_icon='\ue805' data-av_iconfont='entypo-fontello' title='' data-avia-related-tooltip='Compartir por correo'><span class='avia_hidden_link_text'>Compartir por correo<\/span><\/a><\/li><\/ul><\/div><\/div>\n<div  style='height:50px' class='hr hr-invisible   avia-builder-el-8  el_after_av_social_share  el_before_av_comments_list '><span class='hr-inner ' ><span class='hr-inner-style'><\/span><\/span><\/div>\n<div  class='av-buildercomment  av-blog-meta-html-info-disabled av-blog-meta-tag-disabled  '><\/div>\n","protected":false},"excerpt":{"rendered":"","protected":false},"author":1,"featured_media":33342,"comment_status":"open","ping_status":"open","sticky":false,"template":"","format":"standard","meta":{"footnotes":""},"categories":[54],"tags":[],"class_list":["post-33932","post","type-post","status-publish","format-standard","has-post-thumbnail","hentry","category-turismo"],"jetpack_featured_media_url":"https:\/\/radiorevelacionfm.cl\/wp-content\/uploads\/2023\/07\/seven-seas-mariner-temporada-2022-2023-1_optimized-1.jpeg","_links":{"self":[{"href":"https:\/\/radiorevelacionfm.cl\/index.php?rest_route=\/wp\/v2\/posts\/33932","targetHints":{"allow":["GET"]}}],"collection":[{"href":"https:\/\/radiorevelacionfm.cl\/index.php?rest_route=\/wp\/v2\/posts"}],"about":[{"href":"https:\/\/radiorevelacionfm.cl\/index.php?rest_route=\/wp\/v2\/types\/post"}],"author":[{"embeddable":true,"href":"https:\/\/radiorevelacionfm.cl\/index.php?rest_route=\/wp\/v2\/users\/1"}],"replies":[{"embeddable":true,"href":"https:\/\/radiorevelacionfm.cl\/index.php?rest_route=%2Fwp%2Fv2%2Fcomments&post=33932"}],"version-history":[{"count":1,"href":"https:\/\/radiorevelacionfm.cl\/index.php?rest_route=\/wp\/v2\/posts\/33932\/revisions"}],"predecessor-version":[{"id":33933,"href":"https:\/\/radiorevelacionfm.cl\/index.php?rest_route=\/wp\/v2\/posts\/33932\/revisions\/33933"}],"wp:featuredmedia":[{"embeddable":true,"href":"https:\/\/radiorevelacionfm.cl\/index.php?rest_route=\/wp\/v2\/media\/33342"}],"wp:attachment":[{"href":"https:\/\/radiorevelacionfm.cl\/index.php?rest_route=%2Fwp%2Fv2%2Fmedia&parent=33932"}],"wp:term":[{"taxonomy":"category","embeddable":true,"href":"https:\/\/radiorevelacionfm.cl\/index.php?rest_route=%2Fwp%2Fv2%2Fcategories&post=33932"},{"taxonomy":"post_tag","embeddable":true,"href":"https:\/\/radiorevelacionfm.cl\/index.php?rest_route=%2Fwp%2Fv2%2Ftags&post=33932"}],"curies":[{"name":"wp","href":"https:\/\/api.w.org\/{rel}","templated":true}]}}