{"id":33929,"date":"2023-08-21T11:20:33","date_gmt":"2023-08-21T14:20:33","guid":{"rendered":"https:\/\/radiorevelacionfm.cl\/?p=33929"},"modified":"2023-08-21T11:20:33","modified_gmt":"2023-08-21T14:20:33","slug":"segun-encuesta-del-ine-el-ingreso-laboral-promedio-en-la-region-de-aysen-fue-de-870-858-mensual-en-2022","status":"publish","type":"post","link":"https:\/\/radiorevelacionfm.cl\/?p=33929","title":{"rendered":"Seg\u00fan encuesta del INE: El ingreso laboral promedio en la Regi\u00f3n de Ays\u00e9n fue de $870.858 mensual en 2022"},"content":{"rendered":"<div class=\"flex_column av_one_full  flex_column_div av-zero-column-padding first  avia-builder-el-0  el_before_av_one_full  avia-builder-el-first  \" style='border-radius:0px; '><div  class='avia-image-container  av-styling-    avia-builder-el-1  avia-builder-el-no-sibling  avia-align-center '  itemprop=\"image\" itemscope=\"itemscope\" itemtype=\"https:\/\/schema.org\/ImageObject\"  ><div class='avia-image-container-inner'><div class='avia-image-overlay-wrap'><img decoding=\"async\" class='wp-image-33930 avia-img-lazy-loading-not-33930 avia_image' src=\"https:\/\/radiorevelacionfm.cl\/wp-content\/uploads\/2023\/08\/Trabajadores-en-obra-1-1.jpg\" alt='' title='Trabajadores en obra (1) (1)' height=\"600\" width=\"920\"  itemprop=\"thumbnailUrl\" srcset=\"https:\/\/radiorevelacionfm.cl\/wp-content\/uploads\/2023\/08\/Trabajadores-en-obra-1-1.jpg 920w, https:\/\/radiorevelacionfm.cl\/wp-content\/uploads\/2023\/08\/Trabajadores-en-obra-1-1-300x196.jpg 300w, https:\/\/radiorevelacionfm.cl\/wp-content\/uploads\/2023\/08\/Trabajadores-en-obra-1-1-768x501.jpg 768w, https:\/\/radiorevelacionfm.cl\/wp-content\/uploads\/2023\/08\/Trabajadores-en-obra-1-1-705x460.jpg 705w, https:\/\/radiorevelacionfm.cl\/wp-content\/uploads\/2023\/08\/Trabajadores-en-obra-1-1-450x293.jpg 450w, https:\/\/radiorevelacionfm.cl\/wp-content\/uploads\/2023\/08\/Trabajadores-en-obra-1-1-600x391.jpg 600w\" sizes=\"(max-width: 920px) 100vw, 920px\" \/><\/div><\/div><\/div><\/div><div class=\"flex_column av_one_full  flex_column_div av-zero-column-padding first  avia-builder-el-2  el_after_av_one_full  el_before_av_one_full  column-top-margin\" style='border-radius:0px; '><section class=\"av_textblock_section \"  itemscope=\"itemscope\" itemtype=\"https:\/\/schema.org\/BlogPosting\" itemprop=\"blogPost\" ><div class='avia_textblock  '   itemprop=\"text\" ><p style=\"text-align: center;\"><strong><span style=\"font-size: 18pt;\">Seg\u00fan encuesta del INE: El ingreso laboral promedio en la Regi\u00f3n de Ays\u00e9n fue de $870.858 mensual en 2022<\/span><\/strong><\/p>\n<div id=\"gtx-trans\" style=\"position: absolute; left: -50px; top: 4.31534px;\">\n<div class=\"gtx-trans-icon\"><\/div>\n<\/div>\n<\/div><\/section><\/div><div class=\"flex_column av_one_full  flex_column_div av-zero-column-padding first  avia-builder-el-4  el_after_av_one_full  el_before_av_hr  column-top-margin\" style='border-radius:0px; '><section class=\"av_textblock_section \"  itemscope=\"itemscope\" itemtype=\"https:\/\/schema.org\/BlogPosting\" itemprop=\"blogPost\" ><div class='avia_textblock  '   itemprop=\"text\" ><p style=\"font-weight: 400; text-align: justify;\">Durante\u00a02022, el ingreso laboral promedio de la poblaci\u00f3n ocupada en la Regi\u00f3n de Ays\u00e9n<strong>\u00a0<\/strong>fue de $<strong>870.858\u00a0<\/strong>neto mensual (ingreso bruto menos los descuentos por previsi\u00f3n y salud). En tanto, el ingreso mediano -el que recibe una persona representativa de la mitad de la poblaci\u00f3n- lleg\u00f3 a $<strong>594.217<\/strong><strong>\u00a0<\/strong>al mes, es decir, el 50% de quienes trabajaron en la regi\u00f3n en 2022 percibi\u00f3 ingresos menores o iguales a ese monto.<\/p>\n<p style=\"font-weight: 400; text-align: justify;\">As\u00ed se desprende de la Encuesta Suplementaria de Ingresos (ESI)\u00a02022, publicada por\u00a0el Instituto Nacional de Estad\u00edsticas (INE)\u00a0el 16 de agosto,\u00a0y que fue aplicada en el trimestre octubre-diciembre del a\u00f1o pasado, con el objetivo de caracterizar los ingresos laborales de las personas ocupadas, a nivel nacional y regional.<\/p>\n<p style=\"font-weight: 400; text-align: justify;\">En\u00a02022,\u00a0los ingresos medio y mediano de los hombres se ubicaron en $1.002.864 y $693.253, respectivamente, mientras que en las mujeres estos alcanzaron los $711.214 y $495.181, en cada caso. Lo anterior implic\u00f3 una brecha de\u00a0<strong>-29,1<\/strong>%<strong>\u00a0<\/strong>en el ingreso medio en desmedro de las mujeres.<\/p>\n<p style=\"font-weight: 400; text-align: justify;\">Para las personas que trabajaron en la categor\u00eda Asalariados p\u00fablicos, quienes equivalieron al 30,7% del total de personas ocupadas, obtuvieron montos mensuales de $1.287.535 en el ingreso medio y $1.078.665 en el ingreso mediano. El porcentaje m\u00e1s alto de la poblaci\u00f3n ocupada en 2022 correspondi\u00f3 a la categor\u00eda Asalariados privados, quienes recibieron un ingreso medio mensual de $718.638 y un ingreso mediano de $512.656.<\/p>\n<p style=\"font-weight: 400; text-align: justify;\">Por nivel educativo, la categor\u00eda Educaci\u00f3n universitaria represent\u00f3 al 24,1% del total de personas ocupadas, con montos mensuales de $1.268.891 en el ingreso medio y $1.089.398 en el ingreso mediano. En tanto, el porcentaje m\u00e1s alto de personas ocupadas fue en la categor\u00eda Educaci\u00f3n secundaria, quienes obtuvieron ingresos medio y mediano de $721.135 y $495.181, respectivamente.<\/p>\n<p style=\"font-weight: 400; text-align: justify;\">Adem\u00e1s de Ays\u00e9n, las regiones que sobrepasaron el promedio nacional ($757.752) fueron\u00a0Antofagasta, Magallanes y Metropolitana, con un ingreso medio de\u00a0$933.988, $890.645 y $875.891,\u00a0respectivamente.\u00a0Por su parte, el ingreso mediano nacional fue de $502.604, y para las\u00a0regiones de\u00a0Antofagasta, Magallanes, Metropolitana y Atacama, este ingreso fue de\u00a0$636.563, $603.124, $594.217 y $573.813,\u00a0respectivamente.<\/p>\n<p style=\"font-weight: 400; text-align: justify;\">Los resultados completos de la Encuesta Suplementaria de Ingresos (ESI)\u00a02022<strong>\u00a0<\/strong>a nivel nacional est\u00e1n disponibles en\u00a0<a href=\"http:\/\/www.ine.gob.cl\/\" data-saferedirecturl=\"https:\/\/www.google.com\/url?q=http:\/\/www.ine.gob.cl&amp;source=gmail&amp;ust=1692279825955000&amp;usg=AOvVaw0I5MGJOK7f2XX6HbxwNVfF\">www.ine.gob.cl<\/a>. Los resultados para la Regi\u00f3n de Ays\u00e9n pueden verse en\u00a0<a href=\"https:\/\/regiones.ine.gob.cl\/aysen\/inicio\" data-saferedirecturl=\"https:\/\/www.google.com\/url?q=https:\/\/regiones.ine.gob.cl\/aysen\/inicio&amp;source=gmail&amp;ust=1692279825956000&amp;usg=AOvVaw14Kw36wMeRetzJ64mIUNQx\">https:\/\/regiones.ine.gob.cl\/aysen\/inicio<\/a><\/p>\n<\/div><\/section><\/div><div  style='height:50px' class='hr hr-invisible   avia-builder-el-6  el_after_av_one_full  el_before_av_social_share '><span class='hr-inner ' ><span class='hr-inner-style'><\/span><\/span><\/div><\/p>\n<div  class='av-social-sharing-box  avia-builder-el-7  el_after_av_hr  el_before_av_hr  '><div class='av-share-box'><h5 class='av-share-link-description av-no-toc '>Compartir esta noticia<\/h5><ul class='av-share-box-list noLightbox'><li class='av-share-link av-social-link-facebook' ><a target=\"_blank\" aria-label=\"Compartir en Facebook\" href='https:\/\/www.facebook.com\/sharer.php?u=https:\/\/radiorevelacionfm.cl\/?p=33929&#038;t=Seg%C3%BAn%20encuesta%20del%20INE%3A%20El%20ingreso%20laboral%20promedio%20en%20la%20Regi%C3%B3n%20de%20Ays%C3%A9n%20fue%20de%20%24870.858%20mensual%20en%202022' aria-hidden='false' data-av_icon='\ue8f3' data-av_iconfont='entypo-fontello' title='' data-avia-related-tooltip='Compartir en Facebook' rel=\"noopener\"><span class='avia_hidden_link_text'>Compartir en Facebook<\/span><\/a><\/li><li class='av-share-link av-social-link-twitter' ><a target=\"_blank\" aria-label=\"Compartir en Twitter\" href='https:\/\/twitter.com\/share?text=Seg%C3%BAn%20encuesta%20del%20INE%3A%20El%20ingreso%20laboral%20promedio%20en%20la%20Regi%C3%B3n%20de%20Ays%C3%A9n%20fue%20de%20%24870.858%20mensual%20en%202022&#038;url=https:\/\/radiorevelacionfm.cl\/?p=33929' aria-hidden='false' data-av_icon='\ue8f1' data-av_iconfont='entypo-fontello' title='' data-avia-related-tooltip='Compartir en Twitter' rel=\"noopener\"><span class='avia_hidden_link_text'>Compartir en Twitter<\/span><\/a><\/li><li class='av-share-link av-social-link-whatsapp' ><a target=\"_blank\" aria-label=\"Compartir en Whatsapp\" href='https:\/\/api.whatsapp.com\/send?text=https:\/\/radiorevelacionfm.cl\/?p=33929' aria-hidden='false' data-av_icon='\uf232' data-av_iconfont='entypo-fontello' title='' data-avia-related-tooltip='Compartir en Whatsapp' rel=\"noopener\"><span class='avia_hidden_link_text'>Compartir en Whatsapp<\/span><\/a><\/li><li class='av-share-link av-social-link-linkedin' ><a target=\"_blank\" aria-label=\"Compartir en LinkedIn\" href='https:\/\/linkedin.com\/shareArticle?mini=true&#038;title=Seg%C3%BAn%20encuesta%20del%20INE%3A%20El%20ingreso%20laboral%20promedio%20en%20la%20Regi%C3%B3n%20de%20Ays%C3%A9n%20fue%20de%20%24870.858%20mensual%20en%202022&#038;url=https:\/\/radiorevelacionfm.cl\/?p=33929' aria-hidden='false' data-av_icon='\ue8fc' data-av_iconfont='entypo-fontello' title='' data-avia-related-tooltip='Compartir en LinkedIn' rel=\"noopener\"><span class='avia_hidden_link_text'>Compartir en LinkedIn<\/span><\/a><\/li><li class='av-share-link av-social-link-mail' ><a  aria-label=\"Compartir por correo\" href='mailto:?subject=Seg%C3%BAn%20encuesta%20del%20INE%3A%20El%20ingreso%20laboral%20promedio%20en%20la%20Regi%C3%B3n%20de%20Ays%C3%A9n%20fue%20de%20%24870.858%20mensual%20en%202022&#038;body=https:\/\/radiorevelacionfm.cl\/?p=33929' aria-hidden='false' data-av_icon='\ue805' data-av_iconfont='entypo-fontello' title='' data-avia-related-tooltip='Compartir por correo'><span class='avia_hidden_link_text'>Compartir por correo<\/span><\/a><\/li><\/ul><\/div><\/div>\n<div  style='height:50px' class='hr hr-invisible   avia-builder-el-8  el_after_av_social_share  el_before_av_comments_list '><span class='hr-inner ' ><span class='hr-inner-style'><\/span><\/span><\/div>\n<div  class='av-buildercomment  av-blog-meta-html-info-disabled av-blog-meta-tag-disabled  '><\/div>\n","protected":false},"excerpt":{"rendered":"","protected":false},"author":1,"featured_media":33930,"comment_status":"open","ping_status":"open","sticky":false,"template":"","format":"standard","meta":{"footnotes":""},"categories":[38],"tags":[],"class_list":["post-33929","post","type-post","status-publish","format-standard","has-post-thumbnail","hentry","category-regional"],"jetpack_featured_media_url":"https:\/\/radiorevelacionfm.cl\/wp-content\/uploads\/2023\/08\/Trabajadores-en-obra-1-1.jpg","_links":{"self":[{"href":"https:\/\/radiorevelacionfm.cl\/index.php?rest_route=\/wp\/v2\/posts\/33929","targetHints":{"allow":["GET"]}}],"collection":[{"href":"https:\/\/radiorevelacionfm.cl\/index.php?rest_route=\/wp\/v2\/posts"}],"about":[{"href":"https:\/\/radiorevelacionfm.cl\/index.php?rest_route=\/wp\/v2\/types\/post"}],"author":[{"embeddable":true,"href":"https:\/\/radiorevelacionfm.cl\/index.php?rest_route=\/wp\/v2\/users\/1"}],"replies":[{"embeddable":true,"href":"https:\/\/radiorevelacionfm.cl\/index.php?rest_route=%2Fwp%2Fv2%2Fcomments&post=33929"}],"version-history":[{"count":1,"href":"https:\/\/radiorevelacionfm.cl\/index.php?rest_route=\/wp\/v2\/posts\/33929\/revisions"}],"predecessor-version":[{"id":33931,"href":"https:\/\/radiorevelacionfm.cl\/index.php?rest_route=\/wp\/v2\/posts\/33929\/revisions\/33931"}],"wp:featuredmedia":[{"embeddable":true,"href":"https:\/\/radiorevelacionfm.cl\/index.php?rest_route=\/wp\/v2\/media\/33930"}],"wp:attachment":[{"href":"https:\/\/radiorevelacionfm.cl\/index.php?rest_route=%2Fwp%2Fv2%2Fmedia&parent=33929"}],"wp:term":[{"taxonomy":"category","embeddable":true,"href":"https:\/\/radiorevelacionfm.cl\/index.php?rest_route=%2Fwp%2Fv2%2Fcategories&post=33929"},{"taxonomy":"post_tag","embeddable":true,"href":"https:\/\/radiorevelacionfm.cl\/index.php?rest_route=%2Fwp%2Fv2%2Ftags&post=33929"}],"curies":[{"name":"wp","href":"https:\/\/api.w.org\/{rel}","templated":true}]}}