{"id":33926,"date":"2023-08-16T11:18:38","date_gmt":"2023-08-16T14:18:38","guid":{"rendered":"https:\/\/radiorevelacionfm.cl\/?p=33926"},"modified":"2023-08-16T11:18:38","modified_gmt":"2023-08-16T14:18:38","slug":"isl-inicia-campana-bajo-cero-que-previene-ante-exposicion-a-bajas-temperaturas","status":"publish","type":"post","link":"https:\/\/radiorevelacionfm.cl\/?p=33926","title":{"rendered":"ISL inicia campa\u00f1a \u00abBajo Cero\u00bb que previene ante exposici\u00f3n a bajas temperaturas"},"content":{"rendered":"<div class=\"flex_column av_one_full  flex_column_div av-zero-column-padding first  avia-builder-el-0  el_before_av_one_full  avia-builder-el-first  \" style='border-radius:0px; '><div  class='avia-image-container  av-styling-    avia-builder-el-1  avia-builder-el-no-sibling  avia-align-center '  itemprop=\"image\" itemscope=\"itemscope\" itemtype=\"https:\/\/schema.org\/ImageObject\"  ><div class='avia-image-container-inner'><div class='avia-image-overlay-wrap'><img decoding=\"async\" class='wp-image-33927 avia-img-lazy-loading-not-33927 avia_image' src=\"https:\/\/radiorevelacionfm.cl\/wp-content\/uploads\/2023\/08\/bajocero_isl-16-1_optimized.jpg\" alt='' title='bajocero_isl-(16)-(1)_optimized' height=\"600\" width=\"800\"  itemprop=\"thumbnailUrl\" srcset=\"https:\/\/radiorevelacionfm.cl\/wp-content\/uploads\/2023\/08\/bajocero_isl-16-1_optimized.jpg 800w, https:\/\/radiorevelacionfm.cl\/wp-content\/uploads\/2023\/08\/bajocero_isl-16-1_optimized-300x225.jpg 300w, https:\/\/radiorevelacionfm.cl\/wp-content\/uploads\/2023\/08\/bajocero_isl-16-1_optimized-768x576.jpg 768w, https:\/\/radiorevelacionfm.cl\/wp-content\/uploads\/2023\/08\/bajocero_isl-16-1_optimized-705x529.jpg 705w, https:\/\/radiorevelacionfm.cl\/wp-content\/uploads\/2023\/08\/bajocero_isl-16-1_optimized-450x338.jpg 450w, https:\/\/radiorevelacionfm.cl\/wp-content\/uploads\/2023\/08\/bajocero_isl-16-1_optimized-600x450.jpg 600w\" sizes=\"(max-width: 800px) 100vw, 800px\" \/><\/div><\/div><\/div><\/div><div class=\"flex_column av_one_full  flex_column_div av-zero-column-padding first  avia-builder-el-2  el_after_av_one_full  el_before_av_one_full  column-top-margin\" style='border-radius:0px; '><section class=\"av_textblock_section \"  itemscope=\"itemscope\" itemtype=\"https:\/\/schema.org\/BlogPosting\" itemprop=\"blogPost\" ><div class='avia_textblock  '   itemprop=\"text\" ><p class=\"v1MsoNormal\" align=\"center\"><span style=\"font-size: 18pt;\"><b><span lang=\"es\">ISL inicia campa\u00f1a \u00abBajo Cero\u00bb que previene ante exposici\u00f3n a bajas temperaturas<\/span><\/b><\/span><\/p>\n<p class=\"v1MsoNormal\" align=\"center\"><span lang=\"es\">\u00a0<\/span><\/p>\n<div id=\"gtx-trans\" style=\"position: absolute; left: -50px; top: 4.31534px;\">\n<div class=\"gtx-trans-icon\"><\/div>\n<\/div>\n<\/div><\/section><\/div><div class=\"flex_column av_one_full  flex_column_div av-zero-column-padding first  avia-builder-el-4  el_after_av_one_full  el_before_av_hr  column-top-margin\" style='border-radius:0px; '><section class=\"av_textblock_section \"  itemscope=\"itemscope\" itemtype=\"https:\/\/schema.org\/BlogPosting\" itemprop=\"blogPost\" ><div class='avia_textblock  '   itemprop=\"text\" ><div>\n<p class=\"v1MsoNormal\" style=\"text-align: justify;\"><span lang=\"es\">Evitar lesiones y enfermedades debido al fr\u00edo extremo, o saber atender esos casos, es una de las principales preocupaciones cuando se trata del bienestar de los trabajadores y trabajadoras de zonas con clima adverso. En casos extremos, la exposici\u00f3n a bajas temperaturas puede generar: hipotermia, congelamiento o situaciones de riesgo de accidente laboral. Por ello, el Instituto de Seguridad Laboral (ISL) inicia en agosto su Campa\u00f1a de Seguridad y Prevenci\u00f3n \u00abBajo Cero\u00bb.<\/span><\/p>\n<p class=\"v1MsoNormal\" style=\"text-align: justify;\"><span lang=\"es\">El ISL, como administrador del Seguro Social contra Riesgos de Accidentes del Trabajo y Enfermedades Laborales, en su rol de preventivo, genera esta campa\u00f1a para identificar los factores de riesgos que inciden y forman parte de las causas de los accidentes laborales que se producen principalmente en las regiones m\u00e1s australes del pa\u00eds, como lo son Los Lagos, Ays\u00e9n y Magallanes, las cuales presentan fr\u00edos extremos a causa del desplazamiento de glaciares y la acci\u00f3n del viento que han moldeado parte de la superficie de las zonas.<\/span><\/p>\n<p class=\"v1MsoNormal\" style=\"text-align: justify;\"><span lang=\"es\">El estr\u00e9s t\u00e9rmico, la hipotermia y el congelamiento son los principales riesgos a los que se exponen las y los trabajadores que desempe\u00f1an sus actividades a la intemperie. Pisos mojados y resbaladizos tambi\u00e9n son algunas de las condiciones que pueden incidir en la generaci\u00f3n de un accidente laboral, para lo cual se advierte que es necesario usar los equipos adecuados para estar protegidos durante los meses de invierno.<\/span><\/p>\n<p class=\"v1MsoNormal\" style=\"text-align: justify;\"><span lang=\"es\">La Campa\u00f1a \u00abBajo Cero\u00bb se llevar\u00e1 a cabo en todas las empresas adheridas, faenas o instalaciones de estas tres regiones y se enfocar\u00e1 en aquellas que desarrollen sus operaciones al aire libre, con una exposici\u00f3n igual o menor a 10\u00b0, que se agravan por la lluvia y corrientes de aire.<\/span><\/p>\n<p class=\"v1MsoNormal\" style=\"text-align: justify;\"><span lang=\"es\">En su b\u00fasqueda por contribuir activamente a avanzar hacia una cultura de prevenci\u00f3n de riesgos en las y los trabajadores, tanto dependientes como independientes, el ISL, por medio de su Departamento de Prevenci\u00f3n de Riesgos Laborales, se preocupa de los efectos sobre la salud que puede causar la exposici\u00f3n a ambientes fr\u00edos seg\u00fan sus niveles de gravedad que, en casos extremos, pueden poner en riesgo la vida de quienes realizan funciones en esas condiciones.<\/span><\/p>\n<p class=\"v1MsoNormal\" style=\"text-align: justify;\"><span lang=\"es\">La campa\u00f1a de este a\u00f1o fue presentada por la Direcci\u00f3n Regional del ISL en Ays\u00e9n, el Departamento de Prevenci\u00f3n de Riesgos Laborales del ISL y el Seremi(s) del Trabajo en la Regi\u00f3n de Ays\u00e9n, donde se incluyeron visitas a empresas, capacitaciones y la entrega de elementos de protecci\u00f3n para quienes trabajan en zonas de fr\u00edo extremo. Camila Vergara, jefa del departamento de Prevenci\u00f3n de Riesgos Laborales del Instituto de Seguridad Laboral, explic\u00f3 que: \u00abesta campa\u00f1a habla sobre los riesgos territoriales y por lo tanto nos hacemos cargo como organismo administrador del Seguro contra Accidentes y Enfermedades Laborales, de avanzar en ambientes de trabajo sanos y saludables\u00bb.<\/span><\/p>\n<p class=\"v1MsoNormal\" style=\"text-align: justify;\"><span lang=\"es\">La actividad se desarroll\u00f3 en diversas empresas adheridas de la ciudad de Coyhaique: \u00abporque es una iniciativa que emerge de esta regi\u00f3n desde el equipo de Prevenci\u00f3n y de la Direcci\u00f3n regional. As\u00ed es que hoy estamos visitando a las empresas, sobre todo aquellas que tienen trabajadores expuestos al fr\u00edo, porque sabemos que en la regi\u00f3n de Ays\u00e9n el fr\u00edo es una de las adversidades que conlleva a riesgos para nuestros trabajadores y nuestra misi\u00f3n como Instituto de Seguridad Laboral es mejorar las condiciones de seguridad y salud de nuestros trabajadores\u00bb, explic\u00f3 la Directora regional ISL Ays\u00e9n, Claudia Vald\u00e9s. \u00a0<\/span><\/p>\n<p class=\"v1MsoNormal\" style=\"text-align: justify;\"><span lang=\"es\">Por su parte, el Seremi(s) de Trabajo y Previsi\u00f3n Social, Christian Aros, quien adem\u00e1s es director regional de la Direcci\u00f3n del Trabajo, agreg\u00f3 que espera que la visita a las empresas y \u00abtodas las medidas que el ISL ha podido entregarle a los trabajadores y due\u00f1os de las empresas, puedan servir para prevenir accidentes. Estamos muy contentos y muy orgullosos de este plan Bajo Cero que estamos organizando en nuestra regi\u00f3n para las tres regiones de la Patagonia\u00bb.<\/span><\/p>\n<p class=\"v1MsoNormal\" style=\"text-align: justify;\"><span lang=\"es\">Durante la jornada en la ciudad de Coyhaique, las autoridades realizaron una serie de visitas a las empresas adheridas con trabajadores que realicen sus labores en condiciones expuestas a bajas temperaturas, entre las que se encuentran la Constructora Camila Vargas Antisoly, Constructora Santa Eduarda en la cuesta Queulat y Servicios Sanitarios Rurales como Agua Potable Rural Ma\u00f1ihuales y Amengual. Una de ellas tambi\u00e9n fue el Taller Automotriz Gonz\u00e1lez en Cerro Negro, donde sus trabajadores se\u00f1alan que su principal problema en invierno es la escarcha y la nieve, por lo cual, Carlos Gonz\u00e1lez, due\u00f1o del Taller considera que \u00abes s\u00faper importante (la campa\u00f1a) porque ac\u00e1 en la regi\u00f3n el clima es muy adverso, por lo que, es bueno que vengan y fomentar estos temas\u00bb.<\/span><\/p>\n<p class=\"v1MsoNormal\" style=\"text-align: justify;\"><span lang=\"es\">Entre las recomendaciones que entregan los profesionales del Departamento de Prevenci\u00f3n de Riesgos Laborales del ISL en el marco de la campa\u00f1a \u00abBajo Cero\u00bb, figuran las siguientes:<\/span><\/p>\n<p style=\"text-align: justify;\"><span lang=\"es\">\u00b7\u00a0\u00a0\u00a0\u00a0\u00a0\u00a0\u00a0<\/span><b><span lang=\"es\">Ropa apropiada:<\/span><\/b><\/p>\n<p style=\"text-align: justify;\"><span lang=\"es\">o\u00a0\u00a0\u00a0<\/span><span lang=\"es\">Llevar varias capas de ropa ligera.<b><\/b><\/span><\/p>\n<p style=\"text-align: justify;\"><span lang=\"es\">o\u00a0\u00a0\u00a0<\/span><span lang=\"es\">Seg\u00fan necesidad, agregar o quitar prendas.<b><\/b><\/span><\/p>\n<p style=\"text-align: justify;\"><span lang=\"es\">o\u00a0\u00a0\u00a0<\/span><span lang=\"es\">Utilizar capas externas resistentes al viento.<b><\/b><\/span><\/p>\n<p style=\"text-align: justify;\"><span lang=\"es\">o\u00a0\u00a0\u00a0<\/span><span lang=\"es\">Usar sombrero o capuch\u00f3n Balaclava.<\/span><\/p>\n<p style=\"text-align: justify;\"><span lang=\"es\">\u00b7\u00a0\u00a0\u00a0\u00a0\u00a0\u00a0\u00a0<\/span><b><span lang=\"es\">Nutrici\u00f3n:<\/span><\/b><\/p>\n<p style=\"text-align: justify;\"><span lang=\"es\">o\u00a0\u00a0\u00a0<\/span><span lang=\"es\">Seguir dietas equilibradas.\u00a0<\/span><\/p>\n<p style=\"text-align: justify;\"><span lang=\"es\">o\u00a0\u00a0\u00a0<\/span><span lang=\"es\">Tomar raciones regulares durante el d\u00eda.<\/span><\/p>\n<p style=\"text-align: justify;\"><span lang=\"es\">o\u00a0\u00a0\u00a0<\/span><span lang=\"es\">Aportar energ\u00eda extra para la producci\u00f3n de calor.<\/span><\/p>\n<p style=\"text-align: justify;\"><span lang=\"es\">\u00b7\u00a0\u00a0\u00a0\u00a0\u00a0\u00a0\u00a0<\/span><b><span lang=\"es\">Estado f\u00edsico y Actividad:<\/span><\/b><\/p>\n<p style=\"text-align: justify;\"><span lang=\"es\">o\u00a0\u00a0\u00a0<\/span><span lang=\"es\">Mantener un buen estado f\u00edsico de salud, estableciendo periodos de descanso necesario.<\/span><\/p>\n<p style=\"text-align: justify;\"><span lang=\"es\">o\u00a0\u00a0\u00a0<\/span><span lang=\"es\">Los movimientos son ben\u00e9ficos en ambientes fr\u00edos, el uso de la musculatura corporal mantiene la producci\u00f3n de calor.<\/span><\/p>\n<p style=\"text-align: justify;\"><span lang=\"es\">\u00b7\u00a0\u00a0\u00a0\u00a0\u00a0\u00a0\u00a0<\/span><b><span lang=\"es\">Refugios:<\/span><\/b><\/p>\n<p style=\"text-align: justify;\"><span lang=\"es\">o\u00a0\u00a0\u00a0<\/span><span lang=\"es\">En zonas de mucho viento, habilitar barreras y refugios para protecci\u00f3n, ya sean naturales o artificiales que minimicen las p\u00e9rdidas de calor por convecci\u00f3n.<\/span><\/p>\n<p style=\"text-align: justify;\"><span lang=\"es\">\u00b7\u00a0\u00a0\u00a0\u00a0\u00a0\u00a0\u00a0<\/span><b><span lang=\"es\">Programaci\u00f3n de trabajos:<\/span><\/b><\/p>\n<p style=\"text-align: justify;\"><span lang=\"es\">o\u00a0\u00a0\u00a0<\/span><span lang=\"es\">Reducir los periodos de exposici\u00f3n continuos. Las pausas de descanso se deben tomar en lugares tibios que cumplan con las condiciones m\u00ednimas de confort.\u00a0\u00a0<b><\/b><\/span><\/p>\n<p style=\"text-align: justify;\"><span lang=\"es\">o\u00a0\u00a0\u00a0<\/span><span lang=\"es\">Evitar la existencia de trabajos est\u00e1ticos en lugares donde existe el peligro por exposici\u00f3n al fr\u00edo, de esta manera evitaremos lesiones como: irritaci\u00f3n, enrojecimiento, inflamaci\u00f3n y, en casos severos, ulceraci\u00f3n de la piel, principalmente en mejillas, orejas y dedos, tanto en extremidades superiores como inferiores, en el caso del entumecimiento de pies.<\/span><\/p>\n<p style=\"text-align: justify;\"><span lang=\"es\">\u00b7\u00a0\u00a0\u00a0\u00a0\u00a0\u00a0\u00a0<\/span><b><span lang=\"es\">Educaci\u00f3n:<\/span><\/b><\/p>\n<p style=\"text-align: justify;\"><span lang=\"es\">o\u00a0\u00a0\u00a0<\/span><span lang=\"es\">De acuerdo a lo establecido en el D.S. N\u00b040, Art. 21, se debe instruir al personal respecto a los riesgos asociados a la exposici\u00f3n a fr\u00edo.<b><\/b><\/span><\/p>\n<p style=\"text-align: justify;\"><span lang=\"es\">o\u00a0\u00a0\u00a0<\/span><span lang=\"es\">Capacitar a los trabajadores para reconocer los s\u00edntomas de hipotermia.<b><\/b><\/span><\/p>\n<p style=\"text-align: justify;\"><span lang=\"es\">o\u00a0\u00a0\u00a0<\/span><span lang=\"es\">Ense\u00f1ar medidas adecuadas de primeros<b><\/b><\/span><\/p>\n<p style=\"text-align: justify;\"><b><span lang=\"es\">\u00a0<\/span><\/b><\/p>\n<\/div>\n<div style=\"text-align: justify;\"><\/div>\n<\/div><\/section><\/div><div  style='height:50px' class='hr hr-invisible   avia-builder-el-6  el_after_av_one_full  el_before_av_social_share '><span class='hr-inner ' ><span class='hr-inner-style'><\/span><\/span><\/div><\/p>\n<div  class='av-social-sharing-box  avia-builder-el-7  el_after_av_hr  el_before_av_hr  '><div class='av-share-box'><h5 class='av-share-link-description av-no-toc '>Compartir esta noticia<\/h5><ul class='av-share-box-list noLightbox'><li class='av-share-link av-social-link-facebook' ><a target=\"_blank\" aria-label=\"Compartir en Facebook\" href='https:\/\/www.facebook.com\/sharer.php?u=https:\/\/radiorevelacionfm.cl\/?p=33926&#038;t=ISL%20inicia%20campa%C3%B1a%20%C2%ABBajo%20Cero%C2%BB%20que%20previene%20ante%20exposici%C3%B3n%20a%20bajas%20temperaturas' aria-hidden='false' data-av_icon='\ue8f3' data-av_iconfont='entypo-fontello' title='' data-avia-related-tooltip='Compartir en Facebook' rel=\"noopener\"><span class='avia_hidden_link_text'>Compartir en Facebook<\/span><\/a><\/li><li class='av-share-link av-social-link-twitter' ><a target=\"_blank\" aria-label=\"Compartir en Twitter\" href='https:\/\/twitter.com\/share?text=ISL%20inicia%20campa%C3%B1a%20%C2%ABBajo%20Cero%C2%BB%20que%20previene%20ante%20exposici%C3%B3n%20a%20bajas%20temperaturas&#038;url=https:\/\/radiorevelacionfm.cl\/?p=33926' aria-hidden='false' data-av_icon='\ue8f1' data-av_iconfont='entypo-fontello' title='' data-avia-related-tooltip='Compartir en Twitter' rel=\"noopener\"><span class='avia_hidden_link_text'>Compartir en Twitter<\/span><\/a><\/li><li class='av-share-link av-social-link-whatsapp' ><a target=\"_blank\" aria-label=\"Compartir en Whatsapp\" href='https:\/\/api.whatsapp.com\/send?text=https:\/\/radiorevelacionfm.cl\/?p=33926' aria-hidden='false' data-av_icon='\uf232' data-av_iconfont='entypo-fontello' title='' data-avia-related-tooltip='Compartir en Whatsapp' rel=\"noopener\"><span class='avia_hidden_link_text'>Compartir en Whatsapp<\/span><\/a><\/li><li class='av-share-link av-social-link-linkedin' ><a target=\"_blank\" aria-label=\"Compartir en LinkedIn\" href='https:\/\/linkedin.com\/shareArticle?mini=true&#038;title=ISL%20inicia%20campa%C3%B1a%20%C2%ABBajo%20Cero%C2%BB%20que%20previene%20ante%20exposici%C3%B3n%20a%20bajas%20temperaturas&#038;url=https:\/\/radiorevelacionfm.cl\/?p=33926' aria-hidden='false' data-av_icon='\ue8fc' data-av_iconfont='entypo-fontello' title='' data-avia-related-tooltip='Compartir en LinkedIn' rel=\"noopener\"><span class='avia_hidden_link_text'>Compartir en LinkedIn<\/span><\/a><\/li><li class='av-share-link av-social-link-mail' ><a  aria-label=\"Compartir por correo\" href='mailto:?subject=ISL%20inicia%20campa%C3%B1a%20%C2%ABBajo%20Cero%C2%BB%20que%20previene%20ante%20exposici%C3%B3n%20a%20bajas%20temperaturas&#038;body=https:\/\/radiorevelacionfm.cl\/?p=33926' aria-hidden='false' data-av_icon='\ue805' data-av_iconfont='entypo-fontello' title='' data-avia-related-tooltip='Compartir por correo'><span class='avia_hidden_link_text'>Compartir por correo<\/span><\/a><\/li><\/ul><\/div><\/div>\n<div  style='height:50px' class='hr hr-invisible   avia-builder-el-8  el_after_av_social_share  el_before_av_comments_list '><span class='hr-inner ' ><span class='hr-inner-style'><\/span><\/span><\/div>\n<div  class='av-buildercomment  av-blog-meta-html-info-disabled av-blog-meta-tag-disabled  '><\/div>\n","protected":false},"excerpt":{"rendered":"","protected":false},"author":1,"featured_media":33927,"comment_status":"open","ping_status":"open","sticky":false,"template":"","format":"standard","meta":{"footnotes":""},"categories":[56],"tags":[],"class_list":["post-33926","post","type-post","status-publish","format-standard","has-post-thumbnail","hentry","category-trabajo"],"jetpack_featured_media_url":"https:\/\/radiorevelacionfm.cl\/wp-content\/uploads\/2023\/08\/bajocero_isl-16-1_optimized.jpg","_links":{"self":[{"href":"https:\/\/radiorevelacionfm.cl\/index.php?rest_route=\/wp\/v2\/posts\/33926","targetHints":{"allow":["GET"]}}],"collection":[{"href":"https:\/\/radiorevelacionfm.cl\/index.php?rest_route=\/wp\/v2\/posts"}],"about":[{"href":"https:\/\/radiorevelacionfm.cl\/index.php?rest_route=\/wp\/v2\/types\/post"}],"author":[{"embeddable":true,"href":"https:\/\/radiorevelacionfm.cl\/index.php?rest_route=\/wp\/v2\/users\/1"}],"replies":[{"embeddable":true,"href":"https:\/\/radiorevelacionfm.cl\/index.php?rest_route=%2Fwp%2Fv2%2Fcomments&post=33926"}],"version-history":[{"count":1,"href":"https:\/\/radiorevelacionfm.cl\/index.php?rest_route=\/wp\/v2\/posts\/33926\/revisions"}],"predecessor-version":[{"id":33928,"href":"https:\/\/radiorevelacionfm.cl\/index.php?rest_route=\/wp\/v2\/posts\/33926\/revisions\/33928"}],"wp:featuredmedia":[{"embeddable":true,"href":"https:\/\/radiorevelacionfm.cl\/index.php?rest_route=\/wp\/v2\/media\/33927"}],"wp:attachment":[{"href":"https:\/\/radiorevelacionfm.cl\/index.php?rest_route=%2Fwp%2Fv2%2Fmedia&parent=33926"}],"wp:term":[{"taxonomy":"category","embeddable":true,"href":"https:\/\/radiorevelacionfm.cl\/index.php?rest_route=%2Fwp%2Fv2%2Fcategories&post=33926"},{"taxonomy":"post_tag","embeddable":true,"href":"https:\/\/radiorevelacionfm.cl\/index.php?rest_route=%2Fwp%2Fv2%2Ftags&post=33926"}],"curies":[{"name":"wp","href":"https:\/\/api.w.org\/{rel}","templated":true}]}}