{"id":33923,"date":"2023-08-15T20:17:14","date_gmt":"2023-08-15T23:17:14","guid":{"rendered":"https:\/\/radiorevelacionfm.cl\/?p=33923"},"modified":"2023-08-15T20:17:14","modified_gmt":"2023-08-15T23:17:14","slug":"con-miras-a-los-parapanamericanos-de-santiago-estrella-nacional-del-para-tenis-de-mesa-viaja-a-entrenar-en-alemania","status":"publish","type":"post","link":"https:\/\/radiorevelacionfm.cl\/?p=33923","title":{"rendered":"Con miras a los Parapanamericanos de Santiago: Estrella nacional del para-tenis de mesa viaja a entrenar en Alemania"},"content":{"rendered":"<div class=\"flex_column av_one_full  flex_column_div av-zero-column-padding first  avia-builder-el-0  el_before_av_one_full  avia-builder-el-first  \" style='border-radius:0px; '><div  class='avia-image-container  av-styling-    avia-builder-el-1  avia-builder-el-no-sibling  avia-align-center '  itemprop=\"image\" itemscope=\"itemscope\" itemtype=\"https:\/\/schema.org\/ImageObject\"  ><div class='avia-image-container-inner'><div class='avia-image-overlay-wrap'><img decoding=\"async\" class='wp-image-33924 avia-img-lazy-loading-not-33924 avia_image' src=\"https:\/\/radiorevelacionfm.cl\/wp-content\/uploads\/2023\/08\/tm-4_optimized.jpeg\" alt='' title='tm-4_optimized' height=\"658\" width=\"844\"  itemprop=\"thumbnailUrl\" srcset=\"https:\/\/radiorevelacionfm.cl\/wp-content\/uploads\/2023\/08\/tm-4_optimized.jpeg 844w, https:\/\/radiorevelacionfm.cl\/wp-content\/uploads\/2023\/08\/tm-4_optimized-300x234.jpeg 300w, https:\/\/radiorevelacionfm.cl\/wp-content\/uploads\/2023\/08\/tm-4_optimized-768x599.jpeg 768w, https:\/\/radiorevelacionfm.cl\/wp-content\/uploads\/2023\/08\/tm-4_optimized-705x550.jpeg 705w, https:\/\/radiorevelacionfm.cl\/wp-content\/uploads\/2023\/08\/tm-4_optimized-450x351.jpeg 450w, https:\/\/radiorevelacionfm.cl\/wp-content\/uploads\/2023\/08\/tm-4_optimized-600x468.jpeg 600w\" sizes=\"(max-width: 844px) 100vw, 844px\" \/><\/div><\/div><\/div><\/div><div class=\"flex_column av_one_full  flex_column_div av-zero-column-padding first  avia-builder-el-2  el_after_av_one_full  el_before_av_one_full  column-top-margin\" style='border-radius:0px; '><section class=\"av_textblock_section \"  itemscope=\"itemscope\" itemtype=\"https:\/\/schema.org\/BlogPosting\" itemprop=\"blogPost\" ><div class='avia_textblock  '   itemprop=\"text\" ><p style=\"text-align: center;\"><strong><span style=\"font-size: 18pt;\">Con miras a los Parapanamericanos de Santiago: Estrella nacional del para-tenis de mesa viaja a entrenar en Alemania<\/span><\/strong><\/p>\n<div id=\"gtx-trans\" style=\"position: absolute; left: -50px; top: 4.31534px;\">\n<div class=\"gtx-trans-icon\"><\/div>\n<\/div>\n<\/div><\/section><\/div><div class=\"flex_column av_one_full  flex_column_div av-zero-column-padding first  avia-builder-el-4  el_after_av_one_full  el_before_av_hr  column-top-margin\" style='border-radius:0px; '><section class=\"av_textblock_section \"  itemscope=\"itemscope\" itemtype=\"https:\/\/schema.org\/BlogPosting\" itemprop=\"blogPost\" ><div class='avia_textblock  '   itemprop=\"text\" ><p dir=\"ltr\" style=\"text-align: justify;\">El seleccionado nacional de para-tenis de mesa, Manuel Echaveguren, lleg\u00f3 hasta el Gobierno Regional de Ays\u00e9n para compartir y mostrar sus habilidades a los funcionarios y funcionarias antes de viajar a Alemania en el mes de septiembre, donde entrenar\u00e1 para competir por la presea dorada en los Juegos Parapanamericanos de Santiago 2023.<\/p>\n<p dir=\"ltr\" style=\"text-align: justify;\">El joven coyhaiquino, quien hoy es n\u00famero 9 del mundo en su disciplina, agradeci\u00f3 al Gobierno Regional y a la administraci\u00f3n de la Gobernadora Andrea Mac\u00edas Palma por el apoyo y el financiamiento del 8% del Fondo Nacional de Desarrollo Regional (FNDR), que le permitir\u00e1 prepararse en Europa para la gran cita deportiva que tendr\u00e1 lugar en nuestro pa\u00eds este a\u00f1o.<\/p>\n<p dir=\"ltr\" style=\"text-align: justify;\">\u00abEl 8% ha sido s\u00faper importante para m\u00ed en los \u00faltimos cinco a\u00f1os, ya que con esto he podido prepararme en el extranjero, teniendo el mejor roce deportivo, entrenando con los mejores jugadores de Europa, jugando liga profesional all\u00e1, y que haya obtenido el financiamiento para este semestre, para irme de nuevo a entrenar a Alemania es muy importante para m\u00ed, para estar enfocado y buscar el oro en los Juegos Parapanamericanos de Santiago\u00bb, recalc\u00f3 Echaveguren.<\/p>\n<p dir=\"ltr\" style=\"text-align: justify;\">El atleta paral\u00edmpico, quien viene de ganar una medalla de oro en singles y dos medallas \u2014de plata y de bronce\u2014 en el evento de dobles del Abierto de Estados Unidos,\u00a0 participar\u00e1 tambi\u00e9n durante estos meses en campeonatos en Finlandia y en Buenos Aires, donde buscar\u00e1 seguir sumando puntos para continuar avanzando en el ranking mundial.<\/p>\n<p dir=\"ltr\" style=\"text-align: justify;\">\u00abEs un orgullo para la regi\u00f3n y, por supuesto, un ejemplo a seguir para todos los deportistas que hoy est\u00e1n con ganas de hacer cosas, que tienen el talento, nos indica que cuando se quiere, cuando se buscan los apoyos, se puede. Se puede salir de esta regi\u00f3n tambi\u00e9n, que estamos nosotros tan aislados, tan dif\u00edcil de repente que se ve todo, pero es posible y aqu\u00ed tenemos el claro ejemplo de un joven coyhaiquino que ha podido hacer historia en el mundo en su disciplina, que es el tenis de mesa\u00bb, se\u00f1al\u00f3 la jefa de la Divisi\u00f3n de Desarrollo Social y Humano del Gobierno Regional, Claudia Cantero.<\/p>\n<\/div><\/section><\/div><div  style='height:50px' class='hr hr-invisible   avia-builder-el-6  el_after_av_one_full  el_before_av_social_share '><span class='hr-inner ' ><span class='hr-inner-style'><\/span><\/span><\/div><\/p>\n<div  class='av-social-sharing-box  avia-builder-el-7  el_after_av_hr  el_before_av_hr  '><div class='av-share-box'><h5 class='av-share-link-description av-no-toc '>Compartir esta noticia<\/h5><ul class='av-share-box-list noLightbox'><li class='av-share-link av-social-link-facebook' ><a target=\"_blank\" aria-label=\"Compartir en Facebook\" href='https:\/\/www.facebook.com\/sharer.php?u=https:\/\/radiorevelacionfm.cl\/?p=33923&#038;t=Con%20miras%20a%20los%20Parapanamericanos%20de%20Santiago%3A%20Estrella%20nacional%20del%20para-tenis%20de%20mesa%20viaja%20a%20entrenar%20en%20Alemania' aria-hidden='false' data-av_icon='\ue8f3' data-av_iconfont='entypo-fontello' title='' data-avia-related-tooltip='Compartir en Facebook' rel=\"noopener\"><span class='avia_hidden_link_text'>Compartir en Facebook<\/span><\/a><\/li><li class='av-share-link av-social-link-twitter' ><a target=\"_blank\" aria-label=\"Compartir en Twitter\" href='https:\/\/twitter.com\/share?text=Con%20miras%20a%20los%20Parapanamericanos%20de%20Santiago%3A%20Estrella%20nacional%20del%20para-tenis%20de%20mesa%20viaja%20a%20entrenar%20en%20Alemania&#038;url=https:\/\/radiorevelacionfm.cl\/?p=33923' aria-hidden='false' data-av_icon='\ue8f1' data-av_iconfont='entypo-fontello' title='' data-avia-related-tooltip='Compartir en Twitter' rel=\"noopener\"><span class='avia_hidden_link_text'>Compartir en Twitter<\/span><\/a><\/li><li class='av-share-link av-social-link-whatsapp' ><a target=\"_blank\" aria-label=\"Compartir en Whatsapp\" href='https:\/\/api.whatsapp.com\/send?text=https:\/\/radiorevelacionfm.cl\/?p=33923' aria-hidden='false' data-av_icon='\uf232' data-av_iconfont='entypo-fontello' title='' data-avia-related-tooltip='Compartir en Whatsapp' rel=\"noopener\"><span class='avia_hidden_link_text'>Compartir en Whatsapp<\/span><\/a><\/li><li class='av-share-link av-social-link-linkedin' ><a target=\"_blank\" aria-label=\"Compartir en LinkedIn\" href='https:\/\/linkedin.com\/shareArticle?mini=true&#038;title=Con%20miras%20a%20los%20Parapanamericanos%20de%20Santiago%3A%20Estrella%20nacional%20del%20para-tenis%20de%20mesa%20viaja%20a%20entrenar%20en%20Alemania&#038;url=https:\/\/radiorevelacionfm.cl\/?p=33923' aria-hidden='false' data-av_icon='\ue8fc' data-av_iconfont='entypo-fontello' title='' data-avia-related-tooltip='Compartir en LinkedIn' rel=\"noopener\"><span class='avia_hidden_link_text'>Compartir en LinkedIn<\/span><\/a><\/li><li class='av-share-link av-social-link-mail' ><a  aria-label=\"Compartir por correo\" href='mailto:?subject=Con%20miras%20a%20los%20Parapanamericanos%20de%20Santiago%3A%20Estrella%20nacional%20del%20para-tenis%20de%20mesa%20viaja%20a%20entrenar%20en%20Alemania&#038;body=https:\/\/radiorevelacionfm.cl\/?p=33923' aria-hidden='false' data-av_icon='\ue805' data-av_iconfont='entypo-fontello' title='' data-avia-related-tooltip='Compartir por correo'><span class='avia_hidden_link_text'>Compartir por correo<\/span><\/a><\/li><\/ul><\/div><\/div>\n<div  style='height:50px' class='hr hr-invisible   avia-builder-el-8  el_after_av_social_share  el_before_av_comments_list '><span class='hr-inner ' ><span class='hr-inner-style'><\/span><\/span><\/div>\n<div  class='av-buildercomment  av-blog-meta-html-info-disabled av-blog-meta-tag-disabled  '><\/div>\n","protected":false},"excerpt":{"rendered":"","protected":false},"author":1,"featured_media":33924,"comment_status":"open","ping_status":"open","sticky":false,"template":"","format":"standard","meta":{"footnotes":""},"categories":[40],"tags":[],"class_list":["post-33923","post","type-post","status-publish","format-standard","has-post-thumbnail","hentry","category-deportes"],"jetpack_featured_media_url":"https:\/\/radiorevelacionfm.cl\/wp-content\/uploads\/2023\/08\/tm-4_optimized.jpeg","_links":{"self":[{"href":"https:\/\/radiorevelacionfm.cl\/index.php?rest_route=\/wp\/v2\/posts\/33923","targetHints":{"allow":["GET"]}}],"collection":[{"href":"https:\/\/radiorevelacionfm.cl\/index.php?rest_route=\/wp\/v2\/posts"}],"about":[{"href":"https:\/\/radiorevelacionfm.cl\/index.php?rest_route=\/wp\/v2\/types\/post"}],"author":[{"embeddable":true,"href":"https:\/\/radiorevelacionfm.cl\/index.php?rest_route=\/wp\/v2\/users\/1"}],"replies":[{"embeddable":true,"href":"https:\/\/radiorevelacionfm.cl\/index.php?rest_route=%2Fwp%2Fv2%2Fcomments&post=33923"}],"version-history":[{"count":1,"href":"https:\/\/radiorevelacionfm.cl\/index.php?rest_route=\/wp\/v2\/posts\/33923\/revisions"}],"predecessor-version":[{"id":33925,"href":"https:\/\/radiorevelacionfm.cl\/index.php?rest_route=\/wp\/v2\/posts\/33923\/revisions\/33925"}],"wp:featuredmedia":[{"embeddable":true,"href":"https:\/\/radiorevelacionfm.cl\/index.php?rest_route=\/wp\/v2\/media\/33924"}],"wp:attachment":[{"href":"https:\/\/radiorevelacionfm.cl\/index.php?rest_route=%2Fwp%2Fv2%2Fmedia&parent=33923"}],"wp:term":[{"taxonomy":"category","embeddable":true,"href":"https:\/\/radiorevelacionfm.cl\/index.php?rest_route=%2Fwp%2Fv2%2Fcategories&post=33923"},{"taxonomy":"post_tag","embeddable":true,"href":"https:\/\/radiorevelacionfm.cl\/index.php?rest_route=%2Fwp%2Fv2%2Ftags&post=33923"}],"curies":[{"name":"wp","href":"https:\/\/api.w.org\/{rel}","templated":true}]}}