{"id":33918,"date":"2023-08-15T20:40:32","date_gmt":"2023-08-15T23:40:32","guid":{"rendered":"https:\/\/radiorevelacionfm.cl\/?p=33918"},"modified":"2023-08-15T20:40:32","modified_gmt":"2023-08-15T23:40:32","slug":"destacan-pacto-fiscal-que-incluye-nuevas-medidas-para-pymes-ruta-del-emprendimiento-y-monotributo","status":"publish","type":"post","link":"https:\/\/radiorevelacionfm.cl\/?p=33918","title":{"rendered":"Destacan Pacto Fiscal que incluye nuevas medidas para Pymes: ruta del emprendimiento y monotributo"},"content":{"rendered":"<div class=\"flex_column av_one_full  flex_column_div av-zero-column-padding first  avia-builder-el-0  el_before_av_one_full  avia-builder-el-first  \" style='border-radius:0px; '><div  class='avia-image-container  av-styling-    avia-builder-el-1  avia-builder-el-no-sibling  avia-align-center '  itemprop=\"image\" itemscope=\"itemscope\" itemtype=\"https:\/\/schema.org\/ImageObject\"  ><div class='avia-image-container-inner'><div class='avia-image-overlay-wrap'><img decoding=\"async\" class='wp-image-33919 avia-img-lazy-loading-not-33919 avia_image' src=\"https:\/\/radiorevelacionfm.cl\/wp-content\/uploads\/2023\/08\/nota-pymes-pacto-fiscal-1-1.jpg\" alt='' title='nota pymes pacto fiscal (1) (1)' height=\"600\" width=\"820\"  itemprop=\"thumbnailUrl\" srcset=\"https:\/\/radiorevelacionfm.cl\/wp-content\/uploads\/2023\/08\/nota-pymes-pacto-fiscal-1-1.jpg 820w, https:\/\/radiorevelacionfm.cl\/wp-content\/uploads\/2023\/08\/nota-pymes-pacto-fiscal-1-1-300x220.jpg 300w, https:\/\/radiorevelacionfm.cl\/wp-content\/uploads\/2023\/08\/nota-pymes-pacto-fiscal-1-1-768x562.jpg 768w, https:\/\/radiorevelacionfm.cl\/wp-content\/uploads\/2023\/08\/nota-pymes-pacto-fiscal-1-1-705x516.jpg 705w, https:\/\/radiorevelacionfm.cl\/wp-content\/uploads\/2023\/08\/nota-pymes-pacto-fiscal-1-1-450x329.jpg 450w, https:\/\/radiorevelacionfm.cl\/wp-content\/uploads\/2023\/08\/nota-pymes-pacto-fiscal-1-1-600x439.jpg 600w\" sizes=\"(max-width: 820px) 100vw, 820px\" \/><\/div><\/div><\/div><\/div><div class=\"flex_column av_one_full  flex_column_div av-zero-column-padding first  avia-builder-el-2  el_after_av_one_full  el_before_av_one_full  column-top-margin\" style='border-radius:0px; '><section class=\"av_textblock_section \"  itemscope=\"itemscope\" itemtype=\"https:\/\/schema.org\/BlogPosting\" itemprop=\"blogPost\" ><div class='avia_textblock  '   itemprop=\"text\" ><p style=\"text-align: center;\"><strong><span style=\"font-size: 18pt;\">Destacan Pacto Fiscal que incluye nuevas medidas para Pymes: ruta del emprendimiento y monotributo<\/span><\/strong><\/p>\n<div id=\"gtx-trans\" style=\"position: absolute; left: -50px; top: 4.31534px;\">\n<div class=\"gtx-trans-icon\"><\/div>\n<\/div>\n<\/div><\/section><\/div><div class=\"flex_column av_one_full  flex_column_div av-zero-column-padding first  avia-builder-el-4  el_after_av_one_full  el_before_av_hr  column-top-margin\" style='border-radius:0px; '><section class=\"av_textblock_section \"  itemscope=\"itemscope\" itemtype=\"https:\/\/schema.org\/BlogPosting\" itemprop=\"blogPost\" ><div class='avia_textblock  '   itemprop=\"text\" ><p style=\"text-align: justify;\">En concreto, se plantea durante los primeros dos a\u00f1os la creaci\u00f3n de un monotributo que consiste en el pago de un monto fijo que sustituye el impuesto a la renta, el IVA y las obligaciones previsionales. En los dos a\u00f1os siguientes, las Pymes obtendr\u00e1n beneficios en el pago de IVA y posteriormente podr\u00e1n acceder al r\u00e9gimen transparente, que tambi\u00e9n se fortalece.<\/p>\n<p style=\"text-align: justify;\">Los Secretarios Regionales Ministeriales de Econom\u00eda, Fomento y Turismo, Felipe Rojas\u00a0 Pizarro y de (S) Gobierno, Alan Espinoza Ortiz detallaron las principales medidas pro Pymes incluidas en la propuesta de Pacto Fiscal para el Desarrollo, informada la semana pasada por el Presidente Gabriel Boric.<\/p>\n<p style=\"text-align: justify;\">Las autoridades destacaron que las iniciativas planteadas buscan facilitar e incentivar la formalizaci\u00f3n de nuevos emprendimientos, acompa\u00f1ar todo el proceso de desarrollo y crecimiento de las Pymes, generando incentivos y beneficios acorde con sus capacidades y nivel de desarrollo.<\/p>\n<p style=\"text-align: justify;\">Felipe Rojas Pizarro, Seremi de Econom\u00eda, destac\u00f3 la medida denominada \u00abRuta del Emprendimiento\u00bb que establece, en primer lugar, la creaci\u00f3n de un Monotributo que consiste en el pago de un monto fijo (inicialmente 1 UTM mensual) que sustituye el impuesto a la renta, el IVA y las obligaciones previsionales. Esto tendr\u00eda un l\u00edmite de dos a\u00f1os para Pymes con ventas de hasta 1.800 UF.<\/p>\n<p style=\"text-align: justify;\">El Seremi de Econom\u00eda Ays\u00e9n, indic\u00f3: \u00abLa invitaci\u00f3n de parte del Gobierno del Presidente Gabriel Boric es abrir la discusi\u00f3n, la conversaci\u00f3n sobre el nuevo Pacto Fiscal para el desarrollo, es una oportunidad y un instrumento que busca fortalecer la inversi\u00f3n privada, priorizar y generar m\u00e1s recursos para las prioridades y el gasto p\u00fablico, especialmente en salud, en pensiones y otras que son muy sentidas por la ciudadan\u00eda. Pero tambi\u00e9n este pacto conlleva una serie de otros elementos, por ejemplo, la reforma para la transparencia en eficiencia y calidad del Estado, es decir hacer m\u00e1s eficiente el gasto p\u00fablico y otros temas como por ejemplo establecer una serie de principios para tener un sistema moderno de seguimiento y monitoreo de las entidades p\u00fablicas, algo muy solicitado por la poblaci\u00f3n y finalmente tener algunos elementos para mayor fiscalizaciones tributarias\u201d.<\/p>\n<p style=\"text-align: justify;\">El Seremi de Gobierno (S), Alan Espinoza Ortiz, en tanto, destac\u00f3 que \u201clas medidas pro Pymes incluidas en el Pacto Fiscal para el Desarrollo, se sumar\u00e1n a un conjunto de medidas que nuestro Gobierno ha impulsado para apoyar al sector como el subsidio al salario m\u00ednimo, al que ya han postulado 127 mil empresas de menor tama\u00f1o, el alivio a la deuda tributaria, beneficiando a 97 mil firmas, o el Fogape Chile Apoya que ha garantizado cr\u00e9ditos a 107 mil pymes\u201d, concluy\u00f3.<\/p>\n<p style=\"text-align: justify;\">Respecto al R\u00e9gimen Transparente dirigido a micro, peque\u00f1as y medianas empresas, seg\u00fan precisaron las autoridades, se ampl\u00eda y fortalece beneficiando al 95% de las Pymes. As\u00ed como las empresas que se acojan a este sistema gozar\u00e1n de la exenci\u00f3n del Impuesto de Primera Categor\u00eda y cualquiera podr\u00e1 acceder ya que se propone eliminar el requisito de que todos los socios sean personas naturales.<\/p>\n<p style=\"text-align: justify;\">Entre otras medidas sistematizadas en la p\u00e1gina https:\/\/pactofiscal.cl\/ y que\u00a0 formaran parte de los Encuentros Ciudadanos con la comunidad llamados: \u00abMejores Pensiones y un Pacto Fiscal para Chile\u00bb, en los que el ministro de Hacienda, Mario Marcel y la ministra del Trabajo, Jeanette Jara realizar\u00e1n estas instancias de di\u00e1logo partiendo por el sur de nuestro pa\u00eds, en 10 ciudades, comenzando en Rancagua.<\/p>\n<\/div><\/section><\/div><div  style='height:50px' class='hr hr-invisible   avia-builder-el-6  el_after_av_one_full  el_before_av_social_share '><span class='hr-inner ' ><span class='hr-inner-style'><\/span><\/span><\/div><\/p>\n<div  class='av-social-sharing-box  avia-builder-el-7  el_after_av_hr  el_before_av_hr  '><div class='av-share-box'><h5 class='av-share-link-description av-no-toc '>Compartir esta noticia<\/h5><ul class='av-share-box-list noLightbox'><li class='av-share-link av-social-link-facebook' ><a target=\"_blank\" aria-label=\"Compartir en Facebook\" href='https:\/\/www.facebook.com\/sharer.php?u=https:\/\/radiorevelacionfm.cl\/?p=33918&#038;t=Destacan%20Pacto%20Fiscal%20que%20incluye%20nuevas%20medidas%20para%20Pymes%3A%20ruta%20del%20emprendimiento%20y%20monotributo' aria-hidden='false' data-av_icon='\ue8f3' data-av_iconfont='entypo-fontello' title='' data-avia-related-tooltip='Compartir en Facebook' rel=\"noopener\"><span class='avia_hidden_link_text'>Compartir en Facebook<\/span><\/a><\/li><li class='av-share-link av-social-link-twitter' ><a target=\"_blank\" aria-label=\"Compartir en Twitter\" href='https:\/\/twitter.com\/share?text=Destacan%20Pacto%20Fiscal%20que%20incluye%20nuevas%20medidas%20para%20Pymes%3A%20ruta%20del%20emprendimiento%20y%20monotributo&#038;url=https:\/\/radiorevelacionfm.cl\/?p=33918' aria-hidden='false' data-av_icon='\ue8f1' data-av_iconfont='entypo-fontello' title='' data-avia-related-tooltip='Compartir en Twitter' rel=\"noopener\"><span class='avia_hidden_link_text'>Compartir en Twitter<\/span><\/a><\/li><li class='av-share-link av-social-link-whatsapp' ><a target=\"_blank\" aria-label=\"Compartir en Whatsapp\" href='https:\/\/api.whatsapp.com\/send?text=https:\/\/radiorevelacionfm.cl\/?p=33918' aria-hidden='false' data-av_icon='\uf232' data-av_iconfont='entypo-fontello' title='' data-avia-related-tooltip='Compartir en Whatsapp' rel=\"noopener\"><span class='avia_hidden_link_text'>Compartir en Whatsapp<\/span><\/a><\/li><li class='av-share-link av-social-link-linkedin' ><a target=\"_blank\" aria-label=\"Compartir en LinkedIn\" href='https:\/\/linkedin.com\/shareArticle?mini=true&#038;title=Destacan%20Pacto%20Fiscal%20que%20incluye%20nuevas%20medidas%20para%20Pymes%3A%20ruta%20del%20emprendimiento%20y%20monotributo&#038;url=https:\/\/radiorevelacionfm.cl\/?p=33918' aria-hidden='false' data-av_icon='\ue8fc' data-av_iconfont='entypo-fontello' title='' data-avia-related-tooltip='Compartir en LinkedIn' rel=\"noopener\"><span class='avia_hidden_link_text'>Compartir en LinkedIn<\/span><\/a><\/li><li class='av-share-link av-social-link-mail' ><a  aria-label=\"Compartir por correo\" href='mailto:?subject=Destacan%20Pacto%20Fiscal%20que%20incluye%20nuevas%20medidas%20para%20Pymes%3A%20ruta%20del%20emprendimiento%20y%20monotributo&#038;body=https:\/\/radiorevelacionfm.cl\/?p=33918' aria-hidden='false' data-av_icon='\ue805' data-av_iconfont='entypo-fontello' title='' data-avia-related-tooltip='Compartir por correo'><span class='avia_hidden_link_text'>Compartir por correo<\/span><\/a><\/li><\/ul><\/div><\/div>\n<div  style='height:50px' class='hr hr-invisible   avia-builder-el-8  el_after_av_social_share  el_before_av_comments_list '><span class='hr-inner ' ><span class='hr-inner-style'><\/span><\/span><\/div>\n<div  class='av-buildercomment  av-blog-meta-html-info-disabled av-blog-meta-tag-disabled  '><\/div>\n","protected":false},"excerpt":{"rendered":"","protected":false},"author":1,"featured_media":33919,"comment_status":"open","ping_status":"open","sticky":false,"template":"","format":"standard","meta":{"footnotes":""},"categories":[37],"tags":[],"class_list":["post-33918","post","type-post","status-publish","format-standard","has-post-thumbnail","hentry","category-economia"],"jetpack_featured_media_url":"https:\/\/radiorevelacionfm.cl\/wp-content\/uploads\/2023\/08\/nota-pymes-pacto-fiscal-1-1.jpg","_links":{"self":[{"href":"https:\/\/radiorevelacionfm.cl\/index.php?rest_route=\/wp\/v2\/posts\/33918","targetHints":{"allow":["GET"]}}],"collection":[{"href":"https:\/\/radiorevelacionfm.cl\/index.php?rest_route=\/wp\/v2\/posts"}],"about":[{"href":"https:\/\/radiorevelacionfm.cl\/index.php?rest_route=\/wp\/v2\/types\/post"}],"author":[{"embeddable":true,"href":"https:\/\/radiorevelacionfm.cl\/index.php?rest_route=\/wp\/v2\/users\/1"}],"replies":[{"embeddable":true,"href":"https:\/\/radiorevelacionfm.cl\/index.php?rest_route=%2Fwp%2Fv2%2Fcomments&post=33918"}],"version-history":[{"count":1,"href":"https:\/\/radiorevelacionfm.cl\/index.php?rest_route=\/wp\/v2\/posts\/33918\/revisions"}],"predecessor-version":[{"id":33920,"href":"https:\/\/radiorevelacionfm.cl\/index.php?rest_route=\/wp\/v2\/posts\/33918\/revisions\/33920"}],"wp:featuredmedia":[{"embeddable":true,"href":"https:\/\/radiorevelacionfm.cl\/index.php?rest_route=\/wp\/v2\/media\/33919"}],"wp:attachment":[{"href":"https:\/\/radiorevelacionfm.cl\/index.php?rest_route=%2Fwp%2Fv2%2Fmedia&parent=33918"}],"wp:term":[{"taxonomy":"category","embeddable":true,"href":"https:\/\/radiorevelacionfm.cl\/index.php?rest_route=%2Fwp%2Fv2%2Fcategories&post=33918"},{"taxonomy":"post_tag","embeddable":true,"href":"https:\/\/radiorevelacionfm.cl\/index.php?rest_route=%2Fwp%2Fv2%2Ftags&post=33918"}],"curies":[{"name":"wp","href":"https:\/\/api.w.org\/{rel}","templated":true}]}}