{"id":33915,"date":"2023-08-14T21:04:15","date_gmt":"2023-08-15T00:04:15","guid":{"rendered":"https:\/\/radiorevelacionfm.cl\/?p=33915"},"modified":"2023-08-14T21:04:15","modified_gmt":"2023-08-15T00:04:15","slug":"autoridades-comprobaron-condiciones-de-funcionamiento-de-posta-de-villa-ortega","status":"publish","type":"post","link":"https:\/\/radiorevelacionfm.cl\/?p=33915","title":{"rendered":"Autoridades comprobaron condiciones de funcionamiento de Posta de Villa Ortega"},"content":{"rendered":"<div class=\"flex_column av_one_full  flex_column_div av-zero-column-padding first  avia-builder-el-0  el_before_av_one_full  avia-builder-el-first  \" style='border-radius:0px; '><div  class='avia-image-container  av-styling-    avia-builder-el-1  avia-builder-el-no-sibling  avia-align-center '  itemprop=\"image\" itemscope=\"itemscope\" itemtype=\"https:\/\/schema.org\/ImageObject\"  ><div class='avia-image-container-inner'><div class='avia-image-overlay-wrap'><img decoding=\"async\" class='wp-image-33916 avia-img-lazy-loading-not-33916 avia_image' src=\"https:\/\/radiorevelacionfm.cl\/wp-content\/uploads\/2023\/08\/img_0809-1-1_optimized-1.jpg\" alt='' title='img_0809-(1)-(1)_optimized (1)' height=\"600\" width=\"900\"  itemprop=\"thumbnailUrl\" srcset=\"https:\/\/radiorevelacionfm.cl\/wp-content\/uploads\/2023\/08\/img_0809-1-1_optimized-1.jpg 900w, https:\/\/radiorevelacionfm.cl\/wp-content\/uploads\/2023\/08\/img_0809-1-1_optimized-1-300x200.jpg 300w, https:\/\/radiorevelacionfm.cl\/wp-content\/uploads\/2023\/08\/img_0809-1-1_optimized-1-768x512.jpg 768w, https:\/\/radiorevelacionfm.cl\/wp-content\/uploads\/2023\/08\/img_0809-1-1_optimized-1-705x470.jpg 705w, https:\/\/radiorevelacionfm.cl\/wp-content\/uploads\/2023\/08\/img_0809-1-1_optimized-1-450x300.jpg 450w, https:\/\/radiorevelacionfm.cl\/wp-content\/uploads\/2023\/08\/img_0809-1-1_optimized-1-600x400.jpg 600w\" sizes=\"(max-width: 900px) 100vw, 900px\" \/><\/div><\/div><\/div><\/div><div class=\"flex_column av_one_full  flex_column_div av-zero-column-padding first  avia-builder-el-2  el_after_av_one_full  el_before_av_one_full  column-top-margin\" style='border-radius:0px; '><section class=\"av_textblock_section \"  itemscope=\"itemscope\" itemtype=\"https:\/\/schema.org\/BlogPosting\" itemprop=\"blogPost\" ><div class='avia_textblock  '   itemprop=\"text\" ><p style=\"text-align: center;\"><strong><span style=\"font-size: 18pt;\">Autoridades comprobaron condiciones de funcionamiento de Posta de Villa Ortega<\/span><\/strong><\/p>\n<div id=\"gtx-trans\" style=\"position: absolute; left: -50px; top: 4.31534px;\">\n<div class=\"gtx-trans-icon\"><\/div>\n<\/div>\n<\/div><\/section><\/div><div class=\"flex_column av_one_full  flex_column_div av-zero-column-padding first  avia-builder-el-4  el_after_av_one_full  el_before_av_hr  column-top-margin\" style='border-radius:0px; '><section class=\"av_textblock_section \"  itemscope=\"itemscope\" itemtype=\"https:\/\/schema.org\/BlogPosting\" itemprop=\"blogPost\" ><div class='avia_textblock  '   itemprop=\"text\" ><p style=\"font-weight: 400; text-align: justify;\">Con el objetivo de comprobar en terreno las condiciones en que se atiende a las vecinas y vecinos de Villa Ortega, autoridades de Gobierno visitaron la posta rural de esa localidad, durante la ma\u00f1ana del pasado viernes.<\/p>\n<p style=\"font-weight: 400; text-align: justify;\">El delegado presidencial (s.), Samuel Navarro, fue acompa\u00f1ado en la actividad por la directora de Salud Rural del Servicio de Salud de Ays\u00e9n, Lorena Guerrero. Ambas autoridades fueron recibidas por uno de los dos param\u00e9dicos del lugar, Marco Ojeda, quien destac\u00f3 el impacto que los \u00faltimos avances de la posta han tenido en la comunidad.<\/p>\n<p style=\"font-weight: 400; text-align: justify;\">\u201cAc\u00e1 el 85% de la poblaci\u00f3n es adulto mayor y tiene una gran dificultad para tomarse los ex\u00e1menes en Coyhaique. Entonces, que nos haya llegado la m\u00e1quina para tomar los electrocardiogramas es un gran avance porque ten\u00edan que hacerlo en Coyhaique\u201d, indic\u00f3 el param\u00e9dico, agregando que adem\u00e1s de eso, ahora se toman ex\u00e1menes de sangre y orina en el mismo recinto, gracias a una gesti\u00f3n que se concret\u00f3 este a\u00f1o.<\/p>\n<p style=\"font-weight: 400; text-align: justify;\">Otro avance de la posta de Villa Ortega es el sistema de consultas m\u00e9dicas On Line denominado \u00abHospital Digital\u00bb, que permite a los funcionarios de esta posta realizar consultas a m\u00e9dicos de Santiago para mejorar la atenci\u00f3n a la comunidad.<\/p>\n<p style=\"font-weight: 400; text-align: justify;\">La directora de Salud Rural explic\u00f3 que el sistema funciona \u201cen modalidad sincr\u00f3nica, es decir, el m\u00e9dico est\u00e1 en contacto con el param\u00e9dico y el param\u00e9dico le transmite la informaci\u00f3n del paciente que est\u00e1 consultando. Le puede hacer el examen f\u00edsico y las consultas pertinentes y el m\u00e9dico le da las indicaciones que requiera el paciente de acuerdo a su patolog\u00eda\u201d, se\u00f1al\u00f3.<\/p>\n<p style=\"font-weight: 400; text-align: justify;\">El sistema est\u00e1 operativo en las postas de Ra\u00fal Mar\u00edn Balmaceda, Lago Verde, Puerto Aguirre, \u00d1irehuao, El Blanco, Ma\u00f1ihuales, Tapera, Valle Simpson, Lago Atravesado, Caleta Andrade, El Gato, y Villa Ortega.<\/p>\n<p style=\"font-weight: 400; text-align: justify;\">A partir del a\u00f1o pasado, su uso se ha incrementado gracias a la decisi\u00f3n de instalar internet satelital en las postas. Ello ha provocado que en la actualidad la regi\u00f3n de Ays\u00e9n se la mayor usuaria del \u201cHospital Digital\u201d en todo Chile.<\/p>\n<p style=\"font-weight: 400; text-align: justify;\">La visita a la posta fue complementada por el personal del Hospital Regional de Coyhaique con una charla de reanimaci\u00f3n cardio pulmonar (RCP), dirigida a trabajadoras y vecinas de la localidad.<\/p>\n<p style=\"font-weight: 400; text-align: justify;\">La presidenta de la Junta de Vecinos, Isabel Huichalao, agradeci\u00f3 la charla formativa, debido al car\u00e1cter rural de la comunidad. \u201cQuiero agradecer este taller porque es necesario que la gente como nosotros, que somos trabajadores de un sector rural, sepamos lo b\u00e1sico para ayudar a una persona afectada por una emergencia, as\u00ed que agradecida por estos avances que nos est\u00e1n dando la posibilidad como localidad\u201d, indic\u00f3.<\/p>\n<p style=\"font-weight: 400; text-align: justify;\">En el marco de estas actividades, el delegado (s.), junto al director regional de Vialidad, Renzo Sanders, acompa\u00f1aron a la dirigenta Macarena Aguilar a recorrer algunos puntos en los que se mejor\u00f3 el camino Coyhaique -Villa Ortega a ra\u00edz de la exigencia de los vecinos y vecinas.<\/p>\n<p style=\"font-weight: 400; text-align: justify;\">\u201cEl mi\u00e9rcoles antepasado nos reunimos, se hizo un compromiso y se pudo llevar a cabo. Estamos contentos porque nos tomaron en cuenta, se pudieron hacer los arreglos para conectar nuestros caminos porque nos sent\u00edamos en una brecha de desigualdad, pero llegamos a un acuerdo y tuvimos respuesta positiva de parte del MOP\u201d, indic\u00f3 la dirigenta.<\/p>\n<p style=\"font-weight: 400; text-align: justify;\">Finalmente, la tarde del viernes el Gobierno despleg\u00f3 15 servicios p\u00fablicos en la escuela Pablo Neruda de Villa Ortega, con la metodolog\u00eda de \u201cGobierno en Terreno\u201d.<\/p>\n<p style=\"font-weight: 400; text-align: justify;\">El delegado Rodrigo Araya destac\u00f3 que esta iniciativa se defini\u00f3 a trav\u00e9s de una comunicaci\u00f3n permanente con la Junta de Vecinos. \u201cHemos cumplido con la comunidad en Villa Ortega, al realizar un Gobierno en Terreno donde los servicios p\u00fablicos se han desplazado y hemos realizado actividades que la misma Junta de Vecinos, a trav\u00e9s de su presidenta, nos hab\u00eda solicitado que ejecut\u00e1semos. Un mandato del presidente Gabriel Boric es acercar los servicios a las personas, porque no importa donde vivan, son iguales de importantes y as\u00ed es como demostramos que creemos en la descentralizaci\u00f3n\u201d, concluy\u00f3 el delegado presidencial.<\/p>\n<\/div><\/section><\/div><div  style='height:50px' class='hr hr-invisible   avia-builder-el-6  el_after_av_one_full  el_before_av_social_share '><span class='hr-inner ' ><span class='hr-inner-style'><\/span><\/span><\/div><\/p>\n<div  class='av-social-sharing-box  avia-builder-el-7  el_after_av_hr  el_before_av_hr  '><div class='av-share-box'><h5 class='av-share-link-description av-no-toc '>Compartir esta noticia<\/h5><ul class='av-share-box-list noLightbox'><li class='av-share-link av-social-link-facebook' ><a target=\"_blank\" aria-label=\"Compartir en Facebook\" href='https:\/\/www.facebook.com\/sharer.php?u=https:\/\/radiorevelacionfm.cl\/?p=33915&#038;t=Autoridades%20comprobaron%20condiciones%20de%20funcionamiento%20de%20Posta%20de%20Villa%20Ortega' aria-hidden='false' data-av_icon='\ue8f3' data-av_iconfont='entypo-fontello' title='' data-avia-related-tooltip='Compartir en Facebook' rel=\"noopener\"><span class='avia_hidden_link_text'>Compartir en Facebook<\/span><\/a><\/li><li class='av-share-link av-social-link-twitter' ><a target=\"_blank\" aria-label=\"Compartir en Twitter\" href='https:\/\/twitter.com\/share?text=Autoridades%20comprobaron%20condiciones%20de%20funcionamiento%20de%20Posta%20de%20Villa%20Ortega&#038;url=https:\/\/radiorevelacionfm.cl\/?p=33915' aria-hidden='false' data-av_icon='\ue8f1' data-av_iconfont='entypo-fontello' title='' data-avia-related-tooltip='Compartir en Twitter' rel=\"noopener\"><span class='avia_hidden_link_text'>Compartir en Twitter<\/span><\/a><\/li><li class='av-share-link av-social-link-whatsapp' ><a target=\"_blank\" aria-label=\"Compartir en Whatsapp\" href='https:\/\/api.whatsapp.com\/send?text=https:\/\/radiorevelacionfm.cl\/?p=33915' aria-hidden='false' data-av_icon='\uf232' data-av_iconfont='entypo-fontello' title='' data-avia-related-tooltip='Compartir en Whatsapp' rel=\"noopener\"><span class='avia_hidden_link_text'>Compartir en Whatsapp<\/span><\/a><\/li><li class='av-share-link av-social-link-linkedin' ><a target=\"_blank\" aria-label=\"Compartir en LinkedIn\" href='https:\/\/linkedin.com\/shareArticle?mini=true&#038;title=Autoridades%20comprobaron%20condiciones%20de%20funcionamiento%20de%20Posta%20de%20Villa%20Ortega&#038;url=https:\/\/radiorevelacionfm.cl\/?p=33915' aria-hidden='false' data-av_icon='\ue8fc' data-av_iconfont='entypo-fontello' title='' data-avia-related-tooltip='Compartir en LinkedIn' rel=\"noopener\"><span class='avia_hidden_link_text'>Compartir en LinkedIn<\/span><\/a><\/li><li class='av-share-link av-social-link-mail' ><a  aria-label=\"Compartir por correo\" href='mailto:?subject=Autoridades%20comprobaron%20condiciones%20de%20funcionamiento%20de%20Posta%20de%20Villa%20Ortega&#038;body=https:\/\/radiorevelacionfm.cl\/?p=33915' aria-hidden='false' data-av_icon='\ue805' data-av_iconfont='entypo-fontello' title='' data-avia-related-tooltip='Compartir por correo'><span class='avia_hidden_link_text'>Compartir por correo<\/span><\/a><\/li><\/ul><\/div><\/div>\n<div  style='height:50px' class='hr hr-invisible   avia-builder-el-8  el_after_av_social_share  el_before_av_comments_list '><span class='hr-inner ' ><span class='hr-inner-style'><\/span><\/span><\/div>\n<div  class='av-buildercomment  av-blog-meta-html-info-disabled av-blog-meta-tag-disabled  '><\/div>\n","protected":false},"excerpt":{"rendered":"","protected":false},"author":1,"featured_media":33916,"comment_status":"open","ping_status":"open","sticky":false,"template":"","format":"standard","meta":{"footnotes":""},"categories":[38],"tags":[],"class_list":["post-33915","post","type-post","status-publish","format-standard","has-post-thumbnail","hentry","category-regional"],"jetpack_featured_media_url":"https:\/\/radiorevelacionfm.cl\/wp-content\/uploads\/2023\/08\/img_0809-1-1_optimized-1.jpg","_links":{"self":[{"href":"https:\/\/radiorevelacionfm.cl\/index.php?rest_route=\/wp\/v2\/posts\/33915","targetHints":{"allow":["GET"]}}],"collection":[{"href":"https:\/\/radiorevelacionfm.cl\/index.php?rest_route=\/wp\/v2\/posts"}],"about":[{"href":"https:\/\/radiorevelacionfm.cl\/index.php?rest_route=\/wp\/v2\/types\/post"}],"author":[{"embeddable":true,"href":"https:\/\/radiorevelacionfm.cl\/index.php?rest_route=\/wp\/v2\/users\/1"}],"replies":[{"embeddable":true,"href":"https:\/\/radiorevelacionfm.cl\/index.php?rest_route=%2Fwp%2Fv2%2Fcomments&post=33915"}],"version-history":[{"count":1,"href":"https:\/\/radiorevelacionfm.cl\/index.php?rest_route=\/wp\/v2\/posts\/33915\/revisions"}],"predecessor-version":[{"id":33917,"href":"https:\/\/radiorevelacionfm.cl\/index.php?rest_route=\/wp\/v2\/posts\/33915\/revisions\/33917"}],"wp:featuredmedia":[{"embeddable":true,"href":"https:\/\/radiorevelacionfm.cl\/index.php?rest_route=\/wp\/v2\/media\/33916"}],"wp:attachment":[{"href":"https:\/\/radiorevelacionfm.cl\/index.php?rest_route=%2Fwp%2Fv2%2Fmedia&parent=33915"}],"wp:term":[{"taxonomy":"category","embeddable":true,"href":"https:\/\/radiorevelacionfm.cl\/index.php?rest_route=%2Fwp%2Fv2%2Fcategories&post=33915"},{"taxonomy":"post_tag","embeddable":true,"href":"https:\/\/radiorevelacionfm.cl\/index.php?rest_route=%2Fwp%2Fv2%2Ftags&post=33915"}],"curies":[{"name":"wp","href":"https:\/\/api.w.org\/{rel}","templated":true}]}}