{"id":33912,"date":"2023-08-14T22:39:21","date_gmt":"2023-08-15T01:39:21","guid":{"rendered":"https:\/\/radiorevelacionfm.cl\/?p=33912"},"modified":"2023-08-14T22:51:04","modified_gmt":"2023-08-15T01:51:04","slug":"reiteran-llamado-a-postular-a-financiamiento-de-servicios-de-apoyo-para-personas-con-discapacidad","status":"publish","type":"post","link":"https:\/\/radiorevelacionfm.cl\/?p=33912","title":{"rendered":"Reiteran llamado a postular a financiamiento de servicios de apoyo para personas con discapacidad"},"content":{"rendered":"<div class=\"flex_column av_one_full  flex_column_div av-zero-column-padding first  avia-builder-el-0  el_before_av_one_full  avia-builder-el-first  \" style='border-radius:0px; '><div  class='avia-image-container  av-styling-    avia-builder-el-1  avia-builder-el-no-sibling  avia-align-center '  itemprop=\"image\" itemscope=\"itemscope\" itemtype=\"https:\/\/schema.org\/ImageObject\"  ><div class='avia-image-container-inner'><div class='avia-image-overlay-wrap'><img decoding=\"async\" class='wp-image-33921 avia-img-lazy-loading-not-33921 avia_image' src=\"https:\/\/radiorevelacionfm.cl\/wp-content\/uploads\/2023\/08\/seremi-3-1_optimized.jpeg\" alt='' title='seremi-(3)-(1)_optimized' height=\"600\" width=\"1063\"  itemprop=\"thumbnailUrl\" srcset=\"https:\/\/radiorevelacionfm.cl\/wp-content\/uploads\/2023\/08\/seremi-3-1_optimized.jpeg 1063w, https:\/\/radiorevelacionfm.cl\/wp-content\/uploads\/2023\/08\/seremi-3-1_optimized-300x169.jpeg 300w, https:\/\/radiorevelacionfm.cl\/wp-content\/uploads\/2023\/08\/seremi-3-1_optimized-1030x581.jpeg 1030w, https:\/\/radiorevelacionfm.cl\/wp-content\/uploads\/2023\/08\/seremi-3-1_optimized-768x433.jpeg 768w, https:\/\/radiorevelacionfm.cl\/wp-content\/uploads\/2023\/08\/seremi-3-1_optimized-705x398.jpeg 705w, https:\/\/radiorevelacionfm.cl\/wp-content\/uploads\/2023\/08\/seremi-3-1_optimized-450x254.jpeg 450w, https:\/\/radiorevelacionfm.cl\/wp-content\/uploads\/2023\/08\/seremi-3-1_optimized-600x339.jpeg 600w\" sizes=\"(max-width: 1063px) 100vw, 1063px\" \/><\/div><\/div><\/div><\/div><div class=\"flex_column av_one_full  flex_column_div av-zero-column-padding first  avia-builder-el-2  el_after_av_one_full  el_before_av_one_full  column-top-margin\" style='border-radius:0px; '><section class=\"av_textblock_section \"  itemscope=\"itemscope\" itemtype=\"https:\/\/schema.org\/BlogPosting\" itemprop=\"blogPost\" ><div class='avia_textblock  '   itemprop=\"text\" ><p style=\"text-align: center;\"><strong><span style=\"font-size: 18pt;\">Reiteran llamado a postular a financiamiento de servicios de apoyo para personas con discapacidad<\/span><\/strong><\/p>\n<div id=\"gtx-trans\" style=\"position: absolute; left: -50px; top: 4.31534px;\">\n<div class=\"gtx-trans-icon\"><\/div>\n<\/div>\n<\/div><\/section><\/div><\/p>\n<div class=\"flex_column av_one_full  flex_column_div av-zero-column-padding first  avia-builder-el-4  el_after_av_one_full  el_before_av_hr  column-top-margin\" style='border-radius:0px; '><section class=\"av_textblock_section \"  itemscope=\"itemscope\" itemtype=\"https:\/\/schema.org\/BlogPosting\" itemprop=\"blogPost\" ><div class='avia_textblock  '   itemprop=\"text\" ><p class=\"v1MsoNormal\" style=\"text-align: justify;\">Un \u00faltimo llamado a postular al Programa Tr\u00e1nsito a la Vida Independiente, TVI de Senadis es el que realiz\u00f3 la Seremi de Desarrollo Social y Familia que este a\u00f1o cuenta con un total nacional de $1.480 millones de pesos para financiar iniciativas en la modalidad Individual y Colectiva.<\/p>\n<p class=\"v1MsoNormal\" style=\"text-align: justify;\">El objetivo de esta convocatoria es que se puede financiar servicios de apoyo, adaptaciones del entorno, capacitaci\u00f3n y estrategias que fortalezcan los enfoques de derechos humanos, autonom\u00eda y autodeterminaci\u00f3n y, calidad de vida de las personas con discapacidad.<\/p>\n<p class=\"v1MsoNormal\" style=\"text-align: justify;\">En este sentido, el programa de Tr\u00e1nsito a la Vida Independiente \u00a0seg\u00fan resalt\u00f3 la\u00a0seremi de Desarrollo Social y Familia, Karina Acevedo \u00abEs muy importante este programa y los objetivos que busca, porque invita a la participaci\u00f3n activa de las personas con discapacidad en el desarrollo de su plan de vida personal, propiciando la autonom\u00eda e independencia, no solo en su lugar de residencia habitual, sino que tambi\u00e9n en los ambientes comunitarios en los cuales se desenvuelve\u00bb.<\/p>\n<p class=\"v1MsoNormal\" style=\"text-align: justify;\">Una de las beneficiadas con este Programa es Andrea Sandoval\u00a0persona ciega de 38 a\u00f1os que vive actualmente en la Comuna de Chile Chico, junto a su hijo de 5 a\u00f1os y su pareja.<\/p>\n<p class=\"v1MsoNormal\" style=\"text-align: justify;\">El a\u00f1o 2022, Andrea postul\u00f3 a la convocatoria TVI 2022, adjudic\u00e1ndose un monto de $3.612.000 para la contrataci\u00f3n de una asistente personal, la cual dentro de sus funciones tiene la entrega de herramientas para que Andrea se pueda desempe\u00f1ar aut\u00f3nomamente tanto dentro como fuera de su hogar, as\u00ed como tambi\u00e9n fortalecer la vinculaci\u00f3n con la comunidad.<\/p>\n<p class=\"v1MsoNormal\" style=\"text-align: justify;\">QUIENES PUEDEN POSTULAR<\/p>\n<p class=\"v1MsoNormal\" style=\"text-align: justify;\">A la modalidad Individual, pueden postular personas con discapacidad y dependencia en cualquier grado, entre 18 y 59 a\u00f1os, inscritas en el Registro Nacional de la Discapacidad (RND), para recibir servicios de apoyo, como asistente personal, asistente de traslado, int\u00e9rprete de lengua de se\u00f1as y adaptaciones del entorno, entre otros, que favorezcan su tr\u00e1nsito a la vida independiente. El tope de financiamiento es de $3 millones 900 mil.<\/p>\n<p class=\"v1MsoNormal\" style=\"text-align: justify;\">En la modalidad Colectiva, pueden postular organizaciones p\u00fablicas o privadas sin fines de lucro para proveer servicios de apoyo y adaptaciones del entorno. Los montos considerados para esta modalidad van desde los $5 millones a $30 millones.<\/p>\n<p class=\"v1MsoNormal\" style=\"text-align: justify;\">En la regi\u00f3n de Ays\u00e9n, el a\u00f1o 2022 se financiaron 5 iniciativas a trav\u00e9s del programa Tr\u00e1nsito a la Vida Independiente por un monto total de $23.877.000 , una de ellas en la modalidad colectiva<\/p>\n<p class=\"v1MsoNormal\" style=\"text-align: justify;\">Las postulaciones se realizan en el sitio web del Senadis,\u00a0<a id=\"v1LPlnk751945\" href=\"http:\/\/www.senadis.gob.cl\/\" target=\"_blank\" rel=\"noopener noreferrer\">www.senadis.gob.cl<\/a>\u00a0donde se encuentran disponibles las bases y la plataforma de postulaci\u00f3n, hasta el mi\u00e9rcoles 16 de agosto de 2023, a las 16:00 horas.<u><\/u><\/p>\n<p class=\"v1MsoNormal\" style=\"text-align: justify;\">Presupuesto regional 2023 en la modalidad colectiva asciende a $28.734.033, mientras que en la modalidad individual es de $12.280.984.<\/p>\n<\/div><\/section><\/div>\n<div  style='height:50px' class='hr hr-invisible   avia-builder-el-6  el_after_av_one_full  el_before_av_social_share '><span class='hr-inner ' ><span class='hr-inner-style'><\/span><\/span><\/div>\n<div  class='av-social-sharing-box  avia-builder-el-7  el_after_av_hr  el_before_av_hr  '><div class='av-share-box'><h5 class='av-share-link-description av-no-toc '>Compartir esta noticia<\/h5><ul class='av-share-box-list noLightbox'><li class='av-share-link av-social-link-facebook' ><a target=\"_blank\" aria-label=\"Compartir en Facebook\" href='https:\/\/www.facebook.com\/sharer.php?u=https:\/\/radiorevelacionfm.cl\/?p=33912&#038;t=Reiteran%20llamado%20a%20postular%20a%20financiamiento%20de%20servicios%20de%20apoyo%20para%20personas%20con%20discapacidad' aria-hidden='false' data-av_icon='\ue8f3' data-av_iconfont='entypo-fontello' title='' data-avia-related-tooltip='Compartir en Facebook' rel=\"noopener\"><span class='avia_hidden_link_text'>Compartir en Facebook<\/span><\/a><\/li><li class='av-share-link av-social-link-twitter' ><a target=\"_blank\" aria-label=\"Compartir en Twitter\" href='https:\/\/twitter.com\/share?text=Reiteran%20llamado%20a%20postular%20a%20financiamiento%20de%20servicios%20de%20apoyo%20para%20personas%20con%20discapacidad&#038;url=https:\/\/radiorevelacionfm.cl\/?p=33912' aria-hidden='false' data-av_icon='\ue8f1' data-av_iconfont='entypo-fontello' title='' data-avia-related-tooltip='Compartir en Twitter' rel=\"noopener\"><span class='avia_hidden_link_text'>Compartir en Twitter<\/span><\/a><\/li><li class='av-share-link av-social-link-whatsapp' ><a target=\"_blank\" aria-label=\"Compartir en Whatsapp\" href='https:\/\/api.whatsapp.com\/send?text=https:\/\/radiorevelacionfm.cl\/?p=33912' aria-hidden='false' data-av_icon='\uf232' data-av_iconfont='entypo-fontello' title='' data-avia-related-tooltip='Compartir en Whatsapp' rel=\"noopener\"><span class='avia_hidden_link_text'>Compartir en Whatsapp<\/span><\/a><\/li><li class='av-share-link av-social-link-linkedin' ><a target=\"_blank\" aria-label=\"Compartir en LinkedIn\" href='https:\/\/linkedin.com\/shareArticle?mini=true&#038;title=Reiteran%20llamado%20a%20postular%20a%20financiamiento%20de%20servicios%20de%20apoyo%20para%20personas%20con%20discapacidad&#038;url=https:\/\/radiorevelacionfm.cl\/?p=33912' aria-hidden='false' data-av_icon='\ue8fc' data-av_iconfont='entypo-fontello' title='' data-avia-related-tooltip='Compartir en LinkedIn' rel=\"noopener\"><span class='avia_hidden_link_text'>Compartir en LinkedIn<\/span><\/a><\/li><li class='av-share-link av-social-link-mail' ><a  aria-label=\"Compartir por correo\" href='mailto:?subject=Reiteran%20llamado%20a%20postular%20a%20financiamiento%20de%20servicios%20de%20apoyo%20para%20personas%20con%20discapacidad&#038;body=https:\/\/radiorevelacionfm.cl\/?p=33912' aria-hidden='false' data-av_icon='\ue805' data-av_iconfont='entypo-fontello' title='' data-avia-related-tooltip='Compartir por correo'><span class='avia_hidden_link_text'>Compartir por correo<\/span><\/a><\/li><\/ul><\/div><\/div>\n<div  style='height:50px' class='hr hr-invisible   avia-builder-el-8  el_after_av_social_share  el_before_av_comments_list '><span class='hr-inner ' ><span class='hr-inner-style'><\/span><\/span><\/div>\n<div  class='av-buildercomment  av-blog-meta-html-info-disabled av-blog-meta-tag-disabled  '><\/div>\n","protected":false},"excerpt":{"rendered":"","protected":false},"author":1,"featured_media":33921,"comment_status":"open","ping_status":"open","sticky":false,"template":"","format":"standard","meta":{"footnotes":""},"categories":[38],"tags":[],"class_list":["post-33912","post","type-post","status-publish","format-standard","has-post-thumbnail","hentry","category-regional"],"jetpack_featured_media_url":"https:\/\/radiorevelacionfm.cl\/wp-content\/uploads\/2023\/08\/seremi-3-1_optimized.jpeg","_links":{"self":[{"href":"https:\/\/radiorevelacionfm.cl\/index.php?rest_route=\/wp\/v2\/posts\/33912","targetHints":{"allow":["GET"]}}],"collection":[{"href":"https:\/\/radiorevelacionfm.cl\/index.php?rest_route=\/wp\/v2\/posts"}],"about":[{"href":"https:\/\/radiorevelacionfm.cl\/index.php?rest_route=\/wp\/v2\/types\/post"}],"author":[{"embeddable":true,"href":"https:\/\/radiorevelacionfm.cl\/index.php?rest_route=\/wp\/v2\/users\/1"}],"replies":[{"embeddable":true,"href":"https:\/\/radiorevelacionfm.cl\/index.php?rest_route=%2Fwp%2Fv2%2Fcomments&post=33912"}],"version-history":[{"count":2,"href":"https:\/\/radiorevelacionfm.cl\/index.php?rest_route=\/wp\/v2\/posts\/33912\/revisions"}],"predecessor-version":[{"id":33922,"href":"https:\/\/radiorevelacionfm.cl\/index.php?rest_route=\/wp\/v2\/posts\/33912\/revisions\/33922"}],"wp:featuredmedia":[{"embeddable":true,"href":"https:\/\/radiorevelacionfm.cl\/index.php?rest_route=\/wp\/v2\/media\/33921"}],"wp:attachment":[{"href":"https:\/\/radiorevelacionfm.cl\/index.php?rest_route=%2Fwp%2Fv2%2Fmedia&parent=33912"}],"wp:term":[{"taxonomy":"category","embeddable":true,"href":"https:\/\/radiorevelacionfm.cl\/index.php?rest_route=%2Fwp%2Fv2%2Fcategories&post=33912"},{"taxonomy":"post_tag","embeddable":true,"href":"https:\/\/radiorevelacionfm.cl\/index.php?rest_route=%2Fwp%2Fv2%2Ftags&post=33912"}],"curies":[{"name":"wp","href":"https:\/\/api.w.org\/{rel}","templated":true}]}}