{"id":33904,"date":"2023-08-15T22:53:23","date_gmt":"2023-08-16T01:53:23","guid":{"rendered":"https:\/\/radiorevelacionfm.cl\/?p=33904"},"modified":"2023-08-15T22:53:23","modified_gmt":"2023-08-16T01:53:23","slug":"junaeb-aysen-da-a-conocer-los-resultados-del-mapa-nutricional-2022-un-llamado-a-no-bajar-la-guardia","status":"publish","type":"post","link":"https:\/\/radiorevelacionfm.cl\/?p=33904","title":{"rendered":"Junaeb Ays\u00e9n da a conocer los resultados del Mapa Nutricional 2022: un llamado a no \u201cbajar la guardia\u201d"},"content":{"rendered":"<div class=\"flex_column av_one_full  flex_column_div av-zero-column-padding first  avia-builder-el-0  el_before_av_one_full  avia-builder-el-first  \" style='border-radius:0px; '><div  class='avia-image-container  av-styling-    avia-builder-el-1  avia-builder-el-no-sibling  avia-align-center '  itemprop=\"image\" itemscope=\"itemscope\" itemtype=\"https:\/\/schema.org\/ImageObject\"  ><div class='avia-image-container-inner'><div class='avia-image-overlay-wrap'><img decoding=\"async\" class='wp-image-33905 avia-img-lazy-loading-not-33905 avia_image' src=\"https:\/\/radiorevelacionfm.cl\/wp-content\/uploads\/2023\/08\/foto-1-conversatorio-2-1_optimized.jpg\" alt='' title='foto-1-conversatorio-(2)-(1)_optimized' height=\"600\" width=\"1067\"  itemprop=\"thumbnailUrl\" srcset=\"https:\/\/radiorevelacionfm.cl\/wp-content\/uploads\/2023\/08\/foto-1-conversatorio-2-1_optimized.jpg 1067w, https:\/\/radiorevelacionfm.cl\/wp-content\/uploads\/2023\/08\/foto-1-conversatorio-2-1_optimized-300x169.jpg 300w, https:\/\/radiorevelacionfm.cl\/wp-content\/uploads\/2023\/08\/foto-1-conversatorio-2-1_optimized-1030x579.jpg 1030w, https:\/\/radiorevelacionfm.cl\/wp-content\/uploads\/2023\/08\/foto-1-conversatorio-2-1_optimized-768x432.jpg 768w, https:\/\/radiorevelacionfm.cl\/wp-content\/uploads\/2023\/08\/foto-1-conversatorio-2-1_optimized-705x396.jpg 705w, https:\/\/radiorevelacionfm.cl\/wp-content\/uploads\/2023\/08\/foto-1-conversatorio-2-1_optimized-450x253.jpg 450w, https:\/\/radiorevelacionfm.cl\/wp-content\/uploads\/2023\/08\/foto-1-conversatorio-2-1_optimized-600x337.jpg 600w\" sizes=\"(max-width: 1067px) 100vw, 1067px\" \/><\/div><\/div><\/div><\/div><div class=\"flex_column av_one_full  flex_column_div av-zero-column-padding first  avia-builder-el-2  el_after_av_one_full  el_before_av_one_full  column-top-margin\" style='border-radius:0px; '><section class=\"av_textblock_section \"  itemscope=\"itemscope\" itemtype=\"https:\/\/schema.org\/BlogPosting\" itemprop=\"blogPost\" ><div class='avia_textblock  '   itemprop=\"text\" ><p style=\"text-align: center;\"><span style=\"font-size: 18pt;\"><strong>Junaeb Ays\u00e9n da a conocer los resultados del Mapa Nutricional 2022: un llamado a no \u201cbajar la guardia\u201d<\/strong><\/span><\/p>\n<div id=\"gtx-trans\" style=\"position: absolute; left: -50px; top: 4.31534px;\">\n<div class=\"gtx-trans-icon\"><\/div>\n<\/div>\n<\/div><\/section><\/div><div class=\"flex_column av_one_full  flex_column_div av-zero-column-padding first  avia-builder-el-4  el_after_av_one_full  el_before_av_hr  column-top-margin\" style='border-radius:0px; '><section class=\"av_textblock_section \"  itemscope=\"itemscope\" itemtype=\"https:\/\/schema.org\/BlogPosting\" itemprop=\"blogPost\" ><div class='avia_textblock  '   itemprop=\"text\" ><p style=\"text-align: justify;\">En el contexto de la realizaci\u00f3n del conversatorio \u201cMapa Nutricional de la Infancia en Ays\u00e9n: Desaf\u00edos para la Academia y Oportunidades de Colaboraci\u00f3n\u201d el jueves 10 de Agosto en dependencias de la Universidad de Ays\u00e9n, el director regional de Junaeb, Manuel Vivar Aguila, di\u00f3 a conocer los resultados del Mapa Nutricional 2022, instrumento realizado todos los a\u00f1os por Junaeb. La actividad fue organizada en conjunto con el n\u00facleo acad\u00e9mico Infancias y Juventudes de la Universidad de Ays\u00e9n.<\/p>\n<p style=\"text-align: justify;\">En t\u00e9rminos regionales y a pesar de que el Mapa Nutricional 2022, comparado con el del 2021, mostr\u00f3 un aumento en 4,4 puntos en el peso normal, y una disminuci\u00f3n en la obesidad y obesidad severa en 1,4 y 1,6 puntos, respectivamente, las cifras contin\u00faan siendo altas. \u00a0En particular, la regi\u00f3n de Ays\u00e9n presenta los mayores \u00edndices de malnutrici\u00f3n por exceso, considerando que un 29,6% de las y los estudiantes presentan obesidad total (obesidad + obesidad severa) y un 28,6%, sobrepeso. Los cursos con mayor obesidad total son quinto y primero b\u00e1sico y la obesidad total est\u00e1 3,4 pp por sobre el promedio nacional.<\/p>\n<p style=\"text-align: justify;\">\u201cPara nosotros es muy importante poder presentar las cifras del Mapa Nutricional 2022 en el contexto de este conversatorio junto a la Universidad Ays\u00e9n, porque m\u00e1s all\u00e1 de la preocupaci\u00f3n por los altos \u00edndices de obesidad que presenta la regi\u00f3n, es importante generar debate y an\u00e1lisis de las cifras, que nos permitan construir propuestas en estas materias y tenemos la convicci\u00f3n que esto debemos generarlo junto a las instituciones presentes en el territorio\u201d, acot\u00f3 el director regional de Junaeb.<\/p>\n<p style=\"text-align: justify;\">Por su parte, Oriette Soto, coordinadora del N\u00facleo de Infancias y Juventudes: \u00a0\u201c Esta actividad que nace de una alianza entre el n\u00facleo acad\u00e9mico infancia y juventudes y la Junaeb, permite acercar los datos del mapa nutricional, a nuestra comunidad y en especial a los estudiantes del \u00e1rea de la salud, y as\u00ed permitir dise\u00f1ar estrategias para mejorar las condicionantes de ni\u00f1as y ni\u00f1os de nuestra regi\u00f3n\u201d.<\/p>\n<p style=\"text-align: justify;\">Las regiones del pa\u00eds que concentran un mayor porcentaje de estudiantes con malnutrici\u00f3n por exceso son: Ays\u00e9n (58,1%) y Magallanes (57,8%). En oposici\u00f3n, a la Metropolitana (6,8%), Arica y Parinacota (6,3%) y Antofagasta (6,2%) que presentan un mayor porcentaje de estudiantes con mal nutrici\u00f3n por d\u00e9ficit.<\/p>\n<p style=\"text-align: justify;\">Complementariamente en la actividad, Dania Palma, coordinadora del \u00e1rea de salud de Junaeb regional, present\u00f3 parte de la oferta program\u00e1tica de la instituci\u00f3n, espec\u00edficamente los programas de Obesidad y Escuelas Saludables, los cuales buscan a trav\u00e9s de distintas actividades y estrategias contribuir a disminuir los niveles de obesidad de los estudiantes, los cuales se ejecutan desde los establecimientos educaciones considerando que son espacios privilegiados para fomentar h\u00e1bitos de vida saludable.<\/p>\n<p style=\"text-align: justify;\">Los resultados completos del Mapa Nutricional est\u00e1n disponibles en el sitio web oficial de Junaeb www.junaeb.cl y en <a href=\"https:\/\/www.junaeb.cl\/mapa-nutricional\/\">https:\/\/www.junaeb.cl\/mapa-nutricional\/<\/a> , donde se puede encontrar datos, recomendaciones y recursos adicionales para fomentar una alimentaci\u00f3n equilibrada y saludable.<\/p>\n<\/div><\/section><\/div><div  style='height:50px' class='hr hr-invisible   avia-builder-el-6  el_after_av_one_full  el_before_av_social_share '><span class='hr-inner ' ><span class='hr-inner-style'><\/span><\/span><\/div><\/p>\n<div  class='av-social-sharing-box  avia-builder-el-7  el_after_av_hr  el_before_av_hr  '><div class='av-share-box'><h5 class='av-share-link-description av-no-toc '>Compartir esta noticia<\/h5><ul class='av-share-box-list noLightbox'><li class='av-share-link av-social-link-facebook' ><a target=\"_blank\" aria-label=\"Compartir en Facebook\" href='https:\/\/www.facebook.com\/sharer.php?u=https:\/\/radiorevelacionfm.cl\/?p=33904&#038;t=Junaeb%20Ays%C3%A9n%20da%20a%20conocer%20los%20resultados%20del%20Mapa%20Nutricional%202022%3A%20un%20llamado%20a%20no%20%E2%80%9Cbajar%20la%20guardia%E2%80%9D' aria-hidden='false' data-av_icon='\ue8f3' data-av_iconfont='entypo-fontello' title='' data-avia-related-tooltip='Compartir en Facebook' rel=\"noopener\"><span class='avia_hidden_link_text'>Compartir en Facebook<\/span><\/a><\/li><li class='av-share-link av-social-link-twitter' ><a target=\"_blank\" aria-label=\"Compartir en Twitter\" href='https:\/\/twitter.com\/share?text=Junaeb%20Ays%C3%A9n%20da%20a%20conocer%20los%20resultados%20del%20Mapa%20Nutricional%202022%3A%20un%20llamado%20a%20no%20%E2%80%9Cbajar%20la%20guardia%E2%80%9D&#038;url=https:\/\/radiorevelacionfm.cl\/?p=33904' aria-hidden='false' data-av_icon='\ue8f1' data-av_iconfont='entypo-fontello' title='' data-avia-related-tooltip='Compartir en Twitter' rel=\"noopener\"><span class='avia_hidden_link_text'>Compartir en Twitter<\/span><\/a><\/li><li class='av-share-link av-social-link-whatsapp' ><a target=\"_blank\" aria-label=\"Compartir en Whatsapp\" href='https:\/\/api.whatsapp.com\/send?text=https:\/\/radiorevelacionfm.cl\/?p=33904' aria-hidden='false' data-av_icon='\uf232' data-av_iconfont='entypo-fontello' title='' data-avia-related-tooltip='Compartir en Whatsapp' rel=\"noopener\"><span class='avia_hidden_link_text'>Compartir en Whatsapp<\/span><\/a><\/li><li class='av-share-link av-social-link-linkedin' ><a target=\"_blank\" aria-label=\"Compartir en LinkedIn\" href='https:\/\/linkedin.com\/shareArticle?mini=true&#038;title=Junaeb%20Ays%C3%A9n%20da%20a%20conocer%20los%20resultados%20del%20Mapa%20Nutricional%202022%3A%20un%20llamado%20a%20no%20%E2%80%9Cbajar%20la%20guardia%E2%80%9D&#038;url=https:\/\/radiorevelacionfm.cl\/?p=33904' aria-hidden='false' data-av_icon='\ue8fc' data-av_iconfont='entypo-fontello' title='' data-avia-related-tooltip='Compartir en LinkedIn' rel=\"noopener\"><span class='avia_hidden_link_text'>Compartir en LinkedIn<\/span><\/a><\/li><li class='av-share-link av-social-link-mail' ><a  aria-label=\"Compartir por correo\" href='mailto:?subject=Junaeb%20Ays%C3%A9n%20da%20a%20conocer%20los%20resultados%20del%20Mapa%20Nutricional%202022%3A%20un%20llamado%20a%20no%20%E2%80%9Cbajar%20la%20guardia%E2%80%9D&#038;body=https:\/\/radiorevelacionfm.cl\/?p=33904' aria-hidden='false' data-av_icon='\ue805' data-av_iconfont='entypo-fontello' title='' data-avia-related-tooltip='Compartir por correo'><span class='avia_hidden_link_text'>Compartir por correo<\/span><\/a><\/li><\/ul><\/div><\/div>\n<div  style='height:50px' class='hr hr-invisible   avia-builder-el-8  el_after_av_social_share  el_before_av_comments_list '><span class='hr-inner ' ><span class='hr-inner-style'><\/span><\/span><\/div>\n<div  class='av-buildercomment  av-blog-meta-html-info-disabled av-blog-meta-tag-disabled  '><\/div>\n","protected":false},"excerpt":{"rendered":"","protected":false},"author":1,"featured_media":33905,"comment_status":"open","ping_status":"open","sticky":false,"template":"","format":"standard","meta":{"footnotes":""},"categories":[49],"tags":[],"class_list":["post-33904","post","type-post","status-publish","format-standard","has-post-thumbnail","hentry","category-educacion"],"jetpack_featured_media_url":"https:\/\/radiorevelacionfm.cl\/wp-content\/uploads\/2023\/08\/foto-1-conversatorio-2-1_optimized.jpg","_links":{"self":[{"href":"https:\/\/radiorevelacionfm.cl\/index.php?rest_route=\/wp\/v2\/posts\/33904","targetHints":{"allow":["GET"]}}],"collection":[{"href":"https:\/\/radiorevelacionfm.cl\/index.php?rest_route=\/wp\/v2\/posts"}],"about":[{"href":"https:\/\/radiorevelacionfm.cl\/index.php?rest_route=\/wp\/v2\/types\/post"}],"author":[{"embeddable":true,"href":"https:\/\/radiorevelacionfm.cl\/index.php?rest_route=\/wp\/v2\/users\/1"}],"replies":[{"embeddable":true,"href":"https:\/\/radiorevelacionfm.cl\/index.php?rest_route=%2Fwp%2Fv2%2Fcomments&post=33904"}],"version-history":[{"count":1,"href":"https:\/\/radiorevelacionfm.cl\/index.php?rest_route=\/wp\/v2\/posts\/33904\/revisions"}],"predecessor-version":[{"id":33906,"href":"https:\/\/radiorevelacionfm.cl\/index.php?rest_route=\/wp\/v2\/posts\/33904\/revisions\/33906"}],"wp:featuredmedia":[{"embeddable":true,"href":"https:\/\/radiorevelacionfm.cl\/index.php?rest_route=\/wp\/v2\/media\/33905"}],"wp:attachment":[{"href":"https:\/\/radiorevelacionfm.cl\/index.php?rest_route=%2Fwp%2Fv2%2Fmedia&parent=33904"}],"wp:term":[{"taxonomy":"category","embeddable":true,"href":"https:\/\/radiorevelacionfm.cl\/index.php?rest_route=%2Fwp%2Fv2%2Fcategories&post=33904"},{"taxonomy":"post_tag","embeddable":true,"href":"https:\/\/radiorevelacionfm.cl\/index.php?rest_route=%2Fwp%2Fv2%2Ftags&post=33904"}],"curies":[{"name":"wp","href":"https:\/\/api.w.org\/{rel}","templated":true}]}}