{"id":33901,"date":"2023-08-14T19:32:01","date_gmt":"2023-08-14T22:32:01","guid":{"rendered":"https:\/\/radiorevelacionfm.cl\/?p=33901"},"modified":"2023-08-14T19:32:01","modified_gmt":"2023-08-14T22:32:01","slug":"seminario-abordo-el-impacto-de-la-inteligencia-artificial-en-la-region-de-aysen","status":"publish","type":"post","link":"https:\/\/radiorevelacionfm.cl\/?p=33901","title":{"rendered":"Seminario abord\u00f3 el impacto de la Inteligencia Artificial en la regi\u00f3n de Ays\u00e9n"},"content":{"rendered":"<div class=\"flex_column av_one_full  flex_column_div av-zero-column-padding first  avia-builder-el-0  el_before_av_one_full  avia-builder-el-first  \" style='border-radius:0px; '><div  class='avia-image-container  av-styling-    avia-builder-el-1  avia-builder-el-no-sibling  avia-align-center '  itemprop=\"image\" itemscope=\"itemscope\" itemtype=\"https:\/\/schema.org\/ImageObject\"  ><div class='avia-image-container-inner'><div class='avia-image-overlay-wrap'><img decoding=\"async\" class='wp-image-33902 avia-img-lazy-loading-not-33902 avia_image' src=\"https:\/\/radiorevelacionfm.cl\/wp-content\/uploads\/2023\/08\/02-ia-1-1_optimized-1.jpg\" alt='' title='02-ia-(1)-(1)_optimized (1)' height=\"600\" width=\"1067\"  itemprop=\"thumbnailUrl\" srcset=\"https:\/\/radiorevelacionfm.cl\/wp-content\/uploads\/2023\/08\/02-ia-1-1_optimized-1.jpg 1067w, https:\/\/radiorevelacionfm.cl\/wp-content\/uploads\/2023\/08\/02-ia-1-1_optimized-1-300x169.jpg 300w, https:\/\/radiorevelacionfm.cl\/wp-content\/uploads\/2023\/08\/02-ia-1-1_optimized-1-1030x579.jpg 1030w, https:\/\/radiorevelacionfm.cl\/wp-content\/uploads\/2023\/08\/02-ia-1-1_optimized-1-768x432.jpg 768w, https:\/\/radiorevelacionfm.cl\/wp-content\/uploads\/2023\/08\/02-ia-1-1_optimized-1-705x396.jpg 705w, https:\/\/radiorevelacionfm.cl\/wp-content\/uploads\/2023\/08\/02-ia-1-1_optimized-1-450x253.jpg 450w, https:\/\/radiorevelacionfm.cl\/wp-content\/uploads\/2023\/08\/02-ia-1-1_optimized-1-600x337.jpg 600w\" sizes=\"(max-width: 1067px) 100vw, 1067px\" \/><\/div><\/div><\/div><\/div><div class=\"flex_column av_one_full  flex_column_div av-zero-column-padding first  avia-builder-el-2  el_after_av_one_full  el_before_av_one_full  column-top-margin\" style='border-radius:0px; '><section class=\"av_textblock_section \"  itemscope=\"itemscope\" itemtype=\"https:\/\/schema.org\/BlogPosting\" itemprop=\"blogPost\" ><div class='avia_textblock  '   itemprop=\"text\" ><p style=\"text-align: center;\"><strong><span style=\"font-size: 18pt;\">Seminario abord\u00f3 el impacto de la Inteligencia Artificial en la regi\u00f3n de Ays\u00e9n<\/span><\/strong><\/p>\n<div id=\"gtx-trans\" style=\"position: absolute; left: -50px; top: 4.31534px;\">\n<div class=\"gtx-trans-icon\"><\/div>\n<\/div>\n<\/div><\/section><\/div><div class=\"flex_column av_one_full  flex_column_div av-zero-column-padding first  avia-builder-el-4  el_after_av_one_full  el_before_av_hr  column-top-margin\" style='border-radius:0px; '><section class=\"av_textblock_section \"  itemscope=\"itemscope\" itemtype=\"https:\/\/schema.org\/BlogPosting\" itemprop=\"blogPost\" ><div class='avia_textblock  '   itemprop=\"text\" ><p style=\"font-weight: 400; text-align: justify;\">Durante el\u00a0seminario<em>\u00a0Inteligencia Artificial: Las Oportunidades de su Uso Regional,<\/em>\u00a0realizado la semana pasada en la ciudad de Coyhaique, se discuti\u00f3 el creciente papel de la Inteligencia Artificial (IA) en la atenci\u00f3n al cliente y la automatizaci\u00f3n de procesos empresariales.<\/p>\n<p style=\"font-weight: 400; text-align: justify;\">La actividad fue organizada por las corporaciones IDEAYSEN y AYS\u00c9N POR AYS\u00c9N, junto Corfo Ays\u00e9n, a trav\u00e9s del Programa Territorial Integrado Desarrollo de Fiordos y Canales de Ays\u00e9n, apoyado por el Gobierno Regional de Ays\u00e9n.<\/p>\n<p style=\"font-weight: 400; text-align: justify;\">Destacados exponentes en el campo de la IA compartieron sus conocimientos y experiencias, abordando temas como la revoluci\u00f3n de la IA, los dilemas regulatorios, las aplicaciones en la educaci\u00f3n y en diversos sectores. Adem\u00e1s, se destac\u00f3 el uso de la IA y la rob\u00f3tica en la industria de procesos.<\/p>\n<p style=\"font-weight: 400; text-align: justify;\">Uno de los exponentes, Alberto Coddou Mc Manus, profesor del Instituto de derecho p\u00fablico de la Universidad austral de Chile, analiz\u00f3 los desaf\u00edos regulatorios que surgen a medida que la IA avanza, e invit\u00f3 a reflexionar sobre c\u00f3mo abordarlos de manera efectiva. \u201cComo pa\u00eds, nos enfrentamos a varios desaf\u00edos en relaci\u00f3n con la inteligencia artificial. Estos desaf\u00edos incluyen la gobernanza y el marco regulatorio, as\u00ed como los riesgos para los derechos fundamentales, como la privacidad, la igualdad y la no discriminaci\u00f3n. Aunque la conciencia sobre estos riesgos est\u00e1 creciendo gradualmente en la ciudadan\u00eda, todav\u00eda falta informaci\u00f3n y datos para proponer regulaciones realistas. Sin embargo, creo que la ciudadan\u00eda chilena est\u00e1 cada vez m\u00e1s dispuesta a ejercer sus derechos y demandar protecci\u00f3n de datos personales en entornos digitales\u201d.<\/p>\n<p style=\"font-weight: 400; text-align: justify;\">Humberto Mar\u00edn Leiva, director de Corfo Ays\u00e9n, detall\u00f3 que existen varios factores que motivaron desarrollar este seminario. \u201cUno de ellos se relaciona directamente con la visi\u00f3n del Gobierno y de la Corfo, en cuanto a la necesidad de incorporar y fomentar el conocimiento en nuestro modelo econ\u00f3mico. La generaci\u00f3n de conocimiento implica la creaci\u00f3n de espacios de di\u00e1logo, como el que nos convoca hoy. Es fundamental abordar el tema del mundo digital y las nuevas tecnolog\u00edas, ya que esto impacta en la productividad y competitividad de las empresas, la industria y el territorio. En resumen, iniciar un proceso de conversaci\u00f3n sobre la digitalizaci\u00f3n, las nuevas tecnolog\u00edas y la inteligencia artificial es crucial para promover mejores niveles de productividad y competitividad en la econom\u00eda de Ays\u00e9n, que aspira a ser cada vez m\u00e1s basada en el conocimiento\u201d.<\/p>\n<p style=\"font-weight: 400; text-align: justify;\">H\u00e9ctor Canales Cabezas, presidente de la Corporaci\u00f3n Instituto de Desarrollo Empresarial y del Emprendimiento de la Regi\u00f3n de Ays\u00e9n, IDEAS, explic\u00f3 que la participaci\u00f3n de Corporaci\u00f3n Ideas en este seminario sobre inteligencia artificial se debe a su inter\u00e9s en el desarrollo productivo de las regiones. Es un tema de gran relevancia que impacta en diversos aspectos de nuestras vidas y sociedad. Como regi\u00f3n de Ays\u00e9n, no podemos ignorar este tema, ya que nos afecta en diferentes dimensiones, desde el comercio hasta las redes sociales. Existe un genuino inter\u00e9s por parte de la regi\u00f3n en abordar este tema, y se est\u00e1 trabajando en su incorporaci\u00f3n en nuestras instituciones educativas y organizaciones. Agradecemos el apoyo del Gobierno regional y Corfo en esta iniciativa, as\u00ed como el compromiso de las corporaciones locales. Estamos en el camino correcto para generar conciencia al respecto.<\/p>\n<p style=\"font-weight: 400; text-align: justify;\">El objetivo del seminario fue acercar la tem\u00e1tica de la inteligencia artificial para su incorporaci\u00f3n como herramienta eficaz en el desarrollo de la regi\u00f3n de Ays\u00e9n, mejorando la competitividad de las empresas y promoviendo la innovaci\u00f3n.<\/p>\n<\/div><\/section><\/div><div  style='height:50px' class='hr hr-invisible   avia-builder-el-6  el_after_av_one_full  el_before_av_social_share '><span class='hr-inner ' ><span class='hr-inner-style'><\/span><\/span><\/div><\/p>\n<div  class='av-social-sharing-box  avia-builder-el-7  el_after_av_hr  el_before_av_hr  '><div class='av-share-box'><h5 class='av-share-link-description av-no-toc '>Compartir esta noticia<\/h5><ul class='av-share-box-list noLightbox'><li class='av-share-link av-social-link-facebook' ><a target=\"_blank\" aria-label=\"Compartir en Facebook\" href='https:\/\/www.facebook.com\/sharer.php?u=https:\/\/radiorevelacionfm.cl\/?p=33901&#038;t=Seminario%20abord%C3%B3%20el%20impacto%20de%20la%20Inteligencia%20Artificial%20en%20la%20regi%C3%B3n%20de%20Ays%C3%A9n' aria-hidden='false' data-av_icon='\ue8f3' data-av_iconfont='entypo-fontello' title='' data-avia-related-tooltip='Compartir en Facebook' rel=\"noopener\"><span class='avia_hidden_link_text'>Compartir en Facebook<\/span><\/a><\/li><li class='av-share-link av-social-link-twitter' ><a target=\"_blank\" aria-label=\"Compartir en Twitter\" href='https:\/\/twitter.com\/share?text=Seminario%20abord%C3%B3%20el%20impacto%20de%20la%20Inteligencia%20Artificial%20en%20la%20regi%C3%B3n%20de%20Ays%C3%A9n&#038;url=https:\/\/radiorevelacionfm.cl\/?p=33901' aria-hidden='false' data-av_icon='\ue8f1' data-av_iconfont='entypo-fontello' title='' data-avia-related-tooltip='Compartir en Twitter' rel=\"noopener\"><span class='avia_hidden_link_text'>Compartir en Twitter<\/span><\/a><\/li><li class='av-share-link av-social-link-whatsapp' ><a target=\"_blank\" aria-label=\"Compartir en Whatsapp\" href='https:\/\/api.whatsapp.com\/send?text=https:\/\/radiorevelacionfm.cl\/?p=33901' aria-hidden='false' data-av_icon='\uf232' data-av_iconfont='entypo-fontello' title='' data-avia-related-tooltip='Compartir en Whatsapp' rel=\"noopener\"><span class='avia_hidden_link_text'>Compartir en Whatsapp<\/span><\/a><\/li><li class='av-share-link av-social-link-linkedin' ><a target=\"_blank\" aria-label=\"Compartir en LinkedIn\" href='https:\/\/linkedin.com\/shareArticle?mini=true&#038;title=Seminario%20abord%C3%B3%20el%20impacto%20de%20la%20Inteligencia%20Artificial%20en%20la%20regi%C3%B3n%20de%20Ays%C3%A9n&#038;url=https:\/\/radiorevelacionfm.cl\/?p=33901' aria-hidden='false' data-av_icon='\ue8fc' data-av_iconfont='entypo-fontello' title='' data-avia-related-tooltip='Compartir en LinkedIn' rel=\"noopener\"><span class='avia_hidden_link_text'>Compartir en LinkedIn<\/span><\/a><\/li><li class='av-share-link av-social-link-mail' ><a  aria-label=\"Compartir por correo\" href='mailto:?subject=Seminario%20abord%C3%B3%20el%20impacto%20de%20la%20Inteligencia%20Artificial%20en%20la%20regi%C3%B3n%20de%20Ays%C3%A9n&#038;body=https:\/\/radiorevelacionfm.cl\/?p=33901' aria-hidden='false' data-av_icon='\ue805' data-av_iconfont='entypo-fontello' title='' data-avia-related-tooltip='Compartir por correo'><span class='avia_hidden_link_text'>Compartir por correo<\/span><\/a><\/li><\/ul><\/div><\/div>\n<div  style='height:50px' class='hr hr-invisible   avia-builder-el-8  el_after_av_social_share  el_before_av_comments_list '><span class='hr-inner ' ><span class='hr-inner-style'><\/span><\/span><\/div>\n<div  class='av-buildercomment  av-blog-meta-html-info-disabled av-blog-meta-tag-disabled  '><\/div>\n","protected":false},"excerpt":{"rendered":"","protected":false},"author":1,"featured_media":33902,"comment_status":"open","ping_status":"open","sticky":false,"template":"","format":"standard","meta":{"footnotes":""},"categories":[38],"tags":[],"class_list":["post-33901","post","type-post","status-publish","format-standard","has-post-thumbnail","hentry","category-regional"],"jetpack_featured_media_url":"https:\/\/radiorevelacionfm.cl\/wp-content\/uploads\/2023\/08\/02-ia-1-1_optimized-1.jpg","_links":{"self":[{"href":"https:\/\/radiorevelacionfm.cl\/index.php?rest_route=\/wp\/v2\/posts\/33901","targetHints":{"allow":["GET"]}}],"collection":[{"href":"https:\/\/radiorevelacionfm.cl\/index.php?rest_route=\/wp\/v2\/posts"}],"about":[{"href":"https:\/\/radiorevelacionfm.cl\/index.php?rest_route=\/wp\/v2\/types\/post"}],"author":[{"embeddable":true,"href":"https:\/\/radiorevelacionfm.cl\/index.php?rest_route=\/wp\/v2\/users\/1"}],"replies":[{"embeddable":true,"href":"https:\/\/radiorevelacionfm.cl\/index.php?rest_route=%2Fwp%2Fv2%2Fcomments&post=33901"}],"version-history":[{"count":1,"href":"https:\/\/radiorevelacionfm.cl\/index.php?rest_route=\/wp\/v2\/posts\/33901\/revisions"}],"predecessor-version":[{"id":33903,"href":"https:\/\/radiorevelacionfm.cl\/index.php?rest_route=\/wp\/v2\/posts\/33901\/revisions\/33903"}],"wp:featuredmedia":[{"embeddable":true,"href":"https:\/\/radiorevelacionfm.cl\/index.php?rest_route=\/wp\/v2\/media\/33902"}],"wp:attachment":[{"href":"https:\/\/radiorevelacionfm.cl\/index.php?rest_route=%2Fwp%2Fv2%2Fmedia&parent=33901"}],"wp:term":[{"taxonomy":"category","embeddable":true,"href":"https:\/\/radiorevelacionfm.cl\/index.php?rest_route=%2Fwp%2Fv2%2Fcategories&post=33901"},{"taxonomy":"post_tag","embeddable":true,"href":"https:\/\/radiorevelacionfm.cl\/index.php?rest_route=%2Fwp%2Fv2%2Ftags&post=33901"}],"curies":[{"name":"wp","href":"https:\/\/api.w.org\/{rel}","templated":true}]}}