{"id":33898,"date":"2023-08-14T18:01:46","date_gmt":"2023-08-14T21:01:46","guid":{"rendered":"https:\/\/radiorevelacionfm.cl\/?p=33898"},"modified":"2023-08-14T18:01:46","modified_gmt":"2023-08-14T21:01:46","slug":"conaf-y-municipalidad-de-puerto-aysen-firman-convenio-de-cooperacion-mutua","status":"publish","type":"post","link":"https:\/\/radiorevelacionfm.cl\/?p=33898","title":{"rendered":"Conaf y Municipalidad de Puerto Ays\u00e9n firman convenio de cooperaci\u00f3n mutua"},"content":{"rendered":"<div class=\"flex_column av_one_full  flex_column_div av-zero-column-padding first  avia-builder-el-0  el_before_av_one_full  avia-builder-el-first  \" style='border-radius:0px; '><div  class='avia-image-container  av-styling-    avia-builder-el-1  avia-builder-el-no-sibling  avia-align-center '  itemprop=\"image\" itemscope=\"itemscope\" itemtype=\"https:\/\/schema.org\/ImageObject\"  ><div class='avia-image-container-inner'><div class='avia-image-overlay-wrap'><img decoding=\"async\" class='wp-image-33899 avia-img-lazy-loading-not-33899 avia_image' src=\"https:\/\/radiorevelacionfm.cl\/wp-content\/uploads\/2023\/08\/foto-1-10-2-1.jpeg\" alt='' title='foto 1 (10) (2) (1)' height=\"600\" width=\"808\"  itemprop=\"thumbnailUrl\" srcset=\"https:\/\/radiorevelacionfm.cl\/wp-content\/uploads\/2023\/08\/foto-1-10-2-1.jpeg 808w, https:\/\/radiorevelacionfm.cl\/wp-content\/uploads\/2023\/08\/foto-1-10-2-1-300x223.jpeg 300w, https:\/\/radiorevelacionfm.cl\/wp-content\/uploads\/2023\/08\/foto-1-10-2-1-768x570.jpeg 768w, https:\/\/radiorevelacionfm.cl\/wp-content\/uploads\/2023\/08\/foto-1-10-2-1-705x524.jpeg 705w, https:\/\/radiorevelacionfm.cl\/wp-content\/uploads\/2023\/08\/foto-1-10-2-1-450x334.jpeg 450w, https:\/\/radiorevelacionfm.cl\/wp-content\/uploads\/2023\/08\/foto-1-10-2-1-600x446.jpeg 600w\" sizes=\"(max-width: 808px) 100vw, 808px\" \/><\/div><\/div><\/div><\/div><div class=\"flex_column av_one_full  flex_column_div av-zero-column-padding first  avia-builder-el-2  el_after_av_one_full  el_before_av_one_full  column-top-margin\" style='border-radius:0px; '><section class=\"av_textblock_section \"  itemscope=\"itemscope\" itemtype=\"https:\/\/schema.org\/BlogPosting\" itemprop=\"blogPost\" ><div class='avia_textblock  '   itemprop=\"text\" ><p style=\"text-align: center;\"><strong><span style=\"font-size: 18pt;\">Conaf y Municipalidad de Puerto Ays\u00e9n firman convenio de cooperaci\u00f3n mutua<\/span><\/strong><\/p>\n<div id=\"gtx-trans\" style=\"position: absolute; left: -50px; top: 4.31534px;\">\n<div class=\"gtx-trans-icon\"><\/div>\n<\/div>\n<\/div><\/section><\/div><div class=\"flex_column av_one_full  flex_column_div av-zero-column-padding first  avia-builder-el-4  el_after_av_one_full  el_before_av_hr  column-top-margin\" style='border-radius:0px; '><section class=\"av_textblock_section \"  itemscope=\"itemscope\" itemtype=\"https:\/\/schema.org\/BlogPosting\" itemprop=\"blogPost\" ><div class='avia_textblock  '   itemprop=\"text\" ><p class=\"v1MsoNormal\" style=\"text-align: justify;\">Un convenio de cooperaci\u00f3n mutua, que se traducir\u00e1 en gestiones y acciones destinadas a beneficiar a la comunidad de Puerto Ays\u00e9n, as\u00ed como tambi\u00e9n sus ecosistemas y biodiversidad, concretaron la semana pasada el alcalde Julio Uribe y la Directora Regional de Conaf, Loreto Pedrasa Manieu.<\/p>\n<p class=\"v1MsoNormal\" style=\"text-align: justify;\"><span lang=\"ES\">El convenio est\u00e1 orientado a generar acciones articuladas para contribuir con el desarrollo productivo, social y ambiental de la localidad mediante acciones como la capacitaci\u00f3n y transferencia t\u00e9cnica en manejo y silvicultura de bosque nativo y bosques plantados con objetivos productivos madereros y no madereros<\/span><\/p>\n<p class=\"v1MsoNormal\" style=\"text-align: justify;\"><span lang=\"ES\">En este sentido, Corporaci\u00f3n Nacional Forestal, Conaf brindar\u00e1 asistencia t\u00e9cnica y capacitaci\u00f3n para conseguir una mayor eficiencia en la l\u00ednea de producci\u00f3n maderera y obtener el mayor valor posible de los recursos boscosos que se intervengan, esto es madera de calidad para construcci\u00f3n, para muebler\u00eda r\u00fastica y derivados como tejuelas, varas, postes, le\u00f1a, seg\u00fan corresponda.<\/span><\/p>\n<p class=\"v1MsoNormal\" style=\"text-align: justify;\"><span lang=\"ES\">\u00abNuestra misi\u00f3n Garantizar la conservaci\u00f3n, restauraci\u00f3n y el manejo sustentable de los ecosistemas boscosos y xerof\u00edticos del pa\u00eds, mediante acciones destinadas a la conservaci\u00f3n, manejo de ecosistemas, monitoreo y arborizaci\u00f3n, para satisfacer la demanda actual y futura por bienes y servicios ecosist\u00e9micos y contribuir al desarrollo territorial, de los pueblos originarios, las comunidades vulnerables y la valoraci\u00f3n de la biodiversidad en un escenario de crisis clim\u00e1tica y en ese sentido es que estamos trabajando en toda la regi\u00f3n y con distintos municipios,<\/span><span lang=\"ES\">\u00a0<\/span>pues\u00a0<span lang=\"ES\">como gobierno estamos impulsando acciones que aporten directamente a proteger y recuperar la biodiversidad del pa\u00eds.<\/span><span lang=\"ES\">\u00a0<\/span>Entonces, hoy fortalecemos nuestra alianza con el municipio, lo que nos permitir\u00e1 realizar acciones coordinadas para prevenir incendios forestales, hacer fiscalizaci\u00f3n ambiental y proteger nuestros ecosistemas<span lang=\"ES\">\u00ab, se\u00f1al\u00f3 la Directora Regional de Conaf, Loreto Pedrasa Manieu.<\/span><\/p>\n<p class=\"v1MsoNormal\" style=\"text-align: justify;\"><span lang=\"ES\">\u00abCon esta iniciativa apuntamos a ayudar a resolver las problem\u00e1ticas de abastecimiento le\u00f1a en la zona insular de la comuna de Puerto Ays\u00e9n, adem\u00e1s de realizar acciones educativas y de sensibilizaci\u00f3n destinadas a modificar la conducta de la poblaci\u00f3n respecto a la problem\u00e1tica socio-ambiental que genera los incendios forestales\u00bb, agreg\u00f3 Paz G\u00f3mez Gonz\u00e1lez, Jefa (I) de Conaf Provincial Ays\u00e9n.<\/span><\/p>\n<p class=\"v1MsoNormal\" style=\"text-align: justify;\"><span lang=\"ES\">Del mismo modo, el alcalde de Puerto Ays\u00e9n, Julio Uribe Alvarado, valor\u00f3 la iniciativa indicando que se suma a otras que ha estado implementando Conaf en el litoral aisenino \u00aby que se encuentran destinadas a aprovechar nuestros bosques de buena forma, con planes de manejo, y as\u00ed explotar el bosque para ir en beneficio\u00a0 de las personas m\u00e1s necesitadas, pero siempre cosechando nuestros bosques sustentablemente.\u00bb<\/span><\/p>\n<p class=\"v1MsoNormal\" style=\"text-align: justify;\"><span lang=\"ES\">En este sentido, el edil destac\u00f3 los resultados de una iniciativa anterior, donde Conaf entreg\u00f3 plantas de calafate a un grupo de vecinos, quienes las usaron para generar una actividad productiva.\u00a0<\/span><\/p>\n<p class=\"v1MsoNormal\" style=\"text-align: justify;\"><span lang=\"ES\">\u00abLa firma de este convenio viene a fortalecer el trabajo colaborativo entre nosotros como Municipalidad y la Corporaci\u00f3n Nacional Forestal, Conaf, en beneficio de la comunidad de Puerto Ays\u00e9n\u00bb, concluy\u00f3 el alcalde.\u00a0<\/span><\/p>\n<p class=\"v1MsoNormal\" style=\"text-align: justify;\"><span lang=\"ES\">\u00a0<\/span><\/p>\n<\/div><\/section><\/div><div  style='height:50px' class='hr hr-invisible   avia-builder-el-6  el_after_av_one_full  el_before_av_social_share '><span class='hr-inner ' ><span class='hr-inner-style'><\/span><\/span><\/div><\/p>\n<div  class='av-social-sharing-box  avia-builder-el-7  el_after_av_hr  el_before_av_hr  '><div class='av-share-box'><h5 class='av-share-link-description av-no-toc '>Compartir esta noticia<\/h5><ul class='av-share-box-list noLightbox'><li class='av-share-link av-social-link-facebook' ><a target=\"_blank\" aria-label=\"Compartir en Facebook\" href='https:\/\/www.facebook.com\/sharer.php?u=https:\/\/radiorevelacionfm.cl\/?p=33898&#038;t=Conaf%20y%20Municipalidad%20de%20Puerto%20Ays%C3%A9n%20firman%20convenio%20de%20cooperaci%C3%B3n%20mutua' aria-hidden='false' data-av_icon='\ue8f3' data-av_iconfont='entypo-fontello' title='' data-avia-related-tooltip='Compartir en Facebook' rel=\"noopener\"><span class='avia_hidden_link_text'>Compartir en Facebook<\/span><\/a><\/li><li class='av-share-link av-social-link-twitter' ><a target=\"_blank\" aria-label=\"Compartir en Twitter\" href='https:\/\/twitter.com\/share?text=Conaf%20y%20Municipalidad%20de%20Puerto%20Ays%C3%A9n%20firman%20convenio%20de%20cooperaci%C3%B3n%20mutua&#038;url=https:\/\/radiorevelacionfm.cl\/?p=33898' aria-hidden='false' data-av_icon='\ue8f1' data-av_iconfont='entypo-fontello' title='' data-avia-related-tooltip='Compartir en Twitter' rel=\"noopener\"><span class='avia_hidden_link_text'>Compartir en Twitter<\/span><\/a><\/li><li class='av-share-link av-social-link-whatsapp' ><a target=\"_blank\" aria-label=\"Compartir en Whatsapp\" href='https:\/\/api.whatsapp.com\/send?text=https:\/\/radiorevelacionfm.cl\/?p=33898' aria-hidden='false' data-av_icon='\uf232' data-av_iconfont='entypo-fontello' title='' data-avia-related-tooltip='Compartir en Whatsapp' rel=\"noopener\"><span class='avia_hidden_link_text'>Compartir en Whatsapp<\/span><\/a><\/li><li class='av-share-link av-social-link-linkedin' ><a target=\"_blank\" aria-label=\"Compartir en LinkedIn\" href='https:\/\/linkedin.com\/shareArticle?mini=true&#038;title=Conaf%20y%20Municipalidad%20de%20Puerto%20Ays%C3%A9n%20firman%20convenio%20de%20cooperaci%C3%B3n%20mutua&#038;url=https:\/\/radiorevelacionfm.cl\/?p=33898' aria-hidden='false' data-av_icon='\ue8fc' data-av_iconfont='entypo-fontello' title='' data-avia-related-tooltip='Compartir en LinkedIn' rel=\"noopener\"><span class='avia_hidden_link_text'>Compartir en LinkedIn<\/span><\/a><\/li><li class='av-share-link av-social-link-mail' ><a  aria-label=\"Compartir por correo\" href='mailto:?subject=Conaf%20y%20Municipalidad%20de%20Puerto%20Ays%C3%A9n%20firman%20convenio%20de%20cooperaci%C3%B3n%20mutua&#038;body=https:\/\/radiorevelacionfm.cl\/?p=33898' aria-hidden='false' data-av_icon='\ue805' data-av_iconfont='entypo-fontello' title='' data-avia-related-tooltip='Compartir por correo'><span class='avia_hidden_link_text'>Compartir por correo<\/span><\/a><\/li><\/ul><\/div><\/div>\n<div  style='height:50px' class='hr hr-invisible   avia-builder-el-8  el_after_av_social_share  el_before_av_comments_list '><span class='hr-inner ' ><span class='hr-inner-style'><\/span><\/span><\/div>\n<div  class='av-buildercomment  av-blog-meta-html-info-disabled av-blog-meta-tag-disabled  '><\/div>\n","protected":false},"excerpt":{"rendered":"","protected":false},"author":1,"featured_media":33899,"comment_status":"open","ping_status":"open","sticky":false,"template":"","format":"standard","meta":{"footnotes":""},"categories":[38],"tags":[],"class_list":["post-33898","post","type-post","status-publish","format-standard","has-post-thumbnail","hentry","category-regional"],"jetpack_featured_media_url":"https:\/\/radiorevelacionfm.cl\/wp-content\/uploads\/2023\/08\/foto-1-10-2-1.jpeg","_links":{"self":[{"href":"https:\/\/radiorevelacionfm.cl\/index.php?rest_route=\/wp\/v2\/posts\/33898","targetHints":{"allow":["GET"]}}],"collection":[{"href":"https:\/\/radiorevelacionfm.cl\/index.php?rest_route=\/wp\/v2\/posts"}],"about":[{"href":"https:\/\/radiorevelacionfm.cl\/index.php?rest_route=\/wp\/v2\/types\/post"}],"author":[{"embeddable":true,"href":"https:\/\/radiorevelacionfm.cl\/index.php?rest_route=\/wp\/v2\/users\/1"}],"replies":[{"embeddable":true,"href":"https:\/\/radiorevelacionfm.cl\/index.php?rest_route=%2Fwp%2Fv2%2Fcomments&post=33898"}],"version-history":[{"count":1,"href":"https:\/\/radiorevelacionfm.cl\/index.php?rest_route=\/wp\/v2\/posts\/33898\/revisions"}],"predecessor-version":[{"id":33900,"href":"https:\/\/radiorevelacionfm.cl\/index.php?rest_route=\/wp\/v2\/posts\/33898\/revisions\/33900"}],"wp:featuredmedia":[{"embeddable":true,"href":"https:\/\/radiorevelacionfm.cl\/index.php?rest_route=\/wp\/v2\/media\/33899"}],"wp:attachment":[{"href":"https:\/\/radiorevelacionfm.cl\/index.php?rest_route=%2Fwp%2Fv2%2Fmedia&parent=33898"}],"wp:term":[{"taxonomy":"category","embeddable":true,"href":"https:\/\/radiorevelacionfm.cl\/index.php?rest_route=%2Fwp%2Fv2%2Fcategories&post=33898"},{"taxonomy":"post_tag","embeddable":true,"href":"https:\/\/radiorevelacionfm.cl\/index.php?rest_route=%2Fwp%2Fv2%2Ftags&post=33898"}],"curies":[{"name":"wp","href":"https:\/\/api.w.org\/{rel}","templated":true}]}}