{"id":33894,"date":"2023-08-14T12:19:43","date_gmt":"2023-08-14T15:19:43","guid":{"rendered":"https:\/\/radiorevelacionfm.cl\/?p=33894"},"modified":"2023-08-14T12:19:43","modified_gmt":"2023-08-14T15:19:43","slug":"mop-genera-nuevo-proceso-de-participacion-ciudadana-para-exponer-alternativas-para-mejorar-conectividad-en-el-lago-ohiggins","status":"publish","type":"post","link":"https:\/\/radiorevelacionfm.cl\/?p=33894","title":{"rendered":"MOP genera nuevo proceso de participaci\u00f3n ciudadana para exponer alternativas para mejorar conectividad en el Lago O&#8217;higgins"},"content":{"rendered":"<div class=\"flex_column av_one_full  flex_column_div av-zero-column-padding first  avia-builder-el-0  el_before_av_one_full  avia-builder-el-first  \" style='border-radius:0px; '><div  class='avia-image-container  av-styling-    avia-builder-el-1  avia-builder-el-no-sibling  avia-align-center '  itemprop=\"image\" itemscope=\"itemscope\" itemtype=\"https:\/\/schema.org\/ImageObject\"  ><div class='avia-image-container-inner'><div class='avia-image-overlay-wrap'><img decoding=\"async\" class='wp-image-33895 avia-img-lazy-loading-not-33895 avia_image' src=\"https:\/\/radiorevelacionfm.cl\/wp-content\/uploads\/2023\/08\/IMG-20230813-WA0025-1-1-1.jpg\" alt='' title='IMG-20230813-WA0025 (1) (1) (1)' height=\"600\" width=\"800\"  itemprop=\"thumbnailUrl\" srcset=\"https:\/\/radiorevelacionfm.cl\/wp-content\/uploads\/2023\/08\/IMG-20230813-WA0025-1-1-1.jpg 800w, https:\/\/radiorevelacionfm.cl\/wp-content\/uploads\/2023\/08\/IMG-20230813-WA0025-1-1-1-300x225.jpg 300w, https:\/\/radiorevelacionfm.cl\/wp-content\/uploads\/2023\/08\/IMG-20230813-WA0025-1-1-1-768x576.jpg 768w, https:\/\/radiorevelacionfm.cl\/wp-content\/uploads\/2023\/08\/IMG-20230813-WA0025-1-1-1-705x529.jpg 705w, https:\/\/radiorevelacionfm.cl\/wp-content\/uploads\/2023\/08\/IMG-20230813-WA0025-1-1-1-450x338.jpg 450w, https:\/\/radiorevelacionfm.cl\/wp-content\/uploads\/2023\/08\/IMG-20230813-WA0025-1-1-1-600x450.jpg 600w\" sizes=\"(max-width: 800px) 100vw, 800px\" \/><\/div><\/div><\/div><\/div><div class=\"flex_column av_one_full  flex_column_div av-zero-column-padding first  avia-builder-el-2  el_after_av_one_full  el_before_av_one_full  column-top-margin\" style='border-radius:0px; '><section class=\"av_textblock_section \"  itemscope=\"itemscope\" itemtype=\"https:\/\/schema.org\/BlogPosting\" itemprop=\"blogPost\" ><div class='avia_textblock  '   itemprop=\"text\" ><p style=\"text-align: center;\"><strong><span style=\"font-size: 18pt;\">MOP genera nuevo proceso de participaci\u00f3n ciudadana para exponer alternativas para mejorar conectividad en el Lago O&#8217;higgins<\/span><\/strong><\/p>\n<div id=\"gtx-trans\" style=\"position: absolute; left: -50px; top: 4.31534px;\">\n<div class=\"gtx-trans-icon\"><\/div>\n<\/div>\n<\/div><\/section><\/div><div class=\"flex_column av_one_full  flex_column_div av-zero-column-padding first  avia-builder-el-4  el_after_av_one_full  el_before_av_hr  column-top-margin\" style='border-radius:0px; '><section class=\"av_textblock_section \"  itemscope=\"itemscope\" itemtype=\"https:\/\/schema.org\/BlogPosting\" itemprop=\"blogPost\" ><div class='avia_textblock  '   itemprop=\"text\" ><p style=\"text-align: justify;\">El Secretario Regional Ministerial de Obras P\u00fablicas Patricio Sanhueza Ulloa junto al Director Regional de Obras Portuarias del Ministerio de Obras P\u00fablicas, \u00c1lvaro D\u00edaz Contreras y equipo, el pr\u00f3ximo jueves 17 de agosto, realizar\u00e1n una exposici\u00f3n de las alternativas que se encuentran en carpeta en esta direcci\u00f3n, para mejorar la conectividad en el lago O\u00b4Higgins, y difundir entre las actuales autoridades locales, as\u00ed como tambi\u00e9n a toda la comunidad el actual Dise\u00f1o de la nave que hoy se encuentra judicializada y con 70% de avance en su construcci\u00f3n, y la propuesta de generar un nuevo Dise\u00f1o de embarcaci\u00f3n.<\/p>\n<p style=\"text-align: justify;\">\u201cQueremos realizar una reuni\u00f3n ampliada para que asista toda la comunidad de Villa O\u00b4Higgins con el objeto de poder dar a conocer el Dise\u00f1o de la embarcaci\u00f3n que se estaba construyendo -el que hoy se encuentra en proceso judicial, y no tenemos certeza de la fecha en la que terminar\u00e1- e informar que nuestra ministra autoriz\u00f3 que comencemos un nuevo procedimiento para dise\u00f1ar y construir una nueva embarcaci\u00f3n\u201d, se\u00f1al\u00f3 el director regional de Obras Portuarias MOP.<\/p>\n<p style=\"text-align: justify;\">En esta participaci\u00f3n ciudadana \u2013dijo \u00c1lvaro D\u00edaz Contreras- \u201cnecesitamos que la comunidad junto con interiorizarse acerca del Dise\u00f1o en ejecuci\u00f3n, tambi\u00e9n valide o no valide ese Dise\u00f1o. En caso que la comunidad opte por validar esa propuesta, ganar\u00edamos un tiempo aproximado de seis meses para lograr tener la embarcaci\u00f3n ya construy\u00e9ndose a orillas del lago O\u00b4Higgins el a\u00f1o 2025, lo que adelantar\u00eda todo incluso hasta tener operativa la embarcaci\u00f3n antes de lo previsto. En el caso de que la comunidad y autoridades locales decidieran no elegir ese Dise\u00f1o que se estaba construyendo, vamos a abordar otro proceso de participaci\u00f3n ciudadana y sus distintas etapas hasta obtener un nuevo Dise\u00f1o definitivo, \u00a0algo similar al trabajo que realizamos para concretar la propuesta de Dise\u00f1o de la embarcaci\u00f3n complementaria para el lago General Carrera\u201d.<\/p>\n<p style=\"text-align: justify;\">Al d\u00eda de hoy tenemos avances muy importantes, agreg\u00f3 el director regional de Obras Portuarias, \u201cdespu\u00e9s de la visita de la ministra Jessica L\u00f3pez hemos estado gestionando con distintos actores y autoridades la aprobaci\u00f3n del presupuesto para poder construir una nueva embarcaci\u00f3n y hoy estamos a la espera de lo que indique DIPRES para comenzar la licitaci\u00f3n, lo que nos permitir\u00e1 iniciar el proceso en lo inmediato, sea generando un nuevo Dise\u00f1o, o sea para construir el antiguo Dise\u00f1o en caso de la aprobaci\u00f3n de la comunidad, as\u00ed que dentro de los pr\u00f3ximos 2 a 3 meses vamos a tener listo c\u00f3mo vamos a abordar el Dise\u00f1o y programar los plazos de licitaci\u00f3n, que estimamos puedan desarrollarse durante este a\u00f1o, el 2024 construir la nueva nave y a fin del a\u00f1o 2025 podr\u00edamos tener navegando esa embarcaci\u00f3n\u201d.<\/p>\n<p style=\"text-align: justify;\">De esta forma, el Director Regional de Obras Portuarias del MOP se\u00f1al\u00f3 como muy relevante para el Ministerio de Obras P\u00fablicas poder trabajar con las vecinas y vecinos de Villa O\u00b4Higgins y sus alrededores en esta iniciativa, indicando al respecto que \u201cinvitamos a la comunidad de Villa O\u00b4Higgins a que asista a la reuni\u00f3n de participaci\u00f3n ciudadana que se efectuar\u00e1 el pr\u00f3ximo jueves 17 de agosto, a las 18:30 horas en dependencias del Centro de Eventos Municipal de Villa O\u00b4Higgins, porque es muy importante poder contar con su opini\u00f3n para decidir los siguientes pasos que se dar\u00e1n, trabajando conjuntamente para mejorar su conectividad lacustre\u201d.<\/p>\n<p style=\"text-align: justify;\">Por \u00faltimo, la autoridad sectorial de Obras P\u00fablicas, inform\u00f3 que el pr\u00f3ximo viernes 18 de agosto \u201cjunto a nuestro equipo de Obras Portuarias y con apoyo de la autoridad mar\u00edtima vamos a recorrer el lago O\u00b4Higgins para ir a conversar con los pobladores ubicados en este sector, y que no puedan asistir a esta participaci\u00f3n ciudadana,\u00a0 para contarles lo que estamos haciendo como direcci\u00f3n de Obras Portuarias en el territorio, y que ellos nos comenten sus requerimientos y su visi\u00f3n respecto a una nueva embarcaci\u00f3n que opere en el lago O\u00b4Higgins\u201d.<\/p>\n<\/div><\/section><\/div><div  style='height:50px' class='hr hr-invisible   avia-builder-el-6  el_after_av_one_full  el_before_av_social_share '><span class='hr-inner ' ><span class='hr-inner-style'><\/span><\/span><\/div><\/p>\n<div  class='av-social-sharing-box  avia-builder-el-7  el_after_av_hr  el_before_av_hr  '><div class='av-share-box'><h5 class='av-share-link-description av-no-toc '>Compartir esta noticia<\/h5><ul class='av-share-box-list noLightbox'><li class='av-share-link av-social-link-facebook' ><a target=\"_blank\" aria-label=\"Compartir en Facebook\" href='https:\/\/www.facebook.com\/sharer.php?u=https:\/\/radiorevelacionfm.cl\/?p=33894&#038;t=MOP%20genera%20nuevo%20proceso%20de%20participaci%C3%B3n%20ciudadana%20para%20exponer%20alternativas%20para%20mejorar%20conectividad%20en%20el%20Lago%20O%E2%80%99higgins' aria-hidden='false' data-av_icon='\ue8f3' data-av_iconfont='entypo-fontello' title='' data-avia-related-tooltip='Compartir en Facebook' rel=\"noopener\"><span class='avia_hidden_link_text'>Compartir en Facebook<\/span><\/a><\/li><li class='av-share-link av-social-link-twitter' ><a target=\"_blank\" aria-label=\"Compartir en Twitter\" href='https:\/\/twitter.com\/share?text=MOP%20genera%20nuevo%20proceso%20de%20participaci%C3%B3n%20ciudadana%20para%20exponer%20alternativas%20para%20mejorar%20conectividad%20en%20el%20Lago%20O%E2%80%99higgins&#038;url=https:\/\/radiorevelacionfm.cl\/?p=33894' aria-hidden='false' data-av_icon='\ue8f1' data-av_iconfont='entypo-fontello' title='' data-avia-related-tooltip='Compartir en Twitter' rel=\"noopener\"><span class='avia_hidden_link_text'>Compartir en Twitter<\/span><\/a><\/li><li class='av-share-link av-social-link-whatsapp' ><a target=\"_blank\" aria-label=\"Compartir en Whatsapp\" href='https:\/\/api.whatsapp.com\/send?text=https:\/\/radiorevelacionfm.cl\/?p=33894' aria-hidden='false' data-av_icon='\uf232' data-av_iconfont='entypo-fontello' title='' data-avia-related-tooltip='Compartir en Whatsapp' rel=\"noopener\"><span class='avia_hidden_link_text'>Compartir en Whatsapp<\/span><\/a><\/li><li class='av-share-link av-social-link-linkedin' ><a target=\"_blank\" aria-label=\"Compartir en LinkedIn\" href='https:\/\/linkedin.com\/shareArticle?mini=true&#038;title=MOP%20genera%20nuevo%20proceso%20de%20participaci%C3%B3n%20ciudadana%20para%20exponer%20alternativas%20para%20mejorar%20conectividad%20en%20el%20Lago%20O%E2%80%99higgins&#038;url=https:\/\/radiorevelacionfm.cl\/?p=33894' aria-hidden='false' data-av_icon='\ue8fc' data-av_iconfont='entypo-fontello' title='' data-avia-related-tooltip='Compartir en LinkedIn' rel=\"noopener\"><span class='avia_hidden_link_text'>Compartir en LinkedIn<\/span><\/a><\/li><li class='av-share-link av-social-link-mail' ><a  aria-label=\"Compartir por correo\" href='mailto:?subject=MOP%20genera%20nuevo%20proceso%20de%20participaci%C3%B3n%20ciudadana%20para%20exponer%20alternativas%20para%20mejorar%20conectividad%20en%20el%20Lago%20O%E2%80%99higgins&#038;body=https:\/\/radiorevelacionfm.cl\/?p=33894' aria-hidden='false' data-av_icon='\ue805' data-av_iconfont='entypo-fontello' title='' data-avia-related-tooltip='Compartir por correo'><span class='avia_hidden_link_text'>Compartir por correo<\/span><\/a><\/li><\/ul><\/div><\/div>\n<div  style='height:50px' class='hr hr-invisible   avia-builder-el-8  el_after_av_social_share  el_before_av_comments_list '><span class='hr-inner ' ><span class='hr-inner-style'><\/span><\/span><\/div>\n<div  class='av-buildercomment  av-blog-meta-html-info-disabled av-blog-meta-tag-disabled  '><\/div>\n","protected":false},"excerpt":{"rendered":"","protected":false},"author":1,"featured_media":33895,"comment_status":"open","ping_status":"open","sticky":false,"template":"","format":"standard","meta":{"footnotes":""},"categories":[38],"tags":[],"class_list":["post-33894","post","type-post","status-publish","format-standard","has-post-thumbnail","hentry","category-regional"],"jetpack_featured_media_url":"https:\/\/radiorevelacionfm.cl\/wp-content\/uploads\/2023\/08\/IMG-20230813-WA0025-1-1-1.jpg","_links":{"self":[{"href":"https:\/\/radiorevelacionfm.cl\/index.php?rest_route=\/wp\/v2\/posts\/33894","targetHints":{"allow":["GET"]}}],"collection":[{"href":"https:\/\/radiorevelacionfm.cl\/index.php?rest_route=\/wp\/v2\/posts"}],"about":[{"href":"https:\/\/radiorevelacionfm.cl\/index.php?rest_route=\/wp\/v2\/types\/post"}],"author":[{"embeddable":true,"href":"https:\/\/radiorevelacionfm.cl\/index.php?rest_route=\/wp\/v2\/users\/1"}],"replies":[{"embeddable":true,"href":"https:\/\/radiorevelacionfm.cl\/index.php?rest_route=%2Fwp%2Fv2%2Fcomments&post=33894"}],"version-history":[{"count":1,"href":"https:\/\/radiorevelacionfm.cl\/index.php?rest_route=\/wp\/v2\/posts\/33894\/revisions"}],"predecessor-version":[{"id":33896,"href":"https:\/\/radiorevelacionfm.cl\/index.php?rest_route=\/wp\/v2\/posts\/33894\/revisions\/33896"}],"wp:featuredmedia":[{"embeddable":true,"href":"https:\/\/radiorevelacionfm.cl\/index.php?rest_route=\/wp\/v2\/media\/33895"}],"wp:attachment":[{"href":"https:\/\/radiorevelacionfm.cl\/index.php?rest_route=%2Fwp%2Fv2%2Fmedia&parent=33894"}],"wp:term":[{"taxonomy":"category","embeddable":true,"href":"https:\/\/radiorevelacionfm.cl\/index.php?rest_route=%2Fwp%2Fv2%2Fcategories&post=33894"},{"taxonomy":"post_tag","embeddable":true,"href":"https:\/\/radiorevelacionfm.cl\/index.php?rest_route=%2Fwp%2Fv2%2Ftags&post=33894"}],"curies":[{"name":"wp","href":"https:\/\/api.w.org\/{rel}","templated":true}]}}