{"id":33891,"date":"2023-08-14T10:55:57","date_gmt":"2023-08-14T13:55:57","guid":{"rendered":"https:\/\/radiorevelacionfm.cl\/?p=33891"},"modified":"2023-08-14T10:55:57","modified_gmt":"2023-08-14T13:55:57","slug":"mesa-unica-nacional-de-servicios-sanitarios-rurales-tendra-representante-de-la-region-de-aysen","status":"publish","type":"post","link":"https:\/\/radiorevelacionfm.cl\/?p=33891","title":{"rendered":"Mesa \u00danica Nacional de Servicios Sanitarios Rurales tendr\u00e1 representante de la regi\u00f3n de Ays\u00e9n"},"content":{"rendered":"<div class=\"flex_column av_one_full  flex_column_div av-zero-column-padding first  avia-builder-el-0  el_before_av_one_full  avia-builder-el-first  \" style='border-radius:0px; '><div  class='avia-image-container  av-styling-    avia-builder-el-1  avia-builder-el-no-sibling  avia-align-center '  itemprop=\"image\" itemscope=\"itemscope\" itemtype=\"https:\/\/schema.org\/ImageObject\"  ><div class='avia-image-container-inner'><div class='avia-image-overlay-wrap'><img decoding=\"async\" class='wp-image-33892 avia-img-lazy-loading-not-33892 avia_image' src=\"https:\/\/radiorevelacionfm.cl\/wp-content\/uploads\/2023\/08\/estanque-4-1-1_optimized-1.jpg\" alt='' title='estanque-4-(1)-(1)_optimized (1)' height=\"600\" width=\"800\"  itemprop=\"thumbnailUrl\" srcset=\"https:\/\/radiorevelacionfm.cl\/wp-content\/uploads\/2023\/08\/estanque-4-1-1_optimized-1.jpg 800w, https:\/\/radiorevelacionfm.cl\/wp-content\/uploads\/2023\/08\/estanque-4-1-1_optimized-1-300x225.jpg 300w, https:\/\/radiorevelacionfm.cl\/wp-content\/uploads\/2023\/08\/estanque-4-1-1_optimized-1-768x576.jpg 768w, https:\/\/radiorevelacionfm.cl\/wp-content\/uploads\/2023\/08\/estanque-4-1-1_optimized-1-705x529.jpg 705w, https:\/\/radiorevelacionfm.cl\/wp-content\/uploads\/2023\/08\/estanque-4-1-1_optimized-1-450x338.jpg 450w, https:\/\/radiorevelacionfm.cl\/wp-content\/uploads\/2023\/08\/estanque-4-1-1_optimized-1-600x450.jpg 600w\" sizes=\"(max-width: 800px) 100vw, 800px\" \/><\/div><\/div><\/div><\/div><div class=\"flex_column av_one_full  flex_column_div av-zero-column-padding first  avia-builder-el-2  el_after_av_one_full  el_before_av_one_full  column-top-margin\" style='border-radius:0px; '><section class=\"av_textblock_section \"  itemscope=\"itemscope\" itemtype=\"https:\/\/schema.org\/BlogPosting\" itemprop=\"blogPost\" ><div class='avia_textblock  '   itemprop=\"text\" ><p style=\"text-align: center;\"><strong><span style=\"font-size: 18pt;\">Mesa \u00danica Nacional de Servicios Sanitarios Rurales tendr\u00e1 representante de la regi\u00f3n de Ays\u00e9n<\/span><\/strong><\/p>\n<div id=\"gtx-trans\" style=\"position: absolute; left: -50px; top: 4.31534px;\">\n<div class=\"gtx-trans-icon\"><\/div>\n<\/div>\n<\/div><\/section><\/div><div class=\"flex_column av_one_full  flex_column_div av-zero-column-padding first  avia-builder-el-4  el_after_av_one_full  el_before_av_hr  column-top-margin\" style='border-radius:0px; '><section class=\"av_textblock_section \"  itemscope=\"itemscope\" itemtype=\"https:\/\/schema.org\/BlogPosting\" itemprop=\"blogPost\" ><div class='avia_textblock  '   itemprop=\"text\" ><p style=\"text-align: justify;\">El Director Regional de Obras Hidr\u00e1ulicas del Ministerio de Obras P\u00fablicas, Francisco Real Bahamonde, inform\u00f3 esta semana que se inici\u00f3 el proceso de elecci\u00f3n de un representante de la regi\u00f3n de Ays\u00e9n para que integre la Mesa \u00danica Nacional de Servicios Sanitarios Rurales, que el Ministerio de Obras P\u00fablicas est\u00e1 liderando en todo el pa\u00eds, con el objeto de generar un dialogo social sobre la Ley 20.998, que rige el actuar de los Servicios Sanitarios Rurales (SSR), y proponer cambios o mejoras, tanto normativas como operacionales.<\/p>\n<p style=\"text-align: justify;\">La autoridad regional de Obras Hidr\u00e1ulicas expres\u00f3 que \u201cen este gobierno, y por mandato de nuestra ministra de Obras P\u00fablicas, se est\u00e1 generando una instancia de di\u00e1logo con la comunidad entorno a esta Ley y su implementaci\u00f3n, as\u00ed como tambi\u00e9n se ha establecido un proceso democr\u00e1tico y transparente para que los Comit\u00e9s a trav\u00e9s de sus representantes puedan ser candidatos y los presidentes votar para elegir a un representante regional que integre la Mesa \u00danica Nacional de Servicios Sanitarios Rurales (MUN), quienes tendr\u00e1n la misi\u00f3n de aportar desde la realidad regional a mejorar la Ley. Este es un hito importante, porque como gobierno hoy se est\u00e1 integrando a la comunidad en este proceso, se integra su voz, su voto y la experiencia de cada regi\u00f3n, por lo tanto esta es una oportunidad real de participaci\u00f3n activa y vinculante de las personas, en un tema tan relevante como es la Ley que regir\u00e1 su actuar -derechos y deberes- durante los pr\u00f3ximos a\u00f1os\u201d.<\/p>\n<p style=\"text-align: justify;\">Este proceso est\u00e1 siendo desarrollado con los Comit\u00e9s de Servicios Sanitarios Rurales, quienes hasta el 11 de agosto tuvieron plazo para inscribir a sus candidatos, quienes deb\u00edan ser parte de una directiva inscrita dentro del Registro de Operadores de Servicios Sanitarios Rurales (SSR ex-APR) para poder participar, y hoy ya contamos con cinco candidatos que integran los Servicios Sanitarios Rurales de Villa Ma\u00f1ihuales, Alto Baguales, Panguilemu, Cerro Negro y El Salto Coyhaique.<\/p>\n<p style=\"text-align: justify;\">En este proceso s\u00f3lo vota el presidente o presidenta del Comit\u00e9 del Servicio Sanitario Rural (ex APR) o quien \u00e9l\/ella delegue por poder simple. \u201cSolicitamos autorizaci\u00f3n en el nivel central para que en las localidades de Puerto Gala, Gaviota, Puerto Aguirre, Melinka, y Puerto Ra\u00fal Mar\u00edn Balmaceda ellos puedan enviar su voto v\u00eda carta certificada para facilitar el proceso de votaci\u00f3n en los sectores m\u00e1s alejados. En forma paralela, se nombrar\u00e1 un TRICEL regional en Coyhaique y TRICELES en las provincias de Ays\u00e9n y General Carrera, as\u00ed como tambi\u00e9n un TRICEL itinerante que recorrer\u00e1 el norte y sur de la regi\u00f3n y que tendr\u00e1 la misi\u00f3n de llegar a\u00a0 los Servicios Sanitarios Rurales -40 de los 46 que se encuentran constituidos como tales-para asegurar que el proceso eleccionario sea transparente y cumpla con lo establecido en el reglamento de elecciones. La votaci\u00f3n y funcionamiento de los TRICEL se realizar\u00e1 los d\u00edas 22 y 23 de agosto 2023, de 9:00 a 17:00 horas, en dependencias de las respectivas Delegaciones mencionadas, as\u00ed que invitamos a todos y todas las y los presidentes de los Comit\u00e9s de Servicios Sanitarios Rurales a que participen en esta instancia emitiendo su voto\u201d, indic\u00f3 el Director Regional de Obras Hidr\u00e1ulicas del MOP.<\/p>\n<p style=\"text-align: justify;\">Una vez constituida la Mesa \u00danica de Servicios Sanitarios Rurales, \u00e9sta funcionar\u00e1 entre los meses de septiembre y diciembre del a\u00f1o 2023, ocasi\u00f3n en la que sus integrantes tendr\u00e1n sesiones v\u00eda online y presencial.<\/p>\n<p style=\"text-align: justify;\">Cabe se\u00f1alar que, con la vigencia de la Ley 20.998, se avanza en forma significativa para garantizar el abastecimiento de agua potable y saneamiento para los habitantes del sector rural de Chile, se reconoce a las organizaciones sociales como los operadores y administradores de los SSR en su territorio y se establece el rol del Estado como proveedor de la infraestructura, ejecutando obras para servicios existentes y nuevos. Adem\u00e1s, la Ley tambi\u00e9n establece que el Ministerio de Obras P\u00fablicas entregar\u00e1 una Licencia a los comit\u00e9s y cooperativas de agua potable rural existentes, que los autoriza para proveer los servicios de agua potable y saneamiento en un \u00e1rea geogr\u00e1fica\u00a0delimitada y establece sus derechos y obligaciones; as\u00ed como tambi\u00e9n, al MOP le corresponde mantener un registro p\u00fablico de los operadores de Servicios Sanitarios Rurales, con las licencias y la informaci\u00f3n relevante de cada servicio, en el que todos los comit\u00e9s y cooperativas existentes deber\u00e1n inscribirse en el plazo de 2 a\u00f1os. De igual forma, en la Direcci\u00f3n de Obras Hidr\u00e1ulicas del MOP, se cre\u00f3 la Subdirecci\u00f3n de Servicios Sanitarios Rurales con nuevas funciones, entre las cuales se destaca la ejecuci\u00f3n de la pol\u00edtica de asistencia y promoci\u00f3n de las organizaciones sociales, capacitando, apoyando, asistiendo y asesorando a los Servicios Sanitarios Rurales, en el proceso de implementaci\u00f3n de la Ley y en el pleno funcionamiento de los Servicios Sanitarios Rurales del pa\u00eds.<\/p>\n<\/div><\/section><\/div><div  style='height:50px' class='hr hr-invisible   avia-builder-el-6  el_after_av_one_full  el_before_av_social_share '><span class='hr-inner ' ><span class='hr-inner-style'><\/span><\/span><\/div><\/p>\n<div  class='av-social-sharing-box  avia-builder-el-7  el_after_av_hr  el_before_av_hr  '><div class='av-share-box'><h5 class='av-share-link-description av-no-toc '>Compartir esta noticia<\/h5><ul class='av-share-box-list noLightbox'><li class='av-share-link av-social-link-facebook' ><a target=\"_blank\" aria-label=\"Compartir en Facebook\" href='https:\/\/www.facebook.com\/sharer.php?u=https:\/\/radiorevelacionfm.cl\/?p=33891&#038;t=Mesa%20%C3%9Anica%20Nacional%20de%20Servicios%20Sanitarios%20Rurales%20tendr%C3%A1%20representante%20de%20la%20regi%C3%B3n%20de%20Ays%C3%A9n' aria-hidden='false' data-av_icon='\ue8f3' data-av_iconfont='entypo-fontello' title='' data-avia-related-tooltip='Compartir en Facebook' rel=\"noopener\"><span class='avia_hidden_link_text'>Compartir en Facebook<\/span><\/a><\/li><li class='av-share-link av-social-link-twitter' ><a target=\"_blank\" aria-label=\"Compartir en Twitter\" href='https:\/\/twitter.com\/share?text=Mesa%20%C3%9Anica%20Nacional%20de%20Servicios%20Sanitarios%20Rurales%20tendr%C3%A1%20representante%20de%20la%20regi%C3%B3n%20de%20Ays%C3%A9n&#038;url=https:\/\/radiorevelacionfm.cl\/?p=33891' aria-hidden='false' data-av_icon='\ue8f1' data-av_iconfont='entypo-fontello' title='' data-avia-related-tooltip='Compartir en Twitter' rel=\"noopener\"><span class='avia_hidden_link_text'>Compartir en Twitter<\/span><\/a><\/li><li class='av-share-link av-social-link-whatsapp' ><a target=\"_blank\" aria-label=\"Compartir en Whatsapp\" href='https:\/\/api.whatsapp.com\/send?text=https:\/\/radiorevelacionfm.cl\/?p=33891' aria-hidden='false' data-av_icon='\uf232' data-av_iconfont='entypo-fontello' title='' data-avia-related-tooltip='Compartir en Whatsapp' rel=\"noopener\"><span class='avia_hidden_link_text'>Compartir en Whatsapp<\/span><\/a><\/li><li class='av-share-link av-social-link-linkedin' ><a target=\"_blank\" aria-label=\"Compartir en LinkedIn\" href='https:\/\/linkedin.com\/shareArticle?mini=true&#038;title=Mesa%20%C3%9Anica%20Nacional%20de%20Servicios%20Sanitarios%20Rurales%20tendr%C3%A1%20representante%20de%20la%20regi%C3%B3n%20de%20Ays%C3%A9n&#038;url=https:\/\/radiorevelacionfm.cl\/?p=33891' aria-hidden='false' data-av_icon='\ue8fc' data-av_iconfont='entypo-fontello' title='' data-avia-related-tooltip='Compartir en LinkedIn' rel=\"noopener\"><span class='avia_hidden_link_text'>Compartir en LinkedIn<\/span><\/a><\/li><li class='av-share-link av-social-link-mail' ><a  aria-label=\"Compartir por correo\" href='mailto:?subject=Mesa%20%C3%9Anica%20Nacional%20de%20Servicios%20Sanitarios%20Rurales%20tendr%C3%A1%20representante%20de%20la%20regi%C3%B3n%20de%20Ays%C3%A9n&#038;body=https:\/\/radiorevelacionfm.cl\/?p=33891' aria-hidden='false' data-av_icon='\ue805' data-av_iconfont='entypo-fontello' title='' data-avia-related-tooltip='Compartir por correo'><span class='avia_hidden_link_text'>Compartir por correo<\/span><\/a><\/li><\/ul><\/div><\/div>\n<div  style='height:50px' class='hr hr-invisible   avia-builder-el-8  el_after_av_social_share  el_before_av_comments_list '><span class='hr-inner ' ><span class='hr-inner-style'><\/span><\/span><\/div>\n<div  class='av-buildercomment  av-blog-meta-html-info-disabled av-blog-meta-tag-disabled  '><\/div>\n","protected":false},"excerpt":{"rendered":"","protected":false},"author":1,"featured_media":33892,"comment_status":"open","ping_status":"open","sticky":false,"template":"","format":"standard","meta":{"footnotes":""},"categories":[38],"tags":[],"class_list":["post-33891","post","type-post","status-publish","format-standard","has-post-thumbnail","hentry","category-regional"],"jetpack_featured_media_url":"https:\/\/radiorevelacionfm.cl\/wp-content\/uploads\/2023\/08\/estanque-4-1-1_optimized-1.jpg","_links":{"self":[{"href":"https:\/\/radiorevelacionfm.cl\/index.php?rest_route=\/wp\/v2\/posts\/33891","targetHints":{"allow":["GET"]}}],"collection":[{"href":"https:\/\/radiorevelacionfm.cl\/index.php?rest_route=\/wp\/v2\/posts"}],"about":[{"href":"https:\/\/radiorevelacionfm.cl\/index.php?rest_route=\/wp\/v2\/types\/post"}],"author":[{"embeddable":true,"href":"https:\/\/radiorevelacionfm.cl\/index.php?rest_route=\/wp\/v2\/users\/1"}],"replies":[{"embeddable":true,"href":"https:\/\/radiorevelacionfm.cl\/index.php?rest_route=%2Fwp%2Fv2%2Fcomments&post=33891"}],"version-history":[{"count":1,"href":"https:\/\/radiorevelacionfm.cl\/index.php?rest_route=\/wp\/v2\/posts\/33891\/revisions"}],"predecessor-version":[{"id":33893,"href":"https:\/\/radiorevelacionfm.cl\/index.php?rest_route=\/wp\/v2\/posts\/33891\/revisions\/33893"}],"wp:featuredmedia":[{"embeddable":true,"href":"https:\/\/radiorevelacionfm.cl\/index.php?rest_route=\/wp\/v2\/media\/33892"}],"wp:attachment":[{"href":"https:\/\/radiorevelacionfm.cl\/index.php?rest_route=%2Fwp%2Fv2%2Fmedia&parent=33891"}],"wp:term":[{"taxonomy":"category","embeddable":true,"href":"https:\/\/radiorevelacionfm.cl\/index.php?rest_route=%2Fwp%2Fv2%2Fcategories&post=33891"},{"taxonomy":"post_tag","embeddable":true,"href":"https:\/\/radiorevelacionfm.cl\/index.php?rest_route=%2Fwp%2Fv2%2Ftags&post=33891"}],"curies":[{"name":"wp","href":"https:\/\/api.w.org\/{rel}","templated":true}]}}