{"id":3389,"date":"2021-04-22T11:47:16","date_gmt":"2021-04-22T14:47:16","guid":{"rendered":"https:\/\/radiorevelacionfm.cl\/?p=3389"},"modified":"2021-04-22T11:54:04","modified_gmt":"2021-04-22T14:54:04","slug":"lucky-se-acoge-a-retiro-y-cooper-un-labrador-de-3-anos-se-suma-a-la-brican-sag","status":"publish","type":"post","link":"https:\/\/radiorevelacionfm.cl\/?p=3389","title":{"rendered":"Lucky se acoge a retiro y Cooper un labrador de 3 a\u00f1os se suma a la BRICAN SAG"},"content":{"rendered":"<div class=\"flex_column av_one_full  flex_column_div av-zero-column-padding first  avia-builder-el-0  el_before_av_one_full  avia-builder-el-first  \" style='border-radius:0px; '><div  class='avia-image-container  av-styling-    avia-builder-el-1  avia-builder-el-no-sibling  avia-align-center '  itemprop=\"image\" itemscope=\"itemscope\" itemtype=\"https:\/\/schema.org\/ImageObject\"  ><div class='avia-image-container-inner'><div class='avia-image-overlay-wrap'><img decoding=\"async\" class='wp-image-0 avia-img-lazy-loading-not-0 avia_image' src=\"https:\/\/radiorevelacionfm.cl\/wp-content\/uploads\/2021\/04\/cooper-2_1_optimized.jpg\" alt='' title=''   itemprop=\"thumbnailUrl\"  \/><\/div><\/div><\/div><\/div><div class=\"flex_column av_one_full  flex_column_div av-zero-column-padding first  avia-builder-el-2  el_after_av_one_full  el_before_av_one_full  column-top-margin\" style='border-radius:0px; '><section class=\"av_textblock_section \"  itemscope=\"itemscope\" itemtype=\"https:\/\/schema.org\/BlogPosting\" itemprop=\"blogPost\" ><div class='avia_textblock  '   itemprop=\"text\" ><p style=\"text-align: center;\"><strong><span style=\"font-size: 18pt;\">Lucky se acoge a retiro y Cooper un labrador de 3 a\u00f1os se suma a la BRICAN SAG<\/span><\/strong><\/p>\n<div id=\"gtx-trans\" style=\"position: absolute; left: -50px; top: 4.31534px;\">\n<div class=\"gtx-trans-icon\"><\/div>\n<\/div>\n<\/div><\/section><\/div><\/p>\n<div class=\"flex_column av_one_full  flex_column_div av-zero-column-padding first  avia-builder-el-4  el_after_av_one_full  el_before_av_hr  column-top-margin\" style='border-radius:0px; '><section class=\"av_textblock_section \"  itemscope=\"itemscope\" itemtype=\"https:\/\/schema.org\/BlogPosting\" itemprop=\"blogPost\" ><div class='avia_textblock  '   itemprop=\"text\" ><p style=\"font-weight: 400; text-align: justify;\">El Servicio Agr\u00edcola y Ganadero (SAG) de la regi\u00f3n de Ays\u00e9n, a inicios del a\u00f1o 2021 despidi\u00f3 a Lucky, can que se acogi\u00f3 a retiro durante el mes de enero y a contar del mes de marzo, el Servicio cuenta con un nuevo integrante en la Brigada Canina (BRICAN), que se sumar\u00e1 al trabajo diario en la inspecci\u00f3n de equipaje acompa\u00f1ado y medios de transporte, se trata de \u201cCooper\u201d un canino detector de tres a\u00f1os de edad, raza labrador, proveniente de Santiago, donde cumpli\u00f3 labores de detecci\u00f3n de materia org\u00e1nica en el\u00a0<em>Aeropuerto Internacional Arturo<\/em>\u00a0Merino Ben\u00edtez.<\/p>\n<p style=\"font-weight: 400; text-align: justify;\">V\u00edctor Varas Helle, entrenador gu\u00eda canino SAG Ays\u00e9n se\u00f1al\u00f3 \u201cLuego de un poco m\u00e1s de dos a\u00f1os de servicio en la Brigada Canina, Lucky un can raza labrador que llego con cinco a\u00f1os de edad de la ciudad desde Punta Arenas, con el fin de potenciar los controles fronterizos de nuestra regi\u00f3n en la inspecci\u00f3n de medios de transporte y equipaje acompa\u00f1ado, ya que no cont\u00e1bamos con canes desde la jubilaci\u00f3n anterior, dej\u00f3 sus funciones para acogerse a retiro y dado en adopci\u00f3n a su gu\u00eda entrenadora, en la ciudad de Santiago y se encuentra disfrutando de su nueva vida como mascota de compa\u00f1\u00eda en su nuevo hogar\u201d.<\/p>\n<p style=\"font-weight: 400; text-align: justify;\">Durante el mes de marzo llego Cooper a la regi\u00f3n de Ays\u00e9n, qui\u00e9n se sumar\u00e1 al trabajo de inspecci\u00f3n y apoyo en controles fronterizos, es un can de tres a\u00f1os, entrenado en la detecci\u00f3n de materia org\u00e1nica, frutas, verduras, productos c\u00e1rnicos, entre otros, cabe se\u00f1alar que este tipo de inspecci\u00f3n es no intrusiva, lo que significa no abrir ning\u00fan tipo de equipaje, bolso o maleta a menos que el can lo se\u00f1ale\u201d, puntualiz\u00f3 Varas.<\/p>\n<p style=\"font-weight: 400; text-align: justify;\">Por su parte, Mat\u00edas Vial Orueta, director regional SAG, destac\u00f3 el rol que cumplen los canes en el resguardo de las fronteras y protecci\u00f3n del patrimonio fito y zoosanitario de nuestro pa\u00eds, indicando que las fronteras se encuentren cerradas, sin embargo, los camiones con combustible y alimentos, contin\u00faan circulando, por ende, la llegada de Cooper al Servicio es fundamental para continuar inspeccionado transporte y no poner en riesgo nuestro patrimonio\u201d.<\/p>\n<\/div><\/section><\/div>\n<div  style='height:50px' class='hr hr-invisible   avia-builder-el-6  el_after_av_one_full  el_before_av_social_share '><span class='hr-inner ' ><span class='hr-inner-style'><\/span><\/span><\/div>\n<div  class='av-social-sharing-box  avia-builder-el-7  el_after_av_hr  el_before_av_hr  '><div class='av-share-box'><h5 class='av-share-link-description av-no-toc '>Compartir esta noticia<\/h5><ul class='av-share-box-list noLightbox'><li class='av-share-link av-social-link-facebook' ><a target=\"_blank\" aria-label=\"Compartir en Facebook\" href='https:\/\/www.facebook.com\/sharer.php?u=https:\/\/radiorevelacionfm.cl\/?p=3389&#038;t=Lucky%20se%20acoge%20a%20retiro%20y%20Cooper%20un%20labrador%20de%203%20a%C3%B1os%20se%20suma%20a%20la%20BRICAN%20SAG' aria-hidden='false' data-av_icon='\ue8f3' data-av_iconfont='entypo-fontello' title='' data-avia-related-tooltip='Compartir en Facebook' rel=\"noopener\"><span class='avia_hidden_link_text'>Compartir en Facebook<\/span><\/a><\/li><li class='av-share-link av-social-link-twitter' ><a target=\"_blank\" aria-label=\"Compartir en Twitter\" href='https:\/\/twitter.com\/share?text=Lucky%20se%20acoge%20a%20retiro%20y%20Cooper%20un%20labrador%20de%203%20a%C3%B1os%20se%20suma%20a%20la%20BRICAN%20SAG&#038;url=https:\/\/radiorevelacionfm.cl\/?p=3389' aria-hidden='false' data-av_icon='\ue8f1' data-av_iconfont='entypo-fontello' title='' data-avia-related-tooltip='Compartir en Twitter' rel=\"noopener\"><span class='avia_hidden_link_text'>Compartir en Twitter<\/span><\/a><\/li><li class='av-share-link av-social-link-whatsapp' ><a target=\"_blank\" aria-label=\"Compartir en Whatsapp\" href='https:\/\/api.whatsapp.com\/send?text=https:\/\/radiorevelacionfm.cl\/?p=3389' aria-hidden='false' data-av_icon='\uf232' data-av_iconfont='entypo-fontello' title='' data-avia-related-tooltip='Compartir en Whatsapp' rel=\"noopener\"><span class='avia_hidden_link_text'>Compartir en Whatsapp<\/span><\/a><\/li><li class='av-share-link av-social-link-linkedin' ><a target=\"_blank\" aria-label=\"Compartir en LinkedIn\" href='https:\/\/linkedin.com\/shareArticle?mini=true&#038;title=Lucky%20se%20acoge%20a%20retiro%20y%20Cooper%20un%20labrador%20de%203%20a%C3%B1os%20se%20suma%20a%20la%20BRICAN%20SAG&#038;url=https:\/\/radiorevelacionfm.cl\/?p=3389' aria-hidden='false' data-av_icon='\ue8fc' data-av_iconfont='entypo-fontello' title='' data-avia-related-tooltip='Compartir en LinkedIn' rel=\"noopener\"><span class='avia_hidden_link_text'>Compartir en LinkedIn<\/span><\/a><\/li><li class='av-share-link av-social-link-mail' ><a  aria-label=\"Compartir por correo\" href='mailto:?subject=Lucky%20se%20acoge%20a%20retiro%20y%20Cooper%20un%20labrador%20de%203%20a%C3%B1os%20se%20suma%20a%20la%20BRICAN%20SAG&#038;body=https:\/\/radiorevelacionfm.cl\/?p=3389' aria-hidden='false' data-av_icon='\ue805' data-av_iconfont='entypo-fontello' title='' data-avia-related-tooltip='Compartir por correo'><span class='avia_hidden_link_text'>Compartir por correo<\/span><\/a><\/li><\/ul><\/div><\/div>\n<div  style='height:50px' class='hr hr-invisible   avia-builder-el-8  el_after_av_social_share  el_before_av_comments_list '><span class='hr-inner ' ><span class='hr-inner-style'><\/span><\/span><\/div>\n<div  class='av-buildercomment  av-blog-meta-html-info-disabled av-blog-meta-tag-disabled  '><\/div>\n","protected":false},"excerpt":{"rendered":"","protected":false},"author":1,"featured_media":0,"comment_status":"open","ping_status":"open","sticky":false,"template":"","format":"standard","meta":{"footnotes":""},"categories":[58],"tags":[],"class_list":["post-3389","post","type-post","status-publish","format-standard","hentry","category-agricultura"],"jetpack_featured_media_url":"","_links":{"self":[{"href":"https:\/\/radiorevelacionfm.cl\/index.php?rest_route=\/wp\/v2\/posts\/3389","targetHints":{"allow":["GET"]}}],"collection":[{"href":"https:\/\/radiorevelacionfm.cl\/index.php?rest_route=\/wp\/v2\/posts"}],"about":[{"href":"https:\/\/radiorevelacionfm.cl\/index.php?rest_route=\/wp\/v2\/types\/post"}],"author":[{"embeddable":true,"href":"https:\/\/radiorevelacionfm.cl\/index.php?rest_route=\/wp\/v2\/users\/1"}],"replies":[{"embeddable":true,"href":"https:\/\/radiorevelacionfm.cl\/index.php?rest_route=%2Fwp%2Fv2%2Fcomments&post=3389"}],"version-history":[{"count":2,"href":"https:\/\/radiorevelacionfm.cl\/index.php?rest_route=\/wp\/v2\/posts\/3389\/revisions"}],"predecessor-version":[{"id":3393,"href":"https:\/\/radiorevelacionfm.cl\/index.php?rest_route=\/wp\/v2\/posts\/3389\/revisions\/3393"}],"wp:attachment":[{"href":"https:\/\/radiorevelacionfm.cl\/index.php?rest_route=%2Fwp%2Fv2%2Fmedia&parent=3389"}],"wp:term":[{"taxonomy":"category","embeddable":true,"href":"https:\/\/radiorevelacionfm.cl\/index.php?rest_route=%2Fwp%2Fv2%2Fcategories&post=3389"},{"taxonomy":"post_tag","embeddable":true,"href":"https:\/\/radiorevelacionfm.cl\/index.php?rest_route=%2Fwp%2Fv2%2Ftags&post=3389"}],"curies":[{"name":"wp","href":"https:\/\/api.w.org\/{rel}","templated":true}]}}