{"id":33887,"date":"2023-08-14T17:13:01","date_gmt":"2023-08-14T20:13:01","guid":{"rendered":"https:\/\/radiorevelacionfm.cl\/?p=33887"},"modified":"2023-08-14T17:13:01","modified_gmt":"2023-08-14T20:13:01","slug":"mujeres-se-informan-en-conversatorio-del-sernac-y-sernameg-sobre-su-incidencia-en-materias-de-consumo","status":"publish","type":"post","link":"https:\/\/radiorevelacionfm.cl\/?p=33887","title":{"rendered":"Mujeres se informan en conversatorio del Sernac y SernamEG sobre su incidencia en materias de consumo"},"content":{"rendered":"<div class=\"flex_column av_one_full  flex_column_div av-zero-column-padding first  avia-builder-el-0  el_before_av_one_full  avia-builder-el-first  \" style='border-radius:0px; '><div  class='avia-image-container  av-styling-    avia-builder-el-1  avia-builder-el-no-sibling  avia-align-center '  itemprop=\"image\" itemscope=\"itemscope\" itemtype=\"https:\/\/schema.org\/ImageObject\"  ><div class='avia-image-container-inner'><div class='avia-image-overlay-wrap'><img decoding=\"async\" class='wp-image-33888 avia-img-lazy-loading-not-33888 avia_image' src=\"https:\/\/radiorevelacionfm.cl\/wp-content\/uploads\/2023\/08\/conversatorio-sernac-sernameg-3-1-1_optimized-1_optimized-1.jpg\" alt='' title='conversatorio-sernac-sernameg-(3)-(1)-(1)_optimized-(1)_optimized (1)' height=\"600\" width=\"1660\"  itemprop=\"thumbnailUrl\" srcset=\"https:\/\/radiorevelacionfm.cl\/wp-content\/uploads\/2023\/08\/conversatorio-sernac-sernameg-3-1-1_optimized-1_optimized-1.jpg 1660w, https:\/\/radiorevelacionfm.cl\/wp-content\/uploads\/2023\/08\/conversatorio-sernac-sernameg-3-1-1_optimized-1_optimized-1-300x108.jpg 300w, https:\/\/radiorevelacionfm.cl\/wp-content\/uploads\/2023\/08\/conversatorio-sernac-sernameg-3-1-1_optimized-1_optimized-1-1030x372.jpg 1030w, https:\/\/radiorevelacionfm.cl\/wp-content\/uploads\/2023\/08\/conversatorio-sernac-sernameg-3-1-1_optimized-1_optimized-1-768x278.jpg 768w, https:\/\/radiorevelacionfm.cl\/wp-content\/uploads\/2023\/08\/conversatorio-sernac-sernameg-3-1-1_optimized-1_optimized-1-1536x555.jpg 1536w, https:\/\/radiorevelacionfm.cl\/wp-content\/uploads\/2023\/08\/conversatorio-sernac-sernameg-3-1-1_optimized-1_optimized-1-1500x542.jpg 1500w, https:\/\/radiorevelacionfm.cl\/wp-content\/uploads\/2023\/08\/conversatorio-sernac-sernameg-3-1-1_optimized-1_optimized-1-705x255.jpg 705w, https:\/\/radiorevelacionfm.cl\/wp-content\/uploads\/2023\/08\/conversatorio-sernac-sernameg-3-1-1_optimized-1_optimized-1-450x163.jpg 450w, https:\/\/radiorevelacionfm.cl\/wp-content\/uploads\/2023\/08\/conversatorio-sernac-sernameg-3-1-1_optimized-1_optimized-1-600x217.jpg 600w\" sizes=\"(max-width: 1660px) 100vw, 1660px\" \/><\/div><\/div><\/div><\/div><div class=\"flex_column av_one_full  flex_column_div av-zero-column-padding first  avia-builder-el-2  el_after_av_one_full  el_before_av_one_full  column-top-margin\" style='border-radius:0px; '><section class=\"av_textblock_section \"  itemscope=\"itemscope\" itemtype=\"https:\/\/schema.org\/BlogPosting\" itemprop=\"blogPost\" ><div class='avia_textblock  '   itemprop=\"text\" ><p style=\"font-weight: 400; text-align: center;\"><strong><span style=\"font-size: 18pt;\">Mujeres se informan en conversatorio del Sernac y SernamEG sobre su incidencia en materias de consumo<\/span><\/strong><\/p>\n<div id=\"gtx-trans\" style=\"position: absolute; left: -50px; top: 4.31534px;\">\n<div class=\"gtx-trans-icon\"><\/div>\n<\/div>\n<\/div><\/section><\/div><div class=\"flex_column av_one_full  flex_column_div av-zero-column-padding first  avia-builder-el-4  el_after_av_one_full  el_before_av_hr  column-top-margin\" style='border-radius:0px; '><section class=\"av_textblock_section \"  itemscope=\"itemscope\" itemtype=\"https:\/\/schema.org\/BlogPosting\" itemprop=\"blogPost\" ><div class='avia_textblock  '   itemprop=\"text\" ><p style=\"text-align: justify;\">M\u00e1s de 40 personas participaron en el conversatorio virtual \u201cIncidencia de las mujeres en materias de consumo\u201d, organizado en conjunto por el Servicio Nacional del Consumidor, SERNAC, y el Servicio Nacional de la Mujer y la Equidad de G\u00e9nero, SernamEG. Iniciativa, que se realiza por segundo a\u00f1o consecutivo, que apunta a dar a conocer informaci\u00f3n relevante con perspectiva de g\u00e9nero.<\/p>\n<p style=\"text-align: justify;\">La expositora fue la especialista en marketing, consumo y g\u00e9nero, Carola Moya Ortega. Dentro de su trayectoria profesional se destaca su cargo como Directora y cofundadora de Circular y de Directora Ejecutiva de STGO SLOW. Adem\u00e1s, pertenece a la Red de Periodistas Feministas y a Mujeres en el Medio.<\/p>\n<p style=\"text-align: justify;\">Durante su intervenci\u00f3n en la actividad,\u00a0Directora Regional del SERNAC, Mar\u00eda Francisca Ortiz Oberg, dijo: \u201cnuestro\u00a0Servicio viene trabajando desde hace bastante tiempo la desigualdad de g\u00e9nero en el consumo, hemos realizado diferentes estudios y que se ha trabajado con SernamEG, en lo relativo a la gesti\u00f3n menstrual, publicidad sexista y el impuesto rosa. Material que pueden encontrar en la p\u00e1gina web y tambi\u00e9n hacemos talleres al respecto. En esa l\u00ednea, hemos observado el importante papel que tenemos las mujeres en liderar la transformaci\u00f3n hacia un consumo responsable. De ah\u00ed que esta actividad es para invitarlas a reflexionar en materia de consumo acerca de la incidencia que podemos tener y c\u00f3mo podemos generar un cambio para llegar a una sociedad mucho m\u00e1s avanzada y con mayor igualdad sostenible\u201d.<\/p>\n<p style=\"text-align: justify;\">En tanto, la Directora Regional (S) de SernamEG, Marta Godoy Carvajal, sostuvo que \u201cpara la instituci\u00f3n es muy relevante que se propicien estos espacios de conversaci\u00f3n, que incluyen el debate de ideas sobre el efecto que tienen las decisiones de compra, con perspectiva de g\u00e9nero. Justamente esta es una mirada que tenemos en com\u00fan con SERNAC y es generar las condiciones para que las personas se re\u00fanan y ojal\u00e1 se agrupen para generar un cambio. Finalmente, destacamos el trabajo que ha venido realizando el SERNAC, lo que permite que hoy nos podamos reunir, esperamos seguir trabajando en conjunto para dar a conocer informaci\u00f3n relevante sobre el comportamiento del mercado y c\u00f3mo pueden influir en \u00e9l\u201d.<\/p>\n<p style=\"text-align: justify;\">INFORMACI\u00d3N RELEVANTE SOBRE LA PUBLICIDAD<\/p>\n<p style=\"text-align: justify;\">Consumo y sexismo, genderwashing, tipos de consumidoras y la forma de presentar una denuncia ciudadana fueron parte de los temas abordados en la exposici\u00f3n de la especialista en marketing, consumo y g\u00e9nero, Carola Moya Ortega. Uno de los datos que fueron dados a conocer por la Encuesta Mujer y Consumo del a\u00f1o 2021 del SERNAC, report\u00f3 que un 54% de las mujeres al comprar un producto o servicio han vivido acoso. La experta tambi\u00e9n explic\u00f3 que la publicidad es una de las formas de violencia de g\u00e9nero invisible, ya que incentiva estereotipos, afectando la salud mental de las ni\u00f1as y su repercusi\u00f3n es de por vida.<\/p>\n<p style=\"text-align: justify;\">Una de las personas que asisti\u00f3 al conversatorio\u00a0virtual \u201cIncidencia de las mujeres en materias de consumo\u201d fue Enaldy Alvear, puntualiz\u00f3 que\u00a0\u201cla experiencia fue enriquecedora, porque fueron bien claros los conceptos que entreg\u00f3 la expositora; as\u00ed que fue genial quedar sin ninguna duda. Hace a\u00f1os, hab\u00eda escuchado hablar del impuesto rosa y ahora me hace mucho sentido el saber su significado. Agradezco al SernamEG por la oportunidad de participar en la actividad, es super importante que se den estas instancias, porque son capacitaciones que te permiten seguir creciendo y aprendiendo cosas nuevas\u201d.<\/p>\n<\/div><\/section><\/div><div  style='height:50px' class='hr hr-invisible   avia-builder-el-6  el_after_av_one_full  el_before_av_social_share '><span class='hr-inner ' ><span class='hr-inner-style'><\/span><\/span><\/div><\/p>\n<div  class='av-social-sharing-box  avia-builder-el-7  el_after_av_hr  el_before_av_hr  '><div class='av-share-box'><h5 class='av-share-link-description av-no-toc '>Compartir esta noticia<\/h5><ul class='av-share-box-list noLightbox'><li class='av-share-link av-social-link-facebook' ><a target=\"_blank\" aria-label=\"Compartir en Facebook\" href='https:\/\/www.facebook.com\/sharer.php?u=https:\/\/radiorevelacionfm.cl\/?p=33887&#038;t=Mujeres%20se%20informan%20en%20conversatorio%20del%20Sernac%20y%20SernamEG%20sobre%20su%20incidencia%20en%20materias%20de%20consumo' aria-hidden='false' data-av_icon='\ue8f3' data-av_iconfont='entypo-fontello' title='' data-avia-related-tooltip='Compartir en Facebook' rel=\"noopener\"><span class='avia_hidden_link_text'>Compartir en Facebook<\/span><\/a><\/li><li class='av-share-link av-social-link-twitter' ><a target=\"_blank\" aria-label=\"Compartir en Twitter\" href='https:\/\/twitter.com\/share?text=Mujeres%20se%20informan%20en%20conversatorio%20del%20Sernac%20y%20SernamEG%20sobre%20su%20incidencia%20en%20materias%20de%20consumo&#038;url=https:\/\/radiorevelacionfm.cl\/?p=33887' aria-hidden='false' data-av_icon='\ue8f1' data-av_iconfont='entypo-fontello' title='' data-avia-related-tooltip='Compartir en Twitter' rel=\"noopener\"><span class='avia_hidden_link_text'>Compartir en Twitter<\/span><\/a><\/li><li class='av-share-link av-social-link-whatsapp' ><a target=\"_blank\" aria-label=\"Compartir en Whatsapp\" href='https:\/\/api.whatsapp.com\/send?text=https:\/\/radiorevelacionfm.cl\/?p=33887' aria-hidden='false' data-av_icon='\uf232' data-av_iconfont='entypo-fontello' title='' data-avia-related-tooltip='Compartir en Whatsapp' rel=\"noopener\"><span class='avia_hidden_link_text'>Compartir en Whatsapp<\/span><\/a><\/li><li class='av-share-link av-social-link-linkedin' ><a target=\"_blank\" aria-label=\"Compartir en LinkedIn\" href='https:\/\/linkedin.com\/shareArticle?mini=true&#038;title=Mujeres%20se%20informan%20en%20conversatorio%20del%20Sernac%20y%20SernamEG%20sobre%20su%20incidencia%20en%20materias%20de%20consumo&#038;url=https:\/\/radiorevelacionfm.cl\/?p=33887' aria-hidden='false' data-av_icon='\ue8fc' data-av_iconfont='entypo-fontello' title='' data-avia-related-tooltip='Compartir en LinkedIn' rel=\"noopener\"><span class='avia_hidden_link_text'>Compartir en LinkedIn<\/span><\/a><\/li><li class='av-share-link av-social-link-mail' ><a  aria-label=\"Compartir por correo\" href='mailto:?subject=Mujeres%20se%20informan%20en%20conversatorio%20del%20Sernac%20y%20SernamEG%20sobre%20su%20incidencia%20en%20materias%20de%20consumo&#038;body=https:\/\/radiorevelacionfm.cl\/?p=33887' aria-hidden='false' data-av_icon='\ue805' data-av_iconfont='entypo-fontello' title='' data-avia-related-tooltip='Compartir por correo'><span class='avia_hidden_link_text'>Compartir por correo<\/span><\/a><\/li><\/ul><\/div><\/div>\n<div  style='height:50px' class='hr hr-invisible   avia-builder-el-8  el_after_av_social_share  el_before_av_comments_list '><span class='hr-inner ' ><span class='hr-inner-style'><\/span><\/span><\/div>\n<div  class='av-buildercomment  av-blog-meta-html-info-disabled av-blog-meta-tag-disabled  '><\/div>\n","protected":false},"excerpt":{"rendered":"","protected":false},"author":1,"featured_media":33888,"comment_status":"open","ping_status":"open","sticky":false,"template":"","format":"standard","meta":{"footnotes":""},"categories":[38],"tags":[],"class_list":["post-33887","post","type-post","status-publish","format-standard","has-post-thumbnail","hentry","category-regional"],"jetpack_featured_media_url":"https:\/\/radiorevelacionfm.cl\/wp-content\/uploads\/2023\/08\/conversatorio-sernac-sernameg-3-1-1_optimized-1_optimized-1.jpg","_links":{"self":[{"href":"https:\/\/radiorevelacionfm.cl\/index.php?rest_route=\/wp\/v2\/posts\/33887","targetHints":{"allow":["GET"]}}],"collection":[{"href":"https:\/\/radiorevelacionfm.cl\/index.php?rest_route=\/wp\/v2\/posts"}],"about":[{"href":"https:\/\/radiorevelacionfm.cl\/index.php?rest_route=\/wp\/v2\/types\/post"}],"author":[{"embeddable":true,"href":"https:\/\/radiorevelacionfm.cl\/index.php?rest_route=\/wp\/v2\/users\/1"}],"replies":[{"embeddable":true,"href":"https:\/\/radiorevelacionfm.cl\/index.php?rest_route=%2Fwp%2Fv2%2Fcomments&post=33887"}],"version-history":[{"count":1,"href":"https:\/\/radiorevelacionfm.cl\/index.php?rest_route=\/wp\/v2\/posts\/33887\/revisions"}],"predecessor-version":[{"id":33889,"href":"https:\/\/radiorevelacionfm.cl\/index.php?rest_route=\/wp\/v2\/posts\/33887\/revisions\/33889"}],"wp:featuredmedia":[{"embeddable":true,"href":"https:\/\/radiorevelacionfm.cl\/index.php?rest_route=\/wp\/v2\/media\/33888"}],"wp:attachment":[{"href":"https:\/\/radiorevelacionfm.cl\/index.php?rest_route=%2Fwp%2Fv2%2Fmedia&parent=33887"}],"wp:term":[{"taxonomy":"category","embeddable":true,"href":"https:\/\/radiorevelacionfm.cl\/index.php?rest_route=%2Fwp%2Fv2%2Fcategories&post=33887"},{"taxonomy":"post_tag","embeddable":true,"href":"https:\/\/radiorevelacionfm.cl\/index.php?rest_route=%2Fwp%2Fv2%2Ftags&post=33887"}],"curies":[{"name":"wp","href":"https:\/\/api.w.org\/{rel}","templated":true}]}}