{"id":33884,"date":"2023-08-13T22:36:44","date_gmt":"2023-08-14T01:36:44","guid":{"rendered":"https:\/\/radiorevelacionfm.cl\/?p=33884"},"modified":"2023-08-13T22:36:44","modified_gmt":"2023-08-14T01:36:44","slug":"sobre-85-mil-controles-preventivos-ha-realizado-carabineros-en-aysen-mediante-plan-calles-sin-violencia","status":"publish","type":"post","link":"https:\/\/radiorevelacionfm.cl\/?p=33884","title":{"rendered":"Sobre 85 mil controles preventivos ha realizado Carabineros en Ays\u00e9n mediante Plan Calles sin Violencia"},"content":{"rendered":"<div class=\"flex_column av_one_full  flex_column_div av-zero-column-padding first  avia-builder-el-0  el_before_av_one_full  avia-builder-el-first  \" style='border-radius:0px; '><div  class='avia-image-container  av-styling-    avia-builder-el-1  avia-builder-el-no-sibling  avia-align-center '  itemprop=\"image\" itemscope=\"itemscope\" itemtype=\"https:\/\/schema.org\/ImageObject\"  ><div class='avia-image-container-inner'><div class='avia-image-overlay-wrap'><img decoding=\"async\" class='wp-image-33885 avia-img-lazy-loading-not-33885 avia_image' src=\"https:\/\/radiorevelacionfm.cl\/wp-content\/uploads\/2023\/08\/IMG_7115-1-1.jpg\" alt='' title='IMG_7115 (1) (1)' height=\"600\" width=\"900\"  itemprop=\"thumbnailUrl\" srcset=\"https:\/\/radiorevelacionfm.cl\/wp-content\/uploads\/2023\/08\/IMG_7115-1-1.jpg 900w, https:\/\/radiorevelacionfm.cl\/wp-content\/uploads\/2023\/08\/IMG_7115-1-1-300x200.jpg 300w, https:\/\/radiorevelacionfm.cl\/wp-content\/uploads\/2023\/08\/IMG_7115-1-1-768x512.jpg 768w, https:\/\/radiorevelacionfm.cl\/wp-content\/uploads\/2023\/08\/IMG_7115-1-1-705x470.jpg 705w, https:\/\/radiorevelacionfm.cl\/wp-content\/uploads\/2023\/08\/IMG_7115-1-1-450x300.jpg 450w, https:\/\/radiorevelacionfm.cl\/wp-content\/uploads\/2023\/08\/IMG_7115-1-1-600x400.jpg 600w\" sizes=\"(max-width: 900px) 100vw, 900px\" \/><\/div><\/div><\/div><\/div><div class=\"flex_column av_one_full  flex_column_div av-zero-column-padding first  avia-builder-el-2  el_after_av_one_full  el_before_av_one_full  column-top-margin\" style='border-radius:0px; '><section class=\"av_textblock_section \"  itemscope=\"itemscope\" itemtype=\"https:\/\/schema.org\/BlogPosting\" itemprop=\"blogPost\" ><div class='avia_textblock  '   itemprop=\"text\" ><p style=\"text-align: center;\"><strong><span style=\"font-size: 18pt;\">Sobre 85 mil controles preventivos ha realizado Carabineros en Ays\u00e9n mediante Plan Calles sin Violencia<\/span><\/strong><\/p>\n<div id=\"gtx-trans\" style=\"position: absolute; left: -50px; top: 4.31534px;\">\n<div class=\"gtx-trans-icon\"><\/div>\n<\/div>\n<\/div><\/section><\/div><div class=\"flex_column av_one_full  flex_column_div av-zero-column-padding first  avia-builder-el-4  el_after_av_one_full  el_before_av_hr  column-top-margin\" style='border-radius:0px; '><section class=\"av_textblock_section \"  itemscope=\"itemscope\" itemtype=\"https:\/\/schema.org\/BlogPosting\" itemprop=\"blogPost\" ><div class='avia_textblock  '   itemprop=\"text\" ><p style=\"font-weight: 400; text-align: justify;\">Sobre 85 mil controles preventivos, 5,40 kilogramos de droga decomisada, 2.439 infracciones, 948 personas detenidas y siete armas incautadas, registra Carabineros de Chile en la Regi\u00f3n de Ays\u00e9n desde la entrada en vigencia del Plan Calles sin Violencia en abril pasado.<\/p>\n<p style=\"font-weight: 400; text-align: justify;\">As\u00ed lo informaron el Delegado Presidencial Regional, Rodrigo Araya Morales, y el Prefecto de Carabineros, Coronel Fuad Chab\u00e1n Vilches, en el marco del Comit\u00e9 Policial que desarrolla cada semana la Delegaci\u00f3n junto a la Polic\u00eda de Investigaciones y Coordinaci\u00f3n Regional de Seguridad P\u00fablica.<\/p>\n<p style=\"font-weight: 400; text-align: justify;\">Rodrigo Araya destac\u00f3 que esta labor coordinada entre el Gobierno, Carabineros de Chile, Polic\u00eda de Investigaciones y Ministerio P\u00fablico contribuye a disminuir los delitos violentos, reforzar la seguridad p\u00fablica y fortalecer el Plan Regional de Seguridad P\u00fablica, que se desarrolla junto con los diez municipios.<\/p>\n<p style=\"font-weight: 400; text-align: justify;\">\u201cEn nuestra regi\u00f3n el Plan Calles sin Violencia est\u00e1 focalizado en la comuna de Coyhaique, pero con Carabineros hemos estado coordinando fiscalizaciones de controles preventivos y controles dirigidos a situaciones de riesgo en todas las comunas de nuestra regi\u00f3n, focalizando los temas prioritarios. Eso nos ha permitido aumentar progresivamente los controles preventivos, detenciones, decomiso de drogas y la incautaci\u00f3n de armas, que est\u00e1n dentro de las tareas principales que hemos priorizado en nuestro Plan de Seguridad para este a\u00f1o 2023\u201d, inform\u00f3 Rodrigo Araya.<\/p>\n<p style=\"font-weight: 400; text-align: justify;\">En este sentido, el coronel Fuad Chab\u00e1n insisti\u00f3 en la importancia de la labor preventiva mancomunada con organizaciones y ciudadan\u00eda.<\/p>\n<p style=\"font-weight: 400; text-align: justify;\">\u201cEn la regi\u00f3n, Carabineros de Chile ha realizado servicios preventivos focalizados en la comuna de Coyhaique, como en las distintas comunas de la regi\u00f3n, y eso nos ha dado como resultados que tenemos m\u00e1s de 85 mil controles de distinto tipo -de personas, veh\u00edculos, locales comerciales-, y m\u00e1s de 940 detenidos producto de estos controles, los cuales han sido focalizados en distintos lugares donde han habido incivilidades, como tambi\u00e9n donde la ciudadan\u00eda ha denunciado hechos o delitos de mayor connotaci\u00f3n social en la regi\u00f3n\u201d, destac\u00f3 Fuad Chab\u00e1n.<\/p>\n<p style=\"font-weight: 400; text-align: justify;\">De forma complementaria, la Coordinaci\u00f3n Regional de Seguridad P\u00fablica tiene el fono Denuncia Seguro *4242, canal para recibir informaci\u00f3n delictual de forma 100% an\u00f3nima, las 24 horas del d\u00eda, los 7 d\u00edas de la semana.<\/p>\n<p style=\"font-weight: 400; text-align: justify;\">Al mismo tiempo, Subdere desarrolla los programas Mejoramiento Urbano y Mejoramiento de Barrios, destinados a brindar nuevos y mejores espacios p\u00fablicos para la vida comunitaria, de acuerdo a necesidades expresadas por los propios municipios de la regi\u00f3n.<\/p>\n<\/div><\/section><\/div><div  style='height:50px' class='hr hr-invisible   avia-builder-el-6  el_after_av_one_full  el_before_av_social_share '><span class='hr-inner ' ><span class='hr-inner-style'><\/span><\/span><\/div><\/p>\n<div  class='av-social-sharing-box  avia-builder-el-7  el_after_av_hr  el_before_av_hr  '><div class='av-share-box'><h5 class='av-share-link-description av-no-toc '>Compartir esta noticia<\/h5><ul class='av-share-box-list noLightbox'><li class='av-share-link av-social-link-facebook' ><a target=\"_blank\" aria-label=\"Compartir en Facebook\" href='https:\/\/www.facebook.com\/sharer.php?u=https:\/\/radiorevelacionfm.cl\/?p=33884&#038;t=Sobre%2085%20mil%20controles%20preventivos%20ha%20realizado%20Carabineros%20en%20Ays%C3%A9n%20mediante%20Plan%20Calles%20sin%20Violencia' aria-hidden='false' data-av_icon='\ue8f3' data-av_iconfont='entypo-fontello' title='' data-avia-related-tooltip='Compartir en Facebook' rel=\"noopener\"><span class='avia_hidden_link_text'>Compartir en Facebook<\/span><\/a><\/li><li class='av-share-link av-social-link-twitter' ><a target=\"_blank\" aria-label=\"Compartir en Twitter\" href='https:\/\/twitter.com\/share?text=Sobre%2085%20mil%20controles%20preventivos%20ha%20realizado%20Carabineros%20en%20Ays%C3%A9n%20mediante%20Plan%20Calles%20sin%20Violencia&#038;url=https:\/\/radiorevelacionfm.cl\/?p=33884' aria-hidden='false' data-av_icon='\ue8f1' data-av_iconfont='entypo-fontello' title='' data-avia-related-tooltip='Compartir en Twitter' rel=\"noopener\"><span class='avia_hidden_link_text'>Compartir en Twitter<\/span><\/a><\/li><li class='av-share-link av-social-link-whatsapp' ><a target=\"_blank\" aria-label=\"Compartir en Whatsapp\" href='https:\/\/api.whatsapp.com\/send?text=https:\/\/radiorevelacionfm.cl\/?p=33884' aria-hidden='false' data-av_icon='\uf232' data-av_iconfont='entypo-fontello' title='' data-avia-related-tooltip='Compartir en Whatsapp' rel=\"noopener\"><span class='avia_hidden_link_text'>Compartir en Whatsapp<\/span><\/a><\/li><li class='av-share-link av-social-link-linkedin' ><a target=\"_blank\" aria-label=\"Compartir en LinkedIn\" href='https:\/\/linkedin.com\/shareArticle?mini=true&#038;title=Sobre%2085%20mil%20controles%20preventivos%20ha%20realizado%20Carabineros%20en%20Ays%C3%A9n%20mediante%20Plan%20Calles%20sin%20Violencia&#038;url=https:\/\/radiorevelacionfm.cl\/?p=33884' aria-hidden='false' data-av_icon='\ue8fc' data-av_iconfont='entypo-fontello' title='' data-avia-related-tooltip='Compartir en LinkedIn' rel=\"noopener\"><span class='avia_hidden_link_text'>Compartir en LinkedIn<\/span><\/a><\/li><li class='av-share-link av-social-link-mail' ><a  aria-label=\"Compartir por correo\" href='mailto:?subject=Sobre%2085%20mil%20controles%20preventivos%20ha%20realizado%20Carabineros%20en%20Ays%C3%A9n%20mediante%20Plan%20Calles%20sin%20Violencia&#038;body=https:\/\/radiorevelacionfm.cl\/?p=33884' aria-hidden='false' data-av_icon='\ue805' data-av_iconfont='entypo-fontello' title='' data-avia-related-tooltip='Compartir por correo'><span class='avia_hidden_link_text'>Compartir por correo<\/span><\/a><\/li><\/ul><\/div><\/div>\n<div  style='height:50px' class='hr hr-invisible   avia-builder-el-8  el_after_av_social_share  el_before_av_comments_list '><span class='hr-inner ' ><span class='hr-inner-style'><\/span><\/span><\/div>\n<div  class='av-buildercomment  av-blog-meta-html-info-disabled av-blog-meta-tag-disabled  '><\/div>\n","protected":false},"excerpt":{"rendered":"","protected":false},"author":1,"featured_media":33885,"comment_status":"open","ping_status":"open","sticky":false,"template":"","format":"standard","meta":{"footnotes":""},"categories":[38],"tags":[],"class_list":["post-33884","post","type-post","status-publish","format-standard","has-post-thumbnail","hentry","category-regional"],"jetpack_featured_media_url":"https:\/\/radiorevelacionfm.cl\/wp-content\/uploads\/2023\/08\/IMG_7115-1-1.jpg","_links":{"self":[{"href":"https:\/\/radiorevelacionfm.cl\/index.php?rest_route=\/wp\/v2\/posts\/33884","targetHints":{"allow":["GET"]}}],"collection":[{"href":"https:\/\/radiorevelacionfm.cl\/index.php?rest_route=\/wp\/v2\/posts"}],"about":[{"href":"https:\/\/radiorevelacionfm.cl\/index.php?rest_route=\/wp\/v2\/types\/post"}],"author":[{"embeddable":true,"href":"https:\/\/radiorevelacionfm.cl\/index.php?rest_route=\/wp\/v2\/users\/1"}],"replies":[{"embeddable":true,"href":"https:\/\/radiorevelacionfm.cl\/index.php?rest_route=%2Fwp%2Fv2%2Fcomments&post=33884"}],"version-history":[{"count":1,"href":"https:\/\/radiorevelacionfm.cl\/index.php?rest_route=\/wp\/v2\/posts\/33884\/revisions"}],"predecessor-version":[{"id":33886,"href":"https:\/\/radiorevelacionfm.cl\/index.php?rest_route=\/wp\/v2\/posts\/33884\/revisions\/33886"}],"wp:featuredmedia":[{"embeddable":true,"href":"https:\/\/radiorevelacionfm.cl\/index.php?rest_route=\/wp\/v2\/media\/33885"}],"wp:attachment":[{"href":"https:\/\/radiorevelacionfm.cl\/index.php?rest_route=%2Fwp%2Fv2%2Fmedia&parent=33884"}],"wp:term":[{"taxonomy":"category","embeddable":true,"href":"https:\/\/radiorevelacionfm.cl\/index.php?rest_route=%2Fwp%2Fv2%2Fcategories&post=33884"},{"taxonomy":"post_tag","embeddable":true,"href":"https:\/\/radiorevelacionfm.cl\/index.php?rest_route=%2Fwp%2Fv2%2Ftags&post=33884"}],"curies":[{"name":"wp","href":"https:\/\/api.w.org\/{rel}","templated":true}]}}