{"id":33879,"date":"2023-08-13T22:20:37","date_gmt":"2023-08-14T01:20:37","guid":{"rendered":"https:\/\/radiorevelacionfm.cl\/?p=33879"},"modified":"2023-08-13T22:20:37","modified_gmt":"2023-08-14T01:20:37","slug":"adulto-mayor-de-villa-ohiggins-recibe-la-anhelada-casa-propia-a-traves-de-programa-de-habitabilidad-rural","status":"publish","type":"post","link":"https:\/\/radiorevelacionfm.cl\/?p=33879","title":{"rendered":"Adulto mayor de Villa O\u2019Higgins recibe la anhelada casa propia a trav\u00e9s de Programa de Habitabilidad Rural"},"content":{"rendered":"<div class=\"flex_column av_one_full  flex_column_div av-zero-column-padding first  avia-builder-el-0  el_before_av_one_full  avia-builder-el-first  \" style='border-radius:0px; '><div  class='avia-image-container  av-styling-    avia-builder-el-1  avia-builder-el-no-sibling  avia-align-center '  itemprop=\"image\" itemscope=\"itemscope\" itemtype=\"https:\/\/schema.org\/ImageObject\"  ><div class='avia-image-container-inner'><div class='avia-image-overlay-wrap'><img decoding=\"async\" class='wp-image-33882 avia-img-lazy-loading-not-33882 avia_image' src=\"https:\/\/radiorevelacionfm.cl\/wp-content\/uploads\/2023\/08\/familia-de-adultos-mayores-recibe-llaves-de-la-casa-propia-en-villa-ohiggins-1-1_optimized.jpeg\" alt='' title='familia-de-adultos-mayores-recibe-llaves-de-la-casa-propia-en-villa-ohiggins-(1)-(1)_optimized' height=\"600\" width=\"800\"  itemprop=\"thumbnailUrl\" srcset=\"https:\/\/radiorevelacionfm.cl\/wp-content\/uploads\/2023\/08\/familia-de-adultos-mayores-recibe-llaves-de-la-casa-propia-en-villa-ohiggins-1-1_optimized.jpeg 800w, https:\/\/radiorevelacionfm.cl\/wp-content\/uploads\/2023\/08\/familia-de-adultos-mayores-recibe-llaves-de-la-casa-propia-en-villa-ohiggins-1-1_optimized-300x225.jpeg 300w, https:\/\/radiorevelacionfm.cl\/wp-content\/uploads\/2023\/08\/familia-de-adultos-mayores-recibe-llaves-de-la-casa-propia-en-villa-ohiggins-1-1_optimized-768x576.jpeg 768w, https:\/\/radiorevelacionfm.cl\/wp-content\/uploads\/2023\/08\/familia-de-adultos-mayores-recibe-llaves-de-la-casa-propia-en-villa-ohiggins-1-1_optimized-705x529.jpeg 705w, https:\/\/radiorevelacionfm.cl\/wp-content\/uploads\/2023\/08\/familia-de-adultos-mayores-recibe-llaves-de-la-casa-propia-en-villa-ohiggins-1-1_optimized-450x338.jpeg 450w, https:\/\/radiorevelacionfm.cl\/wp-content\/uploads\/2023\/08\/familia-de-adultos-mayores-recibe-llaves-de-la-casa-propia-en-villa-ohiggins-1-1_optimized-600x450.jpeg 600w\" sizes=\"(max-width: 800px) 100vw, 800px\" \/><\/div><\/div><\/div><\/div><div class=\"flex_column av_one_full  flex_column_div av-zero-column-padding first  avia-builder-el-2  el_after_av_one_full  el_before_av_one_full  column-top-margin\" style='border-radius:0px; '><section class=\"av_textblock_section \"  itemscope=\"itemscope\" itemtype=\"https:\/\/schema.org\/BlogPosting\" itemprop=\"blogPost\" ><div class='avia_textblock  '   itemprop=\"text\" ><p style=\"text-align: center;\"><strong><span style=\"font-size: 18pt;\">Adulto mayor de Villa O\u2019Higgins recibe la anhelada casa propia a trav\u00e9s de Programa de Habitabilidad Rural<\/span><\/strong><\/p>\n<div id=\"gtx-trans\" style=\"position: absolute; left: -50px; top: 4.31534px;\">\n<div class=\"gtx-trans-icon\"><\/div>\n<\/div>\n<\/div><\/section><\/div><div class=\"flex_column av_one_full  flex_column_div av-zero-column-padding first  avia-builder-el-4  el_after_av_one_full  el_before_av_hr  column-top-margin\" style='border-radius:0px; '><section class=\"av_textblock_section \"  itemscope=\"itemscope\" itemtype=\"https:\/\/schema.org\/BlogPosting\" itemprop=\"blogPost\" ><div class='avia_textblock  '   itemprop=\"text\" ><p style=\"text-align: justify;\">En el marco de una reciente jornada de trabajo desarrollada en Villa O\u2019Higgins, el equipo Serviu de la Provincia Capit\u00e1n Prat, junto al alcalde Jos\u00e9 Fica, hicieron entrega de su vivienda propia al adulto mayor Juan Ruiz Villegas, beneficiario de un subsidio de construcci\u00f3n en sitio residente del Programa de Habitabilidad Rural del Ministerio de Vivienda y Urbanismo (Minvu).<\/p>\n<p style=\"text-align: justify;\">Tal como explic\u00f3 la Delegada del Serviu, Tatiana Aguilera, se trata de un proyecto que fue patrocinado por la Entidad de Gesti\u00f3n Rural de la Municipalidad de O\u2019Higgins, a trav\u00e9s del cual se pudo construir una vivienda de 60 metros cuadrados de superficie, a lo cual se suma una bodega de 13 metros cuadrados.<\/p>\n<p style=\"text-align: justify;\">Agreg\u00f3 la profesional que estas obras significaron una inversi\u00f3n que supera los 53 millones de pesos, sumando el ahorro del beneficiario y los aportes del Ministerio de Vivienda. \u201cSe trata de un poblador que sali\u00f3 beneficiado en 2019, pero por temas de calificaci\u00f3n del proyecto la obra se logr\u00f3 materializar dentro de este a\u00f1o a trav\u00e9s del contratista Jaime Ulloa, que es de Villa O\u2019Higgins, lo que adem\u00e1s permite generar empleo local. Ahora don Juan puede contar con una casita nueva, muy t\u00e9rmica, con excelente aislaci\u00f3n y muy bonitas terminaciones, as\u00ed que feliz de que los recursos del Estado y los planes del Ministerio de Vivienda est\u00e9n llegando a las comunas m\u00e1s aisladas de la regi\u00f3n, como es el mandato que tenemos desde el Gobierno y desde nuestra Serem\u00eda\u201d, se\u00f1al\u00f3.<\/p>\n<p style=\"text-align: justify;\">En ese contexto la Seremi de Vivienda, Paulina Ruz, destac\u00f3 este logro y el trabajo que realiza la entidad patrocinante municipal a trav\u00e9s de sus profesionales, los que han generado muy buenos proyectos. \u201cEs importante consignar adem\u00e1s que en este momento tenemos en ejecuci\u00f3n cinco viviendas m\u00e1s, en manos del mismo contratista, de las cuales una est\u00e1 pr\u00e1cticamente terminada y hay otras dos con un 50 por ciento de avance. Tambi\u00e9n tenemos a un inspector t\u00e9cnico de Serviu verificando en terreno que el proceso se desarrolle de la mejor forma para que podamos entregar unas casas de excelente calidad a nuestros beneficiarios. Con esto seguimos avanzando en el desaf\u00edo de cumplir nuestras metas del Plan de Emergencia Habitacional, construyendo los cambios que nuestras familias necesitan en toda la regi\u00f3n\u201d, precis\u00f3.<\/p>\n<p style=\"text-align: justify;\">El nuevo propietario, don Juan Ruiz, se mostr\u00f3 feliz con su vivienda definitiva, un espacio que esperaba con ansias y que sin duda le cambiar\u00e1 positivamente la vida. \u201cQu\u00e9 le puedo decir yo, darle las gracias por todo y tratar de cuidar bien mi casa no m\u00e1s. La casa qued\u00f3 muy bonita, as\u00ed que m\u00e1s no se puede pedir, despu\u00e9s de tantos a\u00f1os, tratando siempre de apoyar a la comuna, participando en los beneficios, as\u00ed que gracias porque al fin sali\u00f3 esto que tanto necesitaba\u201d, manifest\u00f3.<\/p>\n<p style=\"text-align: justify;\">Por su parte el Alcalde de la comuna, Claudio Fica, tambi\u00e9n destac\u00f3 la soluci\u00f3n habitacional y la positiva alianza que est\u00e1n desarrollando con el Ministerio de Vivienda. \u201cLa verdad es que este es un acontecimiento muy importante para nuestra comuna y especialmente para las familias, que el Serviu se encuentre presente ac\u00e1 entregando los subsidios y a la vez la casa a esta gente que tanto lo requiere. Para eso existe un convenio con el Ministerio de Vivienda, tenemos una peque\u00f1a Entidad Patrocinante aqu\u00ed y a trav\u00e9s de ellos levantamos las iniciativas de proyectos, para que el Serviu los revise, los apruebe y para que despu\u00e9s se ejecuten.\u00a0 As\u00ed que para nosotros la presencia del Serviu es muy importante\u201d, consign\u00f3.<\/p>\n<p style=\"text-align: justify;\">En ese sentido el edil asegur\u00f3 que los equipos locales seguir\u00e1n trabajando con responsabilidad para conseguir nuevos subsidios y para fortalecer la coordinaci\u00f3n con el Minvu, lo que sin duda permitir\u00e1 atender tambi\u00e9n otras necesidades locales como por ejemplo la pavimentaci\u00f3n y los espacios p\u00fablicos, que son muy necesarios para los vecinos y vecinas de los sectores urbanos y rurales de la comuna.<\/p>\n<\/div><\/section><\/div><div  style='height:50px' class='hr hr-invisible   avia-builder-el-6  el_after_av_one_full  el_before_av_social_share '><span class='hr-inner ' ><span class='hr-inner-style'><\/span><\/span><\/div><\/p>\n<div  class='av-social-sharing-box  avia-builder-el-7  el_after_av_hr  el_before_av_hr  '><div class='av-share-box'><h5 class='av-share-link-description av-no-toc '>Compartir esta noticia<\/h5><ul class='av-share-box-list noLightbox'><li class='av-share-link av-social-link-facebook' ><a target=\"_blank\" aria-label=\"Compartir en Facebook\" href='https:\/\/www.facebook.com\/sharer.php?u=https:\/\/radiorevelacionfm.cl\/?p=33879&#038;t=Adulto%20mayor%20de%20Villa%20O%E2%80%99Higgins%20recibe%20la%20anhelada%20casa%20propia%20a%20trav%C3%A9s%20de%20Programa%20de%20Habitabilidad%20Rural' aria-hidden='false' data-av_icon='\ue8f3' data-av_iconfont='entypo-fontello' title='' data-avia-related-tooltip='Compartir en Facebook' rel=\"noopener\"><span class='avia_hidden_link_text'>Compartir en Facebook<\/span><\/a><\/li><li class='av-share-link av-social-link-twitter' ><a target=\"_blank\" aria-label=\"Compartir en Twitter\" href='https:\/\/twitter.com\/share?text=Adulto%20mayor%20de%20Villa%20O%E2%80%99Higgins%20recibe%20la%20anhelada%20casa%20propia%20a%20trav%C3%A9s%20de%20Programa%20de%20Habitabilidad%20Rural&#038;url=https:\/\/radiorevelacionfm.cl\/?p=33879' aria-hidden='false' data-av_icon='\ue8f1' data-av_iconfont='entypo-fontello' title='' data-avia-related-tooltip='Compartir en Twitter' rel=\"noopener\"><span class='avia_hidden_link_text'>Compartir en Twitter<\/span><\/a><\/li><li class='av-share-link av-social-link-whatsapp' ><a target=\"_blank\" aria-label=\"Compartir en Whatsapp\" href='https:\/\/api.whatsapp.com\/send?text=https:\/\/radiorevelacionfm.cl\/?p=33879' aria-hidden='false' data-av_icon='\uf232' data-av_iconfont='entypo-fontello' title='' data-avia-related-tooltip='Compartir en Whatsapp' rel=\"noopener\"><span class='avia_hidden_link_text'>Compartir en Whatsapp<\/span><\/a><\/li><li class='av-share-link av-social-link-linkedin' ><a target=\"_blank\" aria-label=\"Compartir en LinkedIn\" href='https:\/\/linkedin.com\/shareArticle?mini=true&#038;title=Adulto%20mayor%20de%20Villa%20O%E2%80%99Higgins%20recibe%20la%20anhelada%20casa%20propia%20a%20trav%C3%A9s%20de%20Programa%20de%20Habitabilidad%20Rural&#038;url=https:\/\/radiorevelacionfm.cl\/?p=33879' aria-hidden='false' data-av_icon='\ue8fc' data-av_iconfont='entypo-fontello' title='' data-avia-related-tooltip='Compartir en LinkedIn' rel=\"noopener\"><span class='avia_hidden_link_text'>Compartir en LinkedIn<\/span><\/a><\/li><li class='av-share-link av-social-link-mail' ><a  aria-label=\"Compartir por correo\" href='mailto:?subject=Adulto%20mayor%20de%20Villa%20O%E2%80%99Higgins%20recibe%20la%20anhelada%20casa%20propia%20a%20trav%C3%A9s%20de%20Programa%20de%20Habitabilidad%20Rural&#038;body=https:\/\/radiorevelacionfm.cl\/?p=33879' aria-hidden='false' data-av_icon='\ue805' data-av_iconfont='entypo-fontello' title='' data-avia-related-tooltip='Compartir por correo'><span class='avia_hidden_link_text'>Compartir por correo<\/span><\/a><\/li><\/ul><\/div><\/div>\n<div  style='height:50px' class='hr hr-invisible   avia-builder-el-8  el_after_av_social_share  el_before_av_comments_list '><span class='hr-inner ' ><span class='hr-inner-style'><\/span><\/span><\/div>\n<div  class='av-buildercomment  av-blog-meta-html-info-disabled av-blog-meta-tag-disabled  '><\/div>\n","protected":false},"excerpt":{"rendered":"","protected":false},"author":1,"featured_media":33882,"comment_status":"open","ping_status":"open","sticky":false,"template":"","format":"standard","meta":{"footnotes":""},"categories":[57],"tags":[],"class_list":["post-33879","post","type-post","status-publish","format-standard","has-post-thumbnail","hentry","category-vivienda"],"jetpack_featured_media_url":"https:\/\/radiorevelacionfm.cl\/wp-content\/uploads\/2023\/08\/familia-de-adultos-mayores-recibe-llaves-de-la-casa-propia-en-villa-ohiggins-1-1_optimized.jpeg","_links":{"self":[{"href":"https:\/\/radiorevelacionfm.cl\/index.php?rest_route=\/wp\/v2\/posts\/33879","targetHints":{"allow":["GET"]}}],"collection":[{"href":"https:\/\/radiorevelacionfm.cl\/index.php?rest_route=\/wp\/v2\/posts"}],"about":[{"href":"https:\/\/radiorevelacionfm.cl\/index.php?rest_route=\/wp\/v2\/types\/post"}],"author":[{"embeddable":true,"href":"https:\/\/radiorevelacionfm.cl\/index.php?rest_route=\/wp\/v2\/users\/1"}],"replies":[{"embeddable":true,"href":"https:\/\/radiorevelacionfm.cl\/index.php?rest_route=%2Fwp%2Fv2%2Fcomments&post=33879"}],"version-history":[{"count":1,"href":"https:\/\/radiorevelacionfm.cl\/index.php?rest_route=\/wp\/v2\/posts\/33879\/revisions"}],"predecessor-version":[{"id":33883,"href":"https:\/\/radiorevelacionfm.cl\/index.php?rest_route=\/wp\/v2\/posts\/33879\/revisions\/33883"}],"wp:featuredmedia":[{"embeddable":true,"href":"https:\/\/radiorevelacionfm.cl\/index.php?rest_route=\/wp\/v2\/media\/33882"}],"wp:attachment":[{"href":"https:\/\/radiorevelacionfm.cl\/index.php?rest_route=%2Fwp%2Fv2%2Fmedia&parent=33879"}],"wp:term":[{"taxonomy":"category","embeddable":true,"href":"https:\/\/radiorevelacionfm.cl\/index.php?rest_route=%2Fwp%2Fv2%2Fcategories&post=33879"},{"taxonomy":"post_tag","embeddable":true,"href":"https:\/\/radiorevelacionfm.cl\/index.php?rest_route=%2Fwp%2Fv2%2Ftags&post=33879"}],"curies":[{"name":"wp","href":"https:\/\/api.w.org\/{rel}","templated":true}]}}