{"id":33876,"date":"2023-08-14T15:33:36","date_gmt":"2023-08-14T18:33:36","guid":{"rendered":"https:\/\/radiorevelacionfm.cl\/?p=33876"},"modified":"2023-08-14T15:33:36","modified_gmt":"2023-08-14T18:33:36","slug":"jardin-infantil-de-cochrane-participara-en-seminario-nacional-en-primera-infancia","status":"publish","type":"post","link":"https:\/\/radiorevelacionfm.cl\/?p=33876","title":{"rendered":"Jard\u00edn Infantil de Cochrane participar\u00e1 en seminario nacional en Primera Infancia"},"content":{"rendered":"<div class=\"flex_column av_one_full  flex_column_div av-zero-column-padding first  avia-builder-el-0  el_before_av_one_full  avia-builder-el-first  \" style='border-radius:0px; '><div  class='avia-image-container  av-styling-    avia-builder-el-1  avia-builder-el-no-sibling  avia-align-center '  itemprop=\"image\" itemscope=\"itemscope\" itemtype=\"https:\/\/schema.org\/ImageObject\"  ><div class='avia-image-container-inner'><div class='avia-image-overlay-wrap'><img decoding=\"async\" class='wp-image-33877 avia-img-lazy-loading-not-33877 avia_image' src=\"https:\/\/radiorevelacionfm.cl\/wp-content\/uploads\/2023\/08\/2-4-1-1_optimized.jpg\" alt='' title='2-(4)-(1)-(1)_optimized' height=\"600\" width=\"1067\"  itemprop=\"thumbnailUrl\" srcset=\"https:\/\/radiorevelacionfm.cl\/wp-content\/uploads\/2023\/08\/2-4-1-1_optimized.jpg 1067w, https:\/\/radiorevelacionfm.cl\/wp-content\/uploads\/2023\/08\/2-4-1-1_optimized-300x169.jpg 300w, https:\/\/radiorevelacionfm.cl\/wp-content\/uploads\/2023\/08\/2-4-1-1_optimized-1030x579.jpg 1030w, https:\/\/radiorevelacionfm.cl\/wp-content\/uploads\/2023\/08\/2-4-1-1_optimized-768x432.jpg 768w, https:\/\/radiorevelacionfm.cl\/wp-content\/uploads\/2023\/08\/2-4-1-1_optimized-705x396.jpg 705w, https:\/\/radiorevelacionfm.cl\/wp-content\/uploads\/2023\/08\/2-4-1-1_optimized-450x253.jpg 450w, https:\/\/radiorevelacionfm.cl\/wp-content\/uploads\/2023\/08\/2-4-1-1_optimized-600x337.jpg 600w\" sizes=\"(max-width: 1067px) 100vw, 1067px\" \/><\/div><\/div><\/div><\/div><div class=\"flex_column av_one_full  flex_column_div av-zero-column-padding first  avia-builder-el-2  el_after_av_one_full  el_before_av_one_full  column-top-margin\" style='border-radius:0px; '><section class=\"av_textblock_section \"  itemscope=\"itemscope\" itemtype=\"https:\/\/schema.org\/BlogPosting\" itemprop=\"blogPost\" ><div class='avia_textblock  '   itemprop=\"text\" ><p style=\"text-align: center;\"><strong><span style=\"font-size: 18pt;\">Jard\u00edn Infantil de Cochrane participar\u00e1 en seminario nacional en Primera Infancia<\/span><\/strong><\/p>\n<div id=\"gtx-trans\" style=\"position: absolute; left: -50px; top: 4.31534px;\">\n<div class=\"gtx-trans-icon\"><\/div>\n<\/div>\n<\/div><\/section><\/div><div class=\"flex_column av_one_full  flex_column_div av-zero-column-padding first  avia-builder-el-4  el_after_av_one_full  el_before_av_hr  column-top-margin\" style='border-radius:0px; '><section class=\"av_textblock_section \"  itemscope=\"itemscope\" itemtype=\"https:\/\/schema.org\/BlogPosting\" itemprop=\"blogPost\" ><div class='avia_textblock  '   itemprop=\"text\" ><p style=\"text-align: justify;\">Por und\u00e9cimo a\u00f1o consecutivo Fundaci\u00f3n Integra organiza el Comparte Educaci\u00f3n, seminario que se enmarca dentro del Sistema de Formaci\u00f3n AprendeS y cuyo objetivo es ofrecer un espacio de encuentro y reconocimiento entre trabajadores\/as de Fundaci\u00f3n Integra de diferentes estamentos a nivel nacional, socializar buenas pr\u00e1cticas e incentivar su transmisi\u00f3n para la formaci\u00f3n de los equipos educativos.<\/p>\n<p style=\"text-align: justify;\">Leticia Araya Norambuena, directora regional de Fundaci\u00f3n Integra ha resaltado la relevancia de la participaci\u00f3n del Jard\u00edn Infantil y Sala Cuna \u00abLos Pioneros\u00bb en este evento nacional. \u00abLa esquila de Los Pioneros\u00bb ha sido seleccionada despu\u00e9s de un riguroso proceso de evaluaci\u00f3n y preselecci\u00f3n, demostrando su compromiso con la educaci\u00f3n de calidad en la primera infancia.<\/p>\n<p style=\"text-align: justify;\">Leticia Araya Norambuena, directora regional de Fundaci\u00f3n Integra destaca que \u201cel Comparte Educaci\u00f3n es una instancia que permite que los jardines infantiles de todo el pa\u00eds mostrar experiencias educativa innovadoras en primera infancia. Para esta versi\u00f3n el foco est\u00e1 en los ni\u00f1os y ni\u00f1as como protagonistas de sus aprendizajes y como los equipos educativos van generando estrategias para que ellos est\u00e9n en centro del quehacer\u201d.<\/p>\n<p style=\"text-align: justify;\">El seminario se llevar\u00e1 a cabo del 5 al 7 de septiembre en la ciudad de Santiago y se desarrollar\u00e1 bajo el lema \u00abNi\u00f1os y ni\u00f1as protagonistas de sus aprendizajes\u00bb. Durante este evento, se presentar\u00e1n diversas experiencias educativas que permiten a los ni\u00f1os tomar decisiones sobre su exploraci\u00f3n en entornos educativos que fomentan la motivaci\u00f3n y ofrecen diversas alternativas de acci\u00f3n.<\/p>\n<p style=\"text-align: justify;\">Cabe destacar, que el proceso de selecci\u00f3n para este encuentro nacional tuvo diversos filtros, como lo fue una preselecci\u00f3n regional en la que se escogieron tres experiencias educativas, las que posteriormente fueron presentadas al nivel central de Fundaci\u00f3n Integra con quienes se defini\u00f3, bajo una serie de criterios, que quien representar\u00e1 a la regi\u00f3n ser\u00e1 la del Jard\u00edn Infantil y Sala Cuna \u201cLos Pioneros\u201d de la comuna de Cochrane con la pr\u00e1ctica educativa \u201cLa esquila de Los Pioneros\u201d.<\/p>\n<p style=\"text-align: justify;\">Cecilia Alvarado, directora del Jard\u00edn Infantil y Sala Cuna \u201cLos Pioneros\u201d ser\u00e1 la encargada de exponer esta experiencia educativa en este encuentro nacional y no esconde su nerviosismo ante ese desaf\u00edo, \u201cestoy representando no solo mi jard\u00edn infantil, sino que a todos los jardines infantiles de la regi\u00f3n de Fundaci\u00f3n Integra\u201d. A la vez, destaca que \u201cir a esa actividad significa mostrar c\u00f3mo se vive en nuestra regi\u00f3n, c\u00f3mo viven los ni\u00f1os y ni\u00f1as de nuestra regi\u00f3n y de c\u00f3mo est\u00e1n disfrutando, jugando y aprendiendo en nuestros jardines infantiles\u201d.<\/p>\n<p style=\"text-align: justify;\">Es relevante destacar que, al igual que en el a\u00f1o anterior, el Comparte Educaci\u00f3n ser\u00e1 transmitido v\u00eda streaming por Fundaci\u00f3n Integra a trav\u00e9s de sus diversas plataformas digitales. Esta iniciativa tiene como prop\u00f3sito difundir el importante rol que desempe\u00f1an los jardines infantiles en el desarrollo integral de ni\u00f1os y ni\u00f1as.<\/p>\n<p style=\"text-align: justify;\">La directora regional refuerza que este encuentro nacional tambi\u00e9n tiene el desaf\u00edo de poder mostrar y \u201creflejar las experiencias (educativas) que desarrollamos en los jardines infantiles y el rol que tienen los ni\u00f1os y las ni\u00f1as como seres que piensan, que reflexionan, que critican, que proponen, en la que dan a conocer sus ideas, lo que les gusta o no y eso reflejarlo en una experiencia educativa\u201d.<\/p>\n<p style=\"text-align: justify;\">Fundaci\u00f3n Integra, con m\u00e1s de 31 a\u00f1os de experiencia, es la red m\u00e1s grande de salas cuna y jardines infantiles en Chile. Como parte de la Red de Fundaciones de la Presidencia de la Rep\u00fablica, Fundaci\u00f3n Integra est\u00e1 comprometida con la educaci\u00f3n de calidad y el desarrollo integral de los ni\u00f1os desde la primera infancia.<\/p>\n<\/div><\/section><\/div><div  style='height:50px' class='hr hr-invisible   avia-builder-el-6  el_after_av_one_full  el_before_av_social_share '><span class='hr-inner ' ><span class='hr-inner-style'><\/span><\/span><\/div><\/p>\n<div  class='av-social-sharing-box  avia-builder-el-7  el_after_av_hr  el_before_av_hr  '><div class='av-share-box'><h5 class='av-share-link-description av-no-toc '>Compartir esta noticia<\/h5><ul class='av-share-box-list noLightbox'><li class='av-share-link av-social-link-facebook' ><a target=\"_blank\" aria-label=\"Compartir en Facebook\" href='https:\/\/www.facebook.com\/sharer.php?u=https:\/\/radiorevelacionfm.cl\/?p=33876&#038;t=Jard%C3%ADn%20Infantil%20de%20Cochrane%20participar%C3%A1%20en%20seminario%20nacional%20en%20Primera%20Infancia' aria-hidden='false' data-av_icon='\ue8f3' data-av_iconfont='entypo-fontello' title='' data-avia-related-tooltip='Compartir en Facebook' rel=\"noopener\"><span class='avia_hidden_link_text'>Compartir en Facebook<\/span><\/a><\/li><li class='av-share-link av-social-link-twitter' ><a target=\"_blank\" aria-label=\"Compartir en Twitter\" href='https:\/\/twitter.com\/share?text=Jard%C3%ADn%20Infantil%20de%20Cochrane%20participar%C3%A1%20en%20seminario%20nacional%20en%20Primera%20Infancia&#038;url=https:\/\/radiorevelacionfm.cl\/?p=33876' aria-hidden='false' data-av_icon='\ue8f1' data-av_iconfont='entypo-fontello' title='' data-avia-related-tooltip='Compartir en Twitter' rel=\"noopener\"><span class='avia_hidden_link_text'>Compartir en Twitter<\/span><\/a><\/li><li class='av-share-link av-social-link-whatsapp' ><a target=\"_blank\" aria-label=\"Compartir en Whatsapp\" href='https:\/\/api.whatsapp.com\/send?text=https:\/\/radiorevelacionfm.cl\/?p=33876' aria-hidden='false' data-av_icon='\uf232' data-av_iconfont='entypo-fontello' title='' data-avia-related-tooltip='Compartir en Whatsapp' rel=\"noopener\"><span class='avia_hidden_link_text'>Compartir en Whatsapp<\/span><\/a><\/li><li class='av-share-link av-social-link-linkedin' ><a target=\"_blank\" aria-label=\"Compartir en LinkedIn\" href='https:\/\/linkedin.com\/shareArticle?mini=true&#038;title=Jard%C3%ADn%20Infantil%20de%20Cochrane%20participar%C3%A1%20en%20seminario%20nacional%20en%20Primera%20Infancia&#038;url=https:\/\/radiorevelacionfm.cl\/?p=33876' aria-hidden='false' data-av_icon='\ue8fc' data-av_iconfont='entypo-fontello' title='' data-avia-related-tooltip='Compartir en LinkedIn' rel=\"noopener\"><span class='avia_hidden_link_text'>Compartir en LinkedIn<\/span><\/a><\/li><li class='av-share-link av-social-link-mail' ><a  aria-label=\"Compartir por correo\" href='mailto:?subject=Jard%C3%ADn%20Infantil%20de%20Cochrane%20participar%C3%A1%20en%20seminario%20nacional%20en%20Primera%20Infancia&#038;body=https:\/\/radiorevelacionfm.cl\/?p=33876' aria-hidden='false' data-av_icon='\ue805' data-av_iconfont='entypo-fontello' title='' data-avia-related-tooltip='Compartir por correo'><span class='avia_hidden_link_text'>Compartir por correo<\/span><\/a><\/li><\/ul><\/div><\/div>\n<div  style='height:50px' class='hr hr-invisible   avia-builder-el-8  el_after_av_social_share  el_before_av_comments_list '><span class='hr-inner ' ><span class='hr-inner-style'><\/span><\/span><\/div>\n<div  class='av-buildercomment  av-blog-meta-html-info-disabled av-blog-meta-tag-disabled  '><\/div>\n","protected":false},"excerpt":{"rendered":"","protected":false},"author":1,"featured_media":33877,"comment_status":"open","ping_status":"open","sticky":false,"template":"","format":"standard","meta":{"footnotes":""},"categories":[49],"tags":[],"class_list":["post-33876","post","type-post","status-publish","format-standard","has-post-thumbnail","hentry","category-educacion"],"jetpack_featured_media_url":"https:\/\/radiorevelacionfm.cl\/wp-content\/uploads\/2023\/08\/2-4-1-1_optimized.jpg","_links":{"self":[{"href":"https:\/\/radiorevelacionfm.cl\/index.php?rest_route=\/wp\/v2\/posts\/33876","targetHints":{"allow":["GET"]}}],"collection":[{"href":"https:\/\/radiorevelacionfm.cl\/index.php?rest_route=\/wp\/v2\/posts"}],"about":[{"href":"https:\/\/radiorevelacionfm.cl\/index.php?rest_route=\/wp\/v2\/types\/post"}],"author":[{"embeddable":true,"href":"https:\/\/radiorevelacionfm.cl\/index.php?rest_route=\/wp\/v2\/users\/1"}],"replies":[{"embeddable":true,"href":"https:\/\/radiorevelacionfm.cl\/index.php?rest_route=%2Fwp%2Fv2%2Fcomments&post=33876"}],"version-history":[{"count":1,"href":"https:\/\/radiorevelacionfm.cl\/index.php?rest_route=\/wp\/v2\/posts\/33876\/revisions"}],"predecessor-version":[{"id":33878,"href":"https:\/\/radiorevelacionfm.cl\/index.php?rest_route=\/wp\/v2\/posts\/33876\/revisions\/33878"}],"wp:featuredmedia":[{"embeddable":true,"href":"https:\/\/radiorevelacionfm.cl\/index.php?rest_route=\/wp\/v2\/media\/33877"}],"wp:attachment":[{"href":"https:\/\/radiorevelacionfm.cl\/index.php?rest_route=%2Fwp%2Fv2%2Fmedia&parent=33876"}],"wp:term":[{"taxonomy":"category","embeddable":true,"href":"https:\/\/radiorevelacionfm.cl\/index.php?rest_route=%2Fwp%2Fv2%2Fcategories&post=33876"},{"taxonomy":"post_tag","embeddable":true,"href":"https:\/\/radiorevelacionfm.cl\/index.php?rest_route=%2Fwp%2Fv2%2Ftags&post=33876"}],"curies":[{"name":"wp","href":"https:\/\/api.w.org\/{rel}","templated":true}]}}