{"id":33873,"date":"2023-08-14T14:03:41","date_gmt":"2023-08-14T17:03:41","guid":{"rendered":"https:\/\/radiorevelacionfm.cl\/?p=33873"},"modified":"2023-08-14T14:03:41","modified_gmt":"2023-08-14T17:03:41","slug":"aprueban-financiamiento-de-casi-3-mil-millones-para-nuevo-edificio-consistorial-de-rio-ibanez","status":"publish","type":"post","link":"https:\/\/radiorevelacionfm.cl\/?p=33873","title":{"rendered":"Aprueban financiamiento de casi $3 mil millones para nuevo edificio consistorial de R\u00edo Ib\u00e1\u00f1ez"},"content":{"rendered":"<div class=\"flex_column av_one_full  flex_column_div av-zero-column-padding first  avia-builder-el-0  el_before_av_one_full  avia-builder-el-first  \" style='border-radius:0px; '><div  class='avia-image-container  av-styling-    avia-builder-el-1  avia-builder-el-no-sibling  avia-align-center '  itemprop=\"image\" itemscope=\"itemscope\" itemtype=\"https:\/\/schema.org\/ImageObject\"  ><div class='avia-image-container-inner'><div class='avia-image-overlay-wrap'><img decoding=\"async\" class='wp-image-33874 avia-img-lazy-loading-not-33874 avia_image' src=\"https:\/\/radiorevelacionfm.cl\/wp-content\/uploads\/2023\/08\/IBANEZ-1-1-1.jpeg\" alt='' title='IB\u00c1\u00d1EZ 1 (1) (1)' height=\"600\" width=\"1068\"  itemprop=\"thumbnailUrl\" srcset=\"https:\/\/radiorevelacionfm.cl\/wp-content\/uploads\/2023\/08\/IBANEZ-1-1-1.jpeg 1068w, https:\/\/radiorevelacionfm.cl\/wp-content\/uploads\/2023\/08\/IBANEZ-1-1-1-300x169.jpeg 300w, https:\/\/radiorevelacionfm.cl\/wp-content\/uploads\/2023\/08\/IBANEZ-1-1-1-1030x579.jpeg 1030w, https:\/\/radiorevelacionfm.cl\/wp-content\/uploads\/2023\/08\/IBANEZ-1-1-1-768x431.jpeg 768w, https:\/\/radiorevelacionfm.cl\/wp-content\/uploads\/2023\/08\/IBANEZ-1-1-1-705x396.jpeg 705w, https:\/\/radiorevelacionfm.cl\/wp-content\/uploads\/2023\/08\/IBANEZ-1-1-1-450x253.jpeg 450w, https:\/\/radiorevelacionfm.cl\/wp-content\/uploads\/2023\/08\/IBANEZ-1-1-1-600x337.jpeg 600w\" sizes=\"(max-width: 1068px) 100vw, 1068px\" \/><\/div><\/div><\/div><\/div><div class=\"flex_column av_one_full  flex_column_div av-zero-column-padding first  avia-builder-el-2  el_after_av_one_full  el_before_av_one_full  column-top-margin\" style='border-radius:0px; '><section class=\"av_textblock_section \"  itemscope=\"itemscope\" itemtype=\"https:\/\/schema.org\/BlogPosting\" itemprop=\"blogPost\" ><div class='avia_textblock  '   itemprop=\"text\" ><p style=\"text-align: center;\"><strong><span style=\"font-size: 18pt;\">Aprueban financiamiento de casi $3 mil millones para nuevo edificio consistorial de R\u00edo Ib\u00e1\u00f1ez<\/span><\/strong><\/p>\n<div id=\"gtx-trans\" style=\"position: absolute; left: -50px; top: 4.31534px;\">\n<div class=\"gtx-trans-icon\"><\/div>\n<\/div>\n<\/div><\/section><\/div><div class=\"flex_column av_one_full  flex_column_div av-zero-column-padding first  avia-builder-el-4  el_after_av_one_full  el_before_av_hr  column-top-margin\" style='border-radius:0px; '><section class=\"av_textblock_section \"  itemscope=\"itemscope\" itemtype=\"https:\/\/schema.org\/BlogPosting\" itemprop=\"blogPost\" ><div class='avia_textblock  '   itemprop=\"text\" ><p dir=\"ltr\" style=\"text-align: justify;\">Entre aplausos y celebraciones por parte de quienes asistieron a la sesi\u00f3n de este viernes, el Pleno del Consejo Regional de Ays\u00e9n, presidido por la Gobernadora Regional Andrea Mac\u00edas Palma, aprob\u00f3 el tan esperado financiamiento para la reposici\u00f3n del edificio consistorial donde funcionar\u00e1 la Municipalidad de R\u00edo Ib\u00e1\u00f1ez, por un monto de $2.927 millones.<\/p>\n<p dir=\"ltr\" style=\"text-align: justify;\">Este proyecto era una necesidad que las y los trabajadores de la comuna hab\u00edan levantado debido a las deficiencias en las instalaciones municipales, sin embargo, y debido a la forma en que estaba elaborada la Ley de Presupuesto a nivel central de este a\u00f1o, el financiamiento para la iniciativa hab\u00eda quedado comprometido, a tal punto que se puso en duda su concreci\u00f3n para el 2023.<\/p>\n<p dir=\"ltr\" style=\"text-align: justify;\">Luego de un trabajo conjunto por parte del Gobierno Regional de Ays\u00e9n y de la Municipalidad de R\u00edo Ib\u00e1\u00f1ez, ambas entidades lograron que se modificara la Glosa Presupuestaria del Programa Fondo Recuperaci\u00f3n de Ciudades (FRC) para 2023, cambio que posibilit\u00f3 que la reposici\u00f3n del edificio consistorial pueda ser financiada por esta v\u00eda. Son m\u00e1s de $7.300 millones en total, de los cuales el Gore aportar\u00e1 el 40% y la Subsecretar\u00eda de Desarrollo Regional el 60% restante.<\/p>\n<p dir=\"ltr\" style=\"text-align: justify;\">\u00abSon a lo menos 10 o 12 a\u00f1os en que los funcionarios y funcionarias municipales han estado impulsando esta iniciativa, as\u00ed que muy contenta, cumpliendo los compromisos. Agradecer la disposici\u00f3n que tuvo el Gobierno Nacional tambi\u00e9n, para que de manera conjunta, Gobierno Nacional y Gobierno Regional podamos colaborar para mejorar el Gobierno Local, que son los municipios. Eso es una muestra de que cuando los tres niveles de la administraci\u00f3n del Estado se coordinan podemos lograr grandes cosas\u00bb, afirm\u00f3 la Gobernadora de Ays\u00e9n Andrea Mac\u00edas Palma.<\/p>\n<p dir=\"ltr\" style=\"text-align: justify;\">Para quien ha sido vocera de las y los funcionarios municipales de R\u00edo Ib\u00e1\u00f1ez durante todo este proceso, la trabajadora social Alejandra Altamirano, esta aprobaci\u00f3n \u00abes el comienzo de algo muy grande. Significa que todos nuestros colegas de los municipios de la Regi\u00f3n de Ays\u00e9n van a poder optar a estos financiamientos compartidos. Significa que van a poder trabajar sus proyectos para presentarlos, obtener el RS (recomendaci\u00f3n satisfactoria) y finalmente tener el financiamiento para sus nuevos edificios municipales, porque todos estamos casi en las mismas condiciones\u00bb.<\/p>\n<p dir=\"ltr\" style=\"text-align: justify;\">Por su parte, el Alcalde de la comuna de R\u00edo Ib\u00e1\u00f1ez, Marcelo Santana, manifest\u00f3 su alegr\u00eda por esta votaci\u00f3n del plenario del Core. \u00abHoy d\u00eda cumplimos un hito importante luego de m\u00e1s de cinco a\u00f1os de gesti\u00f3n, donde empezamos a trabajar un proyecto so\u00f1ado para los funcionarios, para los vecinos, para la comunidad (&#8230;) hemos logrado con este acuerdo del Consejo Regional, y con la propuesta del Gobierno Regional, conseguir el 100% del financiamiento, as\u00ed que estamos felices y nos vamos muy contentos tambi\u00e9n a R\u00edo Ib\u00e1\u00f1ez\u00bb, se\u00f1al\u00f3 la autoridad comunal.<\/p>\n<p dir=\"ltr\" style=\"text-align: justify;\">Previo a esta aprobaci\u00f3n del Pleno, el proyecto ya hab\u00eda recibido la recomendaci\u00f3n un\u00e1nime de la Comisi\u00f3n de Infraestructura, Transportes y Comunicaciones del Consejo Regional, cuyos integrantes se trasladaron el d\u00eda jueves a Puerto Ingeniero Ib\u00e1\u00f1ez, para sesionar en el territorio y compartir con la comunidad y los funcionarios y funcionarias municipales esta buena noticia.<\/p>\n<p dir=\"ltr\" style=\"text-align: justify;\">\u00abPrimero, agradecer a los Consejeros y Consejeras de las diferentes provincias de nuestra regi\u00f3n. Este es un proyecto muy anhelado por los funcionarios y funcionarias de la Municipalidad de R\u00edo Ib\u00e1\u00f1ez, un consistorial que llevaba 42 a\u00f1os esperando su reposici\u00f3n. Esto viene claramente a mejorar la calidad de la atenci\u00f3n a los usuarios de la comuna de R\u00edo Ib\u00e1\u00f1ez, la calidad del funcionamiento, y la calidad laboral tambi\u00e9n, para los funcionarios y funcionarias que trabajan d\u00eda a d\u00eda para la poblaci\u00f3n\u00bb, recalc\u00f3 la Consejera Regional de la Provincia de General Carrera y presidenta de la Comisi\u00f3n de Infraestructura, Lilian Inostroza.<\/p>\n<\/div><\/section><\/div><div  style='height:50px' class='hr hr-invisible   avia-builder-el-6  el_after_av_one_full  el_before_av_social_share '><span class='hr-inner ' ><span class='hr-inner-style'><\/span><\/span><\/div><\/p>\n<div  class='av-social-sharing-box  avia-builder-el-7  el_after_av_hr  el_before_av_hr  '><div class='av-share-box'><h5 class='av-share-link-description av-no-toc '>Compartir esta noticia<\/h5><ul class='av-share-box-list noLightbox'><li class='av-share-link av-social-link-facebook' ><a target=\"_blank\" aria-label=\"Compartir en Facebook\" href='https:\/\/www.facebook.com\/sharer.php?u=https:\/\/radiorevelacionfm.cl\/?p=33873&#038;t=Aprueban%20financiamiento%20de%20casi%20%243%20mil%20millones%20para%20nuevo%20edificio%20consistorial%20de%20R%C3%ADo%20Ib%C3%A1%C3%B1ez' aria-hidden='false' data-av_icon='\ue8f3' data-av_iconfont='entypo-fontello' title='' data-avia-related-tooltip='Compartir en Facebook' rel=\"noopener\"><span class='avia_hidden_link_text'>Compartir en Facebook<\/span><\/a><\/li><li class='av-share-link av-social-link-twitter' ><a target=\"_blank\" aria-label=\"Compartir en Twitter\" href='https:\/\/twitter.com\/share?text=Aprueban%20financiamiento%20de%20casi%20%243%20mil%20millones%20para%20nuevo%20edificio%20consistorial%20de%20R%C3%ADo%20Ib%C3%A1%C3%B1ez&#038;url=https:\/\/radiorevelacionfm.cl\/?p=33873' aria-hidden='false' data-av_icon='\ue8f1' data-av_iconfont='entypo-fontello' title='' data-avia-related-tooltip='Compartir en Twitter' rel=\"noopener\"><span class='avia_hidden_link_text'>Compartir en Twitter<\/span><\/a><\/li><li class='av-share-link av-social-link-whatsapp' ><a target=\"_blank\" aria-label=\"Compartir en Whatsapp\" href='https:\/\/api.whatsapp.com\/send?text=https:\/\/radiorevelacionfm.cl\/?p=33873' aria-hidden='false' data-av_icon='\uf232' data-av_iconfont='entypo-fontello' title='' data-avia-related-tooltip='Compartir en Whatsapp' rel=\"noopener\"><span class='avia_hidden_link_text'>Compartir en Whatsapp<\/span><\/a><\/li><li class='av-share-link av-social-link-linkedin' ><a target=\"_blank\" aria-label=\"Compartir en LinkedIn\" href='https:\/\/linkedin.com\/shareArticle?mini=true&#038;title=Aprueban%20financiamiento%20de%20casi%20%243%20mil%20millones%20para%20nuevo%20edificio%20consistorial%20de%20R%C3%ADo%20Ib%C3%A1%C3%B1ez&#038;url=https:\/\/radiorevelacionfm.cl\/?p=33873' aria-hidden='false' data-av_icon='\ue8fc' data-av_iconfont='entypo-fontello' title='' data-avia-related-tooltip='Compartir en LinkedIn' rel=\"noopener\"><span class='avia_hidden_link_text'>Compartir en LinkedIn<\/span><\/a><\/li><li class='av-share-link av-social-link-mail' ><a  aria-label=\"Compartir por correo\" href='mailto:?subject=Aprueban%20financiamiento%20de%20casi%20%243%20mil%20millones%20para%20nuevo%20edificio%20consistorial%20de%20R%C3%ADo%20Ib%C3%A1%C3%B1ez&#038;body=https:\/\/radiorevelacionfm.cl\/?p=33873' aria-hidden='false' data-av_icon='\ue805' data-av_iconfont='entypo-fontello' title='' data-avia-related-tooltip='Compartir por correo'><span class='avia_hidden_link_text'>Compartir por correo<\/span><\/a><\/li><\/ul><\/div><\/div>\n<div  style='height:50px' class='hr hr-invisible   avia-builder-el-8  el_after_av_social_share  el_before_av_comments_list '><span class='hr-inner ' ><span class='hr-inner-style'><\/span><\/span><\/div>\n<div  class='av-buildercomment  av-blog-meta-html-info-disabled av-blog-meta-tag-disabled  '><\/div>\n","protected":false},"excerpt":{"rendered":"","protected":false},"author":1,"featured_media":33874,"comment_status":"open","ping_status":"open","sticky":false,"template":"","format":"standard","meta":{"footnotes":""},"categories":[38],"tags":[],"class_list":["post-33873","post","type-post","status-publish","format-standard","has-post-thumbnail","hentry","category-regional"],"jetpack_featured_media_url":"https:\/\/radiorevelacionfm.cl\/wp-content\/uploads\/2023\/08\/IBANEZ-1-1-1.jpeg","_links":{"self":[{"href":"https:\/\/radiorevelacionfm.cl\/index.php?rest_route=\/wp\/v2\/posts\/33873","targetHints":{"allow":["GET"]}}],"collection":[{"href":"https:\/\/radiorevelacionfm.cl\/index.php?rest_route=\/wp\/v2\/posts"}],"about":[{"href":"https:\/\/radiorevelacionfm.cl\/index.php?rest_route=\/wp\/v2\/types\/post"}],"author":[{"embeddable":true,"href":"https:\/\/radiorevelacionfm.cl\/index.php?rest_route=\/wp\/v2\/users\/1"}],"replies":[{"embeddable":true,"href":"https:\/\/radiorevelacionfm.cl\/index.php?rest_route=%2Fwp%2Fv2%2Fcomments&post=33873"}],"version-history":[{"count":1,"href":"https:\/\/radiorevelacionfm.cl\/index.php?rest_route=\/wp\/v2\/posts\/33873\/revisions"}],"predecessor-version":[{"id":33875,"href":"https:\/\/radiorevelacionfm.cl\/index.php?rest_route=\/wp\/v2\/posts\/33873\/revisions\/33875"}],"wp:featuredmedia":[{"embeddable":true,"href":"https:\/\/radiorevelacionfm.cl\/index.php?rest_route=\/wp\/v2\/media\/33874"}],"wp:attachment":[{"href":"https:\/\/radiorevelacionfm.cl\/index.php?rest_route=%2Fwp%2Fv2%2Fmedia&parent=33873"}],"wp:term":[{"taxonomy":"category","embeddable":true,"href":"https:\/\/radiorevelacionfm.cl\/index.php?rest_route=%2Fwp%2Fv2%2Fcategories&post=33873"},{"taxonomy":"post_tag","embeddable":true,"href":"https:\/\/radiorevelacionfm.cl\/index.php?rest_route=%2Fwp%2Fv2%2Ftags&post=33873"}],"curies":[{"name":"wp","href":"https:\/\/api.w.org\/{rel}","templated":true}]}}