{"id":33870,"date":"2023-08-13T21:35:26","date_gmt":"2023-08-14T00:35:26","guid":{"rendered":"https:\/\/radiorevelacionfm.cl\/?p=33870"},"modified":"2023-08-13T21:35:26","modified_gmt":"2023-08-14T00:35:26","slug":"buses-electricos-para-la-comuna-de-aysen-core-aprueba-adquisicion-de-vehiculos-para-traslado-de-estudiantes-y-adultos-mayores","status":"publish","type":"post","link":"https:\/\/radiorevelacionfm.cl\/?p=33870","title":{"rendered":"Buses el\u00e9ctricos para la comuna de Ays\u00e9n: CORE aprueba adquisici\u00f3n de veh\u00edculos para traslado de estudiantes y adultos mayores"},"content":{"rendered":"<div class=\"flex_column av_one_full  flex_column_div av-zero-column-padding first  avia-builder-el-0  el_before_av_one_full  avia-builder-el-first  \" style='border-radius:0px; '><div  class='avia-image-container  av-styling-    avia-builder-el-1  avia-builder-el-no-sibling  avia-align-center '  itemprop=\"image\" itemscope=\"itemscope\" itemtype=\"https:\/\/schema.org\/ImageObject\"  ><div class='avia-image-container-inner'><div class='avia-image-overlay-wrap'><img decoding=\"async\" class='wp-image-33871 avia-img-lazy-loading-not-33871 avia_image' src=\"https:\/\/radiorevelacionfm.cl\/wp-content\/uploads\/2023\/08\/BUSES-2-1-1.jpeg\" alt='' title='BUSES 2 (1) (1)' height=\"600\" width=\"1067\"  itemprop=\"thumbnailUrl\" srcset=\"https:\/\/radiorevelacionfm.cl\/wp-content\/uploads\/2023\/08\/BUSES-2-1-1.jpeg 1067w, https:\/\/radiorevelacionfm.cl\/wp-content\/uploads\/2023\/08\/BUSES-2-1-1-300x169.jpeg 300w, https:\/\/radiorevelacionfm.cl\/wp-content\/uploads\/2023\/08\/BUSES-2-1-1-1030x579.jpeg 1030w, https:\/\/radiorevelacionfm.cl\/wp-content\/uploads\/2023\/08\/BUSES-2-1-1-768x432.jpeg 768w, https:\/\/radiorevelacionfm.cl\/wp-content\/uploads\/2023\/08\/BUSES-2-1-1-705x396.jpeg 705w, https:\/\/radiorevelacionfm.cl\/wp-content\/uploads\/2023\/08\/BUSES-2-1-1-450x253.jpeg 450w, https:\/\/radiorevelacionfm.cl\/wp-content\/uploads\/2023\/08\/BUSES-2-1-1-600x337.jpeg 600w\" sizes=\"(max-width: 1067px) 100vw, 1067px\" \/><\/div><\/div><\/div><\/div><div class=\"flex_column av_one_full  flex_column_div av-zero-column-padding first  avia-builder-el-2  el_after_av_one_full  el_before_av_one_full  column-top-margin\" style='border-radius:0px; '><section class=\"av_textblock_section \"  itemscope=\"itemscope\" itemtype=\"https:\/\/schema.org\/BlogPosting\" itemprop=\"blogPost\" ><div class='avia_textblock  '   itemprop=\"text\" ><p style=\"text-align: center;\"><strong><span style=\"font-size: 18pt;\">Buses el\u00e9ctricos para la comuna de Ays\u00e9n: CORE aprueba adquisici\u00f3n de veh\u00edculos para traslado de estudiantes y adultos mayores<\/span><\/strong><\/p>\n<div id=\"gtx-trans\" style=\"position: absolute; left: -50px; top: 4.31534px;\">\n<div class=\"gtx-trans-icon\"><\/div>\n<\/div>\n<\/div><\/section><\/div><div class=\"flex_column av_one_full  flex_column_div av-zero-column-padding first  avia-builder-el-4  el_after_av_one_full  el_before_av_hr  column-top-margin\" style='border-radius:0px; '><section class=\"av_textblock_section \"  itemscope=\"itemscope\" itemtype=\"https:\/\/schema.org\/BlogPosting\" itemprop=\"blogPost\" ><div class='avia_textblock  '   itemprop=\"text\" ><p dir=\"ltr\" style=\"text-align: justify;\">Este viernes el Pleno del Consejo Regional de Ays\u00e9n, presidido por la Gobernadora Regional de Ays\u00e9n, Andrea Mac\u00edas Palma, aprob\u00f3 de manera un\u00e1nime financiar la adquisici\u00f3n de tres buses el\u00e9ctricos para la comuna de Ays\u00e9n, los que servir\u00e1n para trasladar principalmente a personas mayores y a estudiantes de la educaci\u00f3n superior que tienen que viajar diariamente a Coyhaique.<\/p>\n<p dir=\"ltr\" style=\"text-align: justify;\">\u00abEsto es un tremendo hito que viene a poner en valor el trabajo que se realiza de manera conjunta entre los municipios y el Gobierno Regional. Se\u00f1alar que aqu\u00ed estamos aportando para que se puedan resolver situaciones que son problem\u00e1ticas y que vive d\u00eda a d\u00eda el adulto mayor (&#8230;) tambi\u00e9n hab\u00eda una tem\u00e1tica muy puntual que viv\u00edan las y los estudiantes de Puerto Ays\u00e9n, y en ese sentido, se comprometi\u00f3 tambi\u00e9n con este proyecto un bus que va a permitir que ellos puedan contar con un recorrido adicional a lo que hoy ofrece el transporte privado, para poder acercarse a su lugar de estudio en la ciudad de Coyhaique\u00bb, detall\u00f3 la Gobernadora Andrea Mac\u00edas Palma.<\/p>\n<p dir=\"ltr\" style=\"text-align: justify;\">Esta iniciativa, cuyo financiamiento fue aprobado por un monto total de $1.283 millones, responde a una demanda levantada desde la propia comunidad hacia el municipio, donde los clubes de adultos mayores expusieron a las autoridades las dificultades que tienen para trasladarse a falta de un servicio de transporte p\u00fablico, tanto dentro de Ays\u00e9n como hacia otras comunas, ya sea para asistir al m\u00e9dico, realizar tr\u00e1mites u otras diligencias cotidianas.<\/p>\n<p dir=\"ltr\" style=\"text-align: justify;\">\u00abSocialmente es uno de los proyectos que tiene mayor impacto, sobre todo porque hoy d\u00eda los adultos mayores no tienen los recursos para pagar un taxi o un colectivo, y aqu\u00ed van a tener una movilizaci\u00f3n p\u00fablica y gratuita. As\u00ed que creo que es una instancia muy valorable el poder haber contado con el apoyo de nuestra Gobernadora Regional, as\u00ed como tambi\u00e9n de todo el Consejo\u00bb, destac\u00f3 el Alcalde de la Municipalidad de Ays\u00e9n, Julio Uribe.<\/p>\n<p dir=\"ltr\" style=\"text-align: justify;\">Por otra parte, uno de los puntos principales de la reciente movilizaci\u00f3n de los estudiantes de la Universidad de Ays\u00e9n era justamente la necesidad de que existiera una alternativa para trasladarse desde Puerto Ays\u00e9n a Coyhaique, debido a que acusaban ineficiencia de los servicios existentes, principalmente por la disponibilidad horaria. Entonces, con este proyecto se apunta a las necesidades tanto de la comunidad estudiantil como de las y los adultos mayores, que podr\u00e1n ocupar estos servicios de manera gratuita.<\/p>\n<p dir=\"ltr\" style=\"text-align: justify;\">\u00abSe necesitaba la aprobaci\u00f3n de este proyecto, que la verdad es que es de gran envergadura y con tecnolog\u00eda muy avanzada. Aparte de ayudar y cubrir pr\u00e1cticamente toda la demanda, nos aliviana much\u00edsimo lo que viene siendo el presupuesto, lo que hay que pagar todos los d\u00edas, y nos mejora nuestro bienestar\u00bb, explic\u00f3 Crist\u00f3bal Sandoval, uno de los voceros de las y los estudiantes de Puerto Ays\u00e9n que estudian en la Universidad de Ays\u00e9n.<\/p>\n<p dir=\"ltr\" style=\"text-align: justify;\">En tanto, el Consejero Regional de la Provincia de Ays\u00e9n, Marco Gillibrand, felicit\u00f3 al equipo municipal \u00abpor el tremendo proyecto que se present\u00f3, que hoy se present\u00f3 al plenario y que fue aprobado por unanimidad, para que se haga de este sue\u00f1o una realidad, tanto para los adultos mayores, para que tengan una mejor calidad de vida, y tambi\u00e9n para los estudiantes que vienen a la ciudad de Coyhaique cada d\u00eda, que son aproximadamente de 100 a 150 alumnos\u00bb.<\/p>\n<p dir=\"ltr\" style=\"text-align: justify;\">El plazo de la ejecuci\u00f3n de este proyecto son aproximadamente siete meses, por lo que ya a comienzos del pr\u00f3ximo a\u00f1o, las y los habitantes de las localidades de Puerto Ays\u00e9n, Puerto Chacabuco, Villa Ma\u00f1ihuales, Villa Los Torreones y El Salto, podr\u00e1n disfrutar de este servicio de buses.<\/p>\n<\/div><\/section><\/div><div  style='height:50px' class='hr hr-invisible   avia-builder-el-6  el_after_av_one_full  el_before_av_social_share '><span class='hr-inner ' ><span class='hr-inner-style'><\/span><\/span><\/div><\/p>\n<div  class='av-social-sharing-box  avia-builder-el-7  el_after_av_hr  el_before_av_hr  '><div class='av-share-box'><h5 class='av-share-link-description av-no-toc '>Compartir esta noticia<\/h5><ul class='av-share-box-list noLightbox'><li class='av-share-link av-social-link-facebook' ><a target=\"_blank\" aria-label=\"Compartir en Facebook\" href='https:\/\/www.facebook.com\/sharer.php?u=https:\/\/radiorevelacionfm.cl\/?p=33870&#038;t=Buses%20el%C3%A9ctricos%20para%20la%20comuna%20de%20Ays%C3%A9n%3A%20CORE%20aprueba%20adquisici%C3%B3n%20de%20veh%C3%ADculos%20para%20traslado%20de%20estudiantes%20y%20adultos%20mayores' aria-hidden='false' data-av_icon='\ue8f3' data-av_iconfont='entypo-fontello' title='' data-avia-related-tooltip='Compartir en Facebook' rel=\"noopener\"><span class='avia_hidden_link_text'>Compartir en Facebook<\/span><\/a><\/li><li class='av-share-link av-social-link-twitter' ><a target=\"_blank\" aria-label=\"Compartir en Twitter\" href='https:\/\/twitter.com\/share?text=Buses%20el%C3%A9ctricos%20para%20la%20comuna%20de%20Ays%C3%A9n%3A%20CORE%20aprueba%20adquisici%C3%B3n%20de%20veh%C3%ADculos%20para%20traslado%20de%20estudiantes%20y%20adultos%20mayores&#038;url=https:\/\/radiorevelacionfm.cl\/?p=33870' aria-hidden='false' data-av_icon='\ue8f1' data-av_iconfont='entypo-fontello' title='' data-avia-related-tooltip='Compartir en Twitter' rel=\"noopener\"><span class='avia_hidden_link_text'>Compartir en Twitter<\/span><\/a><\/li><li class='av-share-link av-social-link-whatsapp' ><a target=\"_blank\" aria-label=\"Compartir en Whatsapp\" href='https:\/\/api.whatsapp.com\/send?text=https:\/\/radiorevelacionfm.cl\/?p=33870' aria-hidden='false' data-av_icon='\uf232' data-av_iconfont='entypo-fontello' title='' data-avia-related-tooltip='Compartir en Whatsapp' rel=\"noopener\"><span class='avia_hidden_link_text'>Compartir en Whatsapp<\/span><\/a><\/li><li class='av-share-link av-social-link-linkedin' ><a target=\"_blank\" aria-label=\"Compartir en LinkedIn\" href='https:\/\/linkedin.com\/shareArticle?mini=true&#038;title=Buses%20el%C3%A9ctricos%20para%20la%20comuna%20de%20Ays%C3%A9n%3A%20CORE%20aprueba%20adquisici%C3%B3n%20de%20veh%C3%ADculos%20para%20traslado%20de%20estudiantes%20y%20adultos%20mayores&#038;url=https:\/\/radiorevelacionfm.cl\/?p=33870' aria-hidden='false' data-av_icon='\ue8fc' data-av_iconfont='entypo-fontello' title='' data-avia-related-tooltip='Compartir en LinkedIn' rel=\"noopener\"><span class='avia_hidden_link_text'>Compartir en LinkedIn<\/span><\/a><\/li><li class='av-share-link av-social-link-mail' ><a  aria-label=\"Compartir por correo\" href='mailto:?subject=Buses%20el%C3%A9ctricos%20para%20la%20comuna%20de%20Ays%C3%A9n%3A%20CORE%20aprueba%20adquisici%C3%B3n%20de%20veh%C3%ADculos%20para%20traslado%20de%20estudiantes%20y%20adultos%20mayores&#038;body=https:\/\/radiorevelacionfm.cl\/?p=33870' aria-hidden='false' data-av_icon='\ue805' data-av_iconfont='entypo-fontello' title='' data-avia-related-tooltip='Compartir por correo'><span class='avia_hidden_link_text'>Compartir por correo<\/span><\/a><\/li><\/ul><\/div><\/div>\n<div  style='height:50px' class='hr hr-invisible   avia-builder-el-8  el_after_av_social_share  el_before_av_comments_list '><span class='hr-inner ' ><span class='hr-inner-style'><\/span><\/span><\/div>\n<div  class='av-buildercomment  av-blog-meta-html-info-disabled av-blog-meta-tag-disabled  '><\/div>\n","protected":false},"excerpt":{"rendered":"","protected":false},"author":1,"featured_media":33871,"comment_status":"open","ping_status":"open","sticky":false,"template":"","format":"standard","meta":{"footnotes":""},"categories":[38],"tags":[],"class_list":["post-33870","post","type-post","status-publish","format-standard","has-post-thumbnail","hentry","category-regional"],"jetpack_featured_media_url":"https:\/\/radiorevelacionfm.cl\/wp-content\/uploads\/2023\/08\/BUSES-2-1-1.jpeg","_links":{"self":[{"href":"https:\/\/radiorevelacionfm.cl\/index.php?rest_route=\/wp\/v2\/posts\/33870","targetHints":{"allow":["GET"]}}],"collection":[{"href":"https:\/\/radiorevelacionfm.cl\/index.php?rest_route=\/wp\/v2\/posts"}],"about":[{"href":"https:\/\/radiorevelacionfm.cl\/index.php?rest_route=\/wp\/v2\/types\/post"}],"author":[{"embeddable":true,"href":"https:\/\/radiorevelacionfm.cl\/index.php?rest_route=\/wp\/v2\/users\/1"}],"replies":[{"embeddable":true,"href":"https:\/\/radiorevelacionfm.cl\/index.php?rest_route=%2Fwp%2Fv2%2Fcomments&post=33870"}],"version-history":[{"count":1,"href":"https:\/\/radiorevelacionfm.cl\/index.php?rest_route=\/wp\/v2\/posts\/33870\/revisions"}],"predecessor-version":[{"id":33872,"href":"https:\/\/radiorevelacionfm.cl\/index.php?rest_route=\/wp\/v2\/posts\/33870\/revisions\/33872"}],"wp:featuredmedia":[{"embeddable":true,"href":"https:\/\/radiorevelacionfm.cl\/index.php?rest_route=\/wp\/v2\/media\/33871"}],"wp:attachment":[{"href":"https:\/\/radiorevelacionfm.cl\/index.php?rest_route=%2Fwp%2Fv2%2Fmedia&parent=33870"}],"wp:term":[{"taxonomy":"category","embeddable":true,"href":"https:\/\/radiorevelacionfm.cl\/index.php?rest_route=%2Fwp%2Fv2%2Fcategories&post=33870"},{"taxonomy":"post_tag","embeddable":true,"href":"https:\/\/radiorevelacionfm.cl\/index.php?rest_route=%2Fwp%2Fv2%2Ftags&post=33870"}],"curies":[{"name":"wp","href":"https:\/\/api.w.org\/{rel}","templated":true}]}}