{"id":33867,"date":"2023-08-13T21:11:10","date_gmt":"2023-08-14T00:11:10","guid":{"rendered":"https:\/\/radiorevelacionfm.cl\/?p=33867"},"modified":"2023-08-13T21:11:10","modified_gmt":"2023-08-14T00:11:10","slug":"la-junta-celebro-60-anos-de-historia-como-entrada-norte-a-la-region-de-aysen","status":"publish","type":"post","link":"https:\/\/radiorevelacionfm.cl\/?p=33867","title":{"rendered":"La Junta celebr\u00f3 60 a\u00f1os de historia como entrada norte a la regi\u00f3n de Ays\u00e9n"},"content":{"rendered":"<div class=\"flex_column av_one_full  flex_column_div av-zero-column-padding first  avia-builder-el-0  el_before_av_one_full  avia-builder-el-first  \" style='border-radius:0px; '><div  class='avia-image-container  av-styling-    avia-builder-el-1  avia-builder-el-no-sibling  avia-align-center '  itemprop=\"image\" itemscope=\"itemscope\" itemtype=\"https:\/\/schema.org\/ImageObject\"  ><div class='avia-image-container-inner'><div class='avia-image-overlay-wrap'><img decoding=\"async\" class='wp-image-33868 avia-img-lazy-loading-not-33868 avia_image' src=\"https:\/\/radiorevelacionfm.cl\/wp-content\/uploads\/2023\/08\/LA-JUNTA-60-ANOS-3-1-1.jpeg\" alt='' title='LA JUNTA 60 A\u00d1OS 3 (1) (1)' height=\"600\" width=\"1333\"  itemprop=\"thumbnailUrl\" srcset=\"https:\/\/radiorevelacionfm.cl\/wp-content\/uploads\/2023\/08\/LA-JUNTA-60-ANOS-3-1-1.jpeg 1333w, https:\/\/radiorevelacionfm.cl\/wp-content\/uploads\/2023\/08\/LA-JUNTA-60-ANOS-3-1-1-300x135.jpeg 300w, https:\/\/radiorevelacionfm.cl\/wp-content\/uploads\/2023\/08\/LA-JUNTA-60-ANOS-3-1-1-1030x464.jpeg 1030w, https:\/\/radiorevelacionfm.cl\/wp-content\/uploads\/2023\/08\/LA-JUNTA-60-ANOS-3-1-1-768x346.jpeg 768w, https:\/\/radiorevelacionfm.cl\/wp-content\/uploads\/2023\/08\/LA-JUNTA-60-ANOS-3-1-1-705x317.jpeg 705w, https:\/\/radiorevelacionfm.cl\/wp-content\/uploads\/2023\/08\/LA-JUNTA-60-ANOS-3-1-1-450x203.jpeg 450w, https:\/\/radiorevelacionfm.cl\/wp-content\/uploads\/2023\/08\/LA-JUNTA-60-ANOS-3-1-1-600x270.jpeg 600w\" sizes=\"(max-width: 1333px) 100vw, 1333px\" \/><\/div><\/div><\/div><\/div><div class=\"flex_column av_one_full  flex_column_div av-zero-column-padding first  avia-builder-el-2  el_after_av_one_full  el_before_av_one_full  column-top-margin\" style='border-radius:0px; '><section class=\"av_textblock_section \"  itemscope=\"itemscope\" itemtype=\"https:\/\/schema.org\/BlogPosting\" itemprop=\"blogPost\" ><div class='avia_textblock  '   itemprop=\"text\" ><p style=\"text-align: center;\"><strong><span style=\"font-size: 18pt;\">La Junta celebr\u00f3 60 a\u00f1os de historia como entrada norte a la regi\u00f3n de Ays\u00e9n<\/span><\/strong><\/p>\n<div id=\"gtx-trans\" style=\"position: absolute; left: -50px; top: 4.31534px;\">\n<div class=\"gtx-trans-icon\"><\/div>\n<\/div>\n<\/div><\/section><\/div><div class=\"flex_column av_one_full  flex_column_div av-zero-column-padding first  avia-builder-el-4  el_after_av_one_full  el_before_av_hr  column-top-margin\" style='border-radius:0px; '><section class=\"av_textblock_section \"  itemscope=\"itemscope\" itemtype=\"https:\/\/schema.org\/BlogPosting\" itemprop=\"blogPost\" ><div class='avia_textblock  '   itemprop=\"text\" ><p style=\"text-align: justify;\">A pesar de que el Desfile C\u00edvico no se llev\u00f3 a cabo, por motivos de fuerza mayor, la ceremonia de aniversario N\u00b0 60 de La Junta se realiz\u00f3 en la plaza local, actividad que fue presidida por el Alcalde de la Comuna de Cisnes Francisco Rongagliolo Lepio, junto a representantes de Carabineros de Chile, Ej\u00e9rcito, Concejales, organizaciones sociales y vecinos de la localidad.<\/p>\n<p style=\"text-align: justify;\">Como cada a\u00f1o, estuvieron presentes la Segunda Compa\u00f1\u00eda de Bomberos de La Junta, Agrupaci\u00f3n Adulto Mayor Rosselot, Agrupaci\u00f3n Folcl\u00f3rica Austral, personal del Cesfam de La Junta, Escuela Eusebio Ibar, Club Deportivo El Sauce y funcionarios municipales de la delegaci\u00f3n.<\/p>\n<p style=\"text-align: justify;\">\u201cEstamos muy contentos en estos 60 a\u00f1os de historia formal o reconocida por el Estado de la localidad de La Junta, pero tambi\u00e9n estamos contentos porque muchas de las personas que han hecho esta historia, aun est\u00e1n vivos, aun nos acompa\u00f1an, son parte importante del reconocimiento que hoy d\u00eda se hace en este aniversario. Por lo mismo, hoy reforzamos mucho el conocer bien los or\u00edgenes de lo que hoy es la localidad, que viene mucho antes de estos 60 a\u00f1os, que son hombres y mujeres que han venido a este territorio a colonizar, hacer patria, hacer familiar y hacerla surgir\u201d, manifest\u00f3 el Alcalde Francisco Roncagliolo.<\/p>\n<p style=\"text-align: justify;\">En tanto, el Comandante del Regimiento N\u00b08 Chilo\u00e9, Coronel Mario Villegas, dijo que, \u201chemos llegado aqu\u00ed con la finalidad de compartir con la comunidad este aniversario que est\u00e1n celebrando, muy contentos por ello, muy agradecidos por considerarnos en esta importante celebraci\u00f3n. Es motivo de recuerdo, en atenci\u00f3n a la construcci\u00f3n de la carretera austral, que fue un apoyo a trav\u00e9s del cual, estas localidades han podido surgir, crecer y desarrollarse\u201d.<\/p>\n<p style=\"text-align: justify;\">Para el Concejal de la comuna de Cisnes y residente en La Junta, Cristian Jaramillo, estos \u201c60 a\u00f1os no vienen solos, vienen acompa\u00f1ados de una historia, una historia que da cuenta de generaciones que han hecho esfuerzo y sacrificio para tener lo que hoy tenemos y especialmente yo siempre hago un reconocimiento a los pioneros, a la gente que lleg\u00f3 primero, a la gente que, con esfuerzo, con sacrificio y con muy poco lograron forjar lo que hoy nosotros tenemos como es este pueblo del encuentro\u201d.<\/p>\n<p style=\"text-align: justify;\">La se\u00f1ora Mar\u00eda Cristina Y\u00e1\u00f1ez, es presidenta de la agrupaci\u00f3n folcl\u00f3rica Austral y se mostr\u00f3 feliz de ser parte de un nuevo festejo de su pueblo, de ver c\u00f3mo ha crecido y se ha fortalecido con sus distintas organizaciones. Contenta tambi\u00e9n porque su agrupaci\u00f3n cultural estuvo a cargo de izar el Pabell\u00f3n Patrio, realizar una muestra de nuestro baile nacional y ofrecer la tradicional chicha en cacho a las autoridades.<\/p>\n<\/div><\/section><\/div><div  style='height:50px' class='hr hr-invisible   avia-builder-el-6  el_after_av_one_full  el_before_av_social_share '><span class='hr-inner ' ><span class='hr-inner-style'><\/span><\/span><\/div><\/p>\n<div  class='av-social-sharing-box  avia-builder-el-7  el_after_av_hr  el_before_av_hr  '><div class='av-share-box'><h5 class='av-share-link-description av-no-toc '>Compartir esta noticia<\/h5><ul class='av-share-box-list noLightbox'><li class='av-share-link av-social-link-facebook' ><a target=\"_blank\" aria-label=\"Compartir en Facebook\" href='https:\/\/www.facebook.com\/sharer.php?u=https:\/\/radiorevelacionfm.cl\/?p=33867&#038;t=La%20Junta%20celebr%C3%B3%2060%20a%C3%B1os%20de%20historia%20como%20entrada%20norte%20a%20la%20regi%C3%B3n%20de%20Ays%C3%A9n' aria-hidden='false' data-av_icon='\ue8f3' data-av_iconfont='entypo-fontello' title='' data-avia-related-tooltip='Compartir en Facebook' rel=\"noopener\"><span class='avia_hidden_link_text'>Compartir en Facebook<\/span><\/a><\/li><li class='av-share-link av-social-link-twitter' ><a target=\"_blank\" aria-label=\"Compartir en Twitter\" href='https:\/\/twitter.com\/share?text=La%20Junta%20celebr%C3%B3%2060%20a%C3%B1os%20de%20historia%20como%20entrada%20norte%20a%20la%20regi%C3%B3n%20de%20Ays%C3%A9n&#038;url=https:\/\/radiorevelacionfm.cl\/?p=33867' aria-hidden='false' data-av_icon='\ue8f1' data-av_iconfont='entypo-fontello' title='' data-avia-related-tooltip='Compartir en Twitter' rel=\"noopener\"><span class='avia_hidden_link_text'>Compartir en Twitter<\/span><\/a><\/li><li class='av-share-link av-social-link-whatsapp' ><a target=\"_blank\" aria-label=\"Compartir en Whatsapp\" href='https:\/\/api.whatsapp.com\/send?text=https:\/\/radiorevelacionfm.cl\/?p=33867' aria-hidden='false' data-av_icon='\uf232' data-av_iconfont='entypo-fontello' title='' data-avia-related-tooltip='Compartir en Whatsapp' rel=\"noopener\"><span class='avia_hidden_link_text'>Compartir en Whatsapp<\/span><\/a><\/li><li class='av-share-link av-social-link-linkedin' ><a target=\"_blank\" aria-label=\"Compartir en LinkedIn\" href='https:\/\/linkedin.com\/shareArticle?mini=true&#038;title=La%20Junta%20celebr%C3%B3%2060%20a%C3%B1os%20de%20historia%20como%20entrada%20norte%20a%20la%20regi%C3%B3n%20de%20Ays%C3%A9n&#038;url=https:\/\/radiorevelacionfm.cl\/?p=33867' aria-hidden='false' data-av_icon='\ue8fc' data-av_iconfont='entypo-fontello' title='' data-avia-related-tooltip='Compartir en LinkedIn' rel=\"noopener\"><span class='avia_hidden_link_text'>Compartir en LinkedIn<\/span><\/a><\/li><li class='av-share-link av-social-link-mail' ><a  aria-label=\"Compartir por correo\" href='mailto:?subject=La%20Junta%20celebr%C3%B3%2060%20a%C3%B1os%20de%20historia%20como%20entrada%20norte%20a%20la%20regi%C3%B3n%20de%20Ays%C3%A9n&#038;body=https:\/\/radiorevelacionfm.cl\/?p=33867' aria-hidden='false' data-av_icon='\ue805' data-av_iconfont='entypo-fontello' title='' data-avia-related-tooltip='Compartir por correo'><span class='avia_hidden_link_text'>Compartir por correo<\/span><\/a><\/li><\/ul><\/div><\/div>\n<div  style='height:50px' class='hr hr-invisible   avia-builder-el-8  el_after_av_social_share  el_before_av_comments_list '><span class='hr-inner ' ><span class='hr-inner-style'><\/span><\/span><\/div>\n<div  class='av-buildercomment  av-blog-meta-html-info-disabled av-blog-meta-tag-disabled  '><\/div>\n","protected":false},"excerpt":{"rendered":"","protected":false},"author":1,"featured_media":33868,"comment_status":"open","ping_status":"open","sticky":false,"template":"","format":"standard","meta":{"footnotes":""},"categories":[38],"tags":[],"class_list":["post-33867","post","type-post","status-publish","format-standard","has-post-thumbnail","hentry","category-regional"],"jetpack_featured_media_url":"https:\/\/radiorevelacionfm.cl\/wp-content\/uploads\/2023\/08\/LA-JUNTA-60-ANOS-3-1-1.jpeg","_links":{"self":[{"href":"https:\/\/radiorevelacionfm.cl\/index.php?rest_route=\/wp\/v2\/posts\/33867","targetHints":{"allow":["GET"]}}],"collection":[{"href":"https:\/\/radiorevelacionfm.cl\/index.php?rest_route=\/wp\/v2\/posts"}],"about":[{"href":"https:\/\/radiorevelacionfm.cl\/index.php?rest_route=\/wp\/v2\/types\/post"}],"author":[{"embeddable":true,"href":"https:\/\/radiorevelacionfm.cl\/index.php?rest_route=\/wp\/v2\/users\/1"}],"replies":[{"embeddable":true,"href":"https:\/\/radiorevelacionfm.cl\/index.php?rest_route=%2Fwp%2Fv2%2Fcomments&post=33867"}],"version-history":[{"count":1,"href":"https:\/\/radiorevelacionfm.cl\/index.php?rest_route=\/wp\/v2\/posts\/33867\/revisions"}],"predecessor-version":[{"id":33869,"href":"https:\/\/radiorevelacionfm.cl\/index.php?rest_route=\/wp\/v2\/posts\/33867\/revisions\/33869"}],"wp:featuredmedia":[{"embeddable":true,"href":"https:\/\/radiorevelacionfm.cl\/index.php?rest_route=\/wp\/v2\/media\/33868"}],"wp:attachment":[{"href":"https:\/\/radiorevelacionfm.cl\/index.php?rest_route=%2Fwp%2Fv2%2Fmedia&parent=33867"}],"wp:term":[{"taxonomy":"category","embeddable":true,"href":"https:\/\/radiorevelacionfm.cl\/index.php?rest_route=%2Fwp%2Fv2%2Fcategories&post=33867"},{"taxonomy":"post_tag","embeddable":true,"href":"https:\/\/radiorevelacionfm.cl\/index.php?rest_route=%2Fwp%2Fv2%2Ftags&post=33867"}],"curies":[{"name":"wp","href":"https:\/\/api.w.org\/{rel}","templated":true}]}}