{"id":33856,"date":"2023-08-14T11:40:45","date_gmt":"2023-08-14T14:40:45","guid":{"rendered":"https:\/\/radiorevelacionfm.cl\/?p=33856"},"modified":"2023-08-14T11:40:45","modified_gmt":"2023-08-14T14:40:45","slug":"presentan-primer-plan-provincial-de-emergencia-de-la-provincia-capitan-prat","status":"publish","type":"post","link":"https:\/\/radiorevelacionfm.cl\/?p=33856","title":{"rendered":"Presentan primer Plan Provincial de Emergencia de la provincia Capit\u00e1n Prat"},"content":{"rendered":"<div class=\"flex_column av_one_full  flex_column_div av-zero-column-padding first  avia-builder-el-0  el_before_av_one_full  avia-builder-el-first  \" style='border-radius:0px; '><div  class='avia-image-container  av-styling-    avia-builder-el-1  avia-builder-el-no-sibling  avia-align-center '  itemprop=\"image\" itemscope=\"itemscope\" itemtype=\"https:\/\/schema.org\/ImageObject\"  ><div class='avia-image-container-inner'><div class='avia-image-overlay-wrap'><img decoding=\"async\" class='wp-image-33857 avia-img-lazy-loading-not-33857 avia_image' src=\"https:\/\/radiorevelacionfm.cl\/wp-content\/uploads\/2023\/08\/20230802_144746-2_optimized.jpg\" alt='' title='20230802_144746-2_optimized' height=\"600\" width=\"1066\"  itemprop=\"thumbnailUrl\" srcset=\"https:\/\/radiorevelacionfm.cl\/wp-content\/uploads\/2023\/08\/20230802_144746-2_optimized.jpg 1066w, https:\/\/radiorevelacionfm.cl\/wp-content\/uploads\/2023\/08\/20230802_144746-2_optimized-300x169.jpg 300w, https:\/\/radiorevelacionfm.cl\/wp-content\/uploads\/2023\/08\/20230802_144746-2_optimized-1030x580.jpg 1030w, https:\/\/radiorevelacionfm.cl\/wp-content\/uploads\/2023\/08\/20230802_144746-2_optimized-768x432.jpg 768w, https:\/\/radiorevelacionfm.cl\/wp-content\/uploads\/2023\/08\/20230802_144746-2_optimized-705x397.jpg 705w, https:\/\/radiorevelacionfm.cl\/wp-content\/uploads\/2023\/08\/20230802_144746-2_optimized-450x253.jpg 450w, https:\/\/radiorevelacionfm.cl\/wp-content\/uploads\/2023\/08\/20230802_144746-2_optimized-600x338.jpg 600w\" sizes=\"(max-width: 1066px) 100vw, 1066px\" \/><\/div><\/div><\/div><\/div><div class=\"flex_column av_one_full  flex_column_div av-zero-column-padding first  avia-builder-el-2  el_after_av_one_full  el_before_av_one_full  column-top-margin\" style='border-radius:0px; '><section class=\"av_textblock_section \"  itemscope=\"itemscope\" itemtype=\"https:\/\/schema.org\/BlogPosting\" itemprop=\"blogPost\" ><div class='avia_textblock  '   itemprop=\"text\" ><p style=\"text-align: center;\"><strong><span style=\"font-size: 18pt;\">Presentan primer Plan Provincial de Emergencia de la provincia Capit\u00e1n Prat <\/span><\/strong><\/p>\n<div id=\"gtx-trans\" style=\"position: absolute; left: -50px; top: 4.31534px;\">\n<div class=\"gtx-trans-icon\"><\/div>\n<\/div>\n<\/div><\/section><\/div><div class=\"flex_column av_one_full  flex_column_div av-zero-column-padding first  avia-builder-el-4  el_after_av_one_full  el_before_av_hr  column-top-margin\" style='border-radius:0px; '><section class=\"av_textblock_section \"  itemscope=\"itemscope\" itemtype=\"https:\/\/schema.org\/BlogPosting\" itemprop=\"blogPost\" ><div class='avia_textblock  '   itemprop=\"text\" ><p style=\"text-align: justify;\">La Encargada Provincial de Emergencias de la Delegaci\u00f3n Provincial Presidencial de Capit\u00e1n Prat, Loreto Haro Nowajenski, present\u00f3 al Comit\u00e9 de Gesti\u00f3n de Riesgo de Desastre el Primer Plan Provincial de Emergencia, en el cual participaron todos los entes que forman parte de este comit\u00e9.<\/p>\n<p style=\"text-align: justify;\">El contar con este plan es esencial para establecer una coordinaci\u00f3n efectiva, el que toma en cuenta las particularidades de la zona y resuelve el c\u00f3mo actuar ante eventuales alertas y emergencias en el territorio de las comuna de Cochrane, Tortel y O\u2019Higgins y va en l\u00ednea con los planes de Emergencia Nacional y Regional establecidos en la Ley 21.364.<\/p>\n<p style=\"text-align: justify;\">La Delegada Marta Montiel Alarc\u00f3n destac\u00f3 la importancia de la creaci\u00f3n de este plan al afirmar: \u00abLa elaboraci\u00f3n de este plan nos proporciona una metodolog\u00eda para coordinar acciones con la ciudadan\u00eda y clarificar los procesos que garantizan un trabajo articulado entre las instituciones responsables. Es fundamental mantener la claridad y el control frente a cualquier desastre. Como provincia, hemos enfrentado situaciones de emergencia complejas en el pasado, y la ciudadan\u00eda busca informaci\u00f3n y orientaci\u00f3n en caso de la ocurrencia de nuevos eventos y es responsabilidad de las autoridades competentes guiar estas acciones\u00bb.<\/p>\n<p style=\"text-align: justify;\">El Plan Provincial de Emergencia tiene como objetivo identificar y evaluar los posibles peligros generados por la geograf\u00eda que caracteriza a la regi\u00f3n y principalmente a la provincia, como tambi\u00e9n por la negligencia humana. En este contexto, se reconocen los incidentes previos en la provincia, como las crecidas espont\u00e1neas de los afluentes h\u00eddricos provenientes del campo de hielo en Cochrane, Tortel y Villa O\u2019Higgins, as\u00ed como los incendios forestales que han amenazado a la poblaci\u00f3n.<\/p>\n<p style=\"text-align: justify;\">Loreto Haro Nowajenski, responsable de emergencias, coment\u00f3: \u00abEl plan busca establecer objetivos cruciales, como la coordinaci\u00f3n y el desarrollo de respuestas en situaciones de emergencia. Entendemos que hay emergencias que requieren ensayos y preparaci\u00f3n previa. Este es el primer paso: identificar los peligros latentes. Luego, se proceder\u00e1 a comunicarlos y prepararnos para la ejecuci\u00f3n, de manera que estemos listos para responder\u00bb.<\/p>\n<p style=\"text-align: justify;\">El plan contempla diferentes niveles de emergencia, que incluyen \u00abemergencia mayor\u00bb, \u00abdesastre\u00bb y \u00abcat\u00e1strofe\u00bb. Se establecen procesos para convocar a los miembros del COGRID Provincial en las instalaciones de la DPP mediante protocolos establecidos, lo que permitir\u00e1 brindar soluciones y apoyo a la ciudadan\u00eda ante cualquier evento. En caso de que la magnitud de la emergencia supere la capacidad de comunicaci\u00f3n y se presente una desconexi\u00f3n total, se establece la autoconvocatoria de los miembros del COGRID para avanzar en las fases de Mitigaci\u00f3n, Preparaci\u00f3n, Respuesta y Recuperaci\u00f3n en la emergencia.<\/p>\n<p style=\"text-align: justify;\">Carlos Ureta Gonz\u00e1lez, Profesional SENAPRED Regi\u00f3n de Ays\u00e9n, coment\u00f3: \u00abUna de las funciones del comit\u00e9 provincial de Capit\u00e1n Prat, en este caso, es aprobar el plan provincial de emergencia, de hecho, fue justamente lo que se realiz\u00f3. Este plan provincial fue aprobado por el COGRID, presidido por la delegada presidencial provincial de Capit\u00e1n Prat, con la asesor\u00eda t\u00e9cnica en este caso de Loreto Nowajenski, de nosotros y los dem\u00e1s integrantes del COGRID provincial. Sin duda, es un hecho relevante lo que se logr\u00f3 materializar, ya que la provincia en este caso Capit\u00e1n Prat, no contaba con un plan provincial de emergencia, y como te mencionaba, sin duda esto es un hito relevante e importante de destacar.\u00bb<\/p>\n<p style=\"text-align: justify;\">El Plan Provincial de Emergencia est\u00e1 dise\u00f1ado para ser un proceso en constante evoluci\u00f3n. Despu\u00e9s de su presentaci\u00f3n, el siguiente paso ser\u00e1 sociabilizar el plan en toda la provincia, con el objetivo de mantenerlo actualizado a medida que se manifiesten diferentes situaciones que puedan presentarse. La colaboraci\u00f3n y la retroalimentaci\u00f3n de las comunidades ser\u00e1n fundamentales para asegurar que el plan se adapte de manera efectiva a las necesidades cambiantes y garantizar una respuesta eficiente en cualquier escenario de emergencia.<\/p>\n<\/div><\/section><\/div><div  style='height:50px' class='hr hr-invisible   avia-builder-el-6  el_after_av_one_full  el_before_av_social_share '><span class='hr-inner ' ><span class='hr-inner-style'><\/span><\/span><\/div><\/p>\n<div  class='av-social-sharing-box  avia-builder-el-7  el_after_av_hr  el_before_av_hr  '><div class='av-share-box'><h5 class='av-share-link-description av-no-toc '>Compartir esta noticia<\/h5><ul class='av-share-box-list noLightbox'><li class='av-share-link av-social-link-facebook' ><a target=\"_blank\" aria-label=\"Compartir en Facebook\" href='https:\/\/www.facebook.com\/sharer.php?u=https:\/\/radiorevelacionfm.cl\/?p=33856&#038;t=Presentan%20primer%20Plan%20Provincial%20de%20Emergencia%20de%20la%20provincia%20Capit%C3%A1n%20Prat' aria-hidden='false' data-av_icon='\ue8f3' data-av_iconfont='entypo-fontello' title='' data-avia-related-tooltip='Compartir en Facebook' rel=\"noopener\"><span class='avia_hidden_link_text'>Compartir en Facebook<\/span><\/a><\/li><li class='av-share-link av-social-link-twitter' ><a target=\"_blank\" aria-label=\"Compartir en Twitter\" href='https:\/\/twitter.com\/share?text=Presentan%20primer%20Plan%20Provincial%20de%20Emergencia%20de%20la%20provincia%20Capit%C3%A1n%20Prat&#038;url=https:\/\/radiorevelacionfm.cl\/?p=33856' aria-hidden='false' data-av_icon='\ue8f1' data-av_iconfont='entypo-fontello' title='' data-avia-related-tooltip='Compartir en Twitter' rel=\"noopener\"><span class='avia_hidden_link_text'>Compartir en Twitter<\/span><\/a><\/li><li class='av-share-link av-social-link-whatsapp' ><a target=\"_blank\" aria-label=\"Compartir en Whatsapp\" href='https:\/\/api.whatsapp.com\/send?text=https:\/\/radiorevelacionfm.cl\/?p=33856' aria-hidden='false' data-av_icon='\uf232' data-av_iconfont='entypo-fontello' title='' data-avia-related-tooltip='Compartir en Whatsapp' rel=\"noopener\"><span class='avia_hidden_link_text'>Compartir en Whatsapp<\/span><\/a><\/li><li class='av-share-link av-social-link-linkedin' ><a target=\"_blank\" aria-label=\"Compartir en LinkedIn\" href='https:\/\/linkedin.com\/shareArticle?mini=true&#038;title=Presentan%20primer%20Plan%20Provincial%20de%20Emergencia%20de%20la%20provincia%20Capit%C3%A1n%20Prat&#038;url=https:\/\/radiorevelacionfm.cl\/?p=33856' aria-hidden='false' data-av_icon='\ue8fc' data-av_iconfont='entypo-fontello' title='' data-avia-related-tooltip='Compartir en LinkedIn' rel=\"noopener\"><span class='avia_hidden_link_text'>Compartir en LinkedIn<\/span><\/a><\/li><li class='av-share-link av-social-link-mail' ><a  aria-label=\"Compartir por correo\" href='mailto:?subject=Presentan%20primer%20Plan%20Provincial%20de%20Emergencia%20de%20la%20provincia%20Capit%C3%A1n%20Prat&#038;body=https:\/\/radiorevelacionfm.cl\/?p=33856' aria-hidden='false' data-av_icon='\ue805' data-av_iconfont='entypo-fontello' title='' data-avia-related-tooltip='Compartir por correo'><span class='avia_hidden_link_text'>Compartir por correo<\/span><\/a><\/li><\/ul><\/div><\/div>\n<div  style='height:50px' class='hr hr-invisible   avia-builder-el-8  el_after_av_social_share  el_before_av_comments_list '><span class='hr-inner ' ><span class='hr-inner-style'><\/span><\/span><\/div>\n<div  class='av-buildercomment  av-blog-meta-html-info-disabled av-blog-meta-tag-disabled  '><\/div>\n","protected":false},"excerpt":{"rendered":"","protected":false},"author":1,"featured_media":33857,"comment_status":"open","ping_status":"open","sticky":false,"template":"","format":"standard","meta":{"footnotes":""},"categories":[38],"tags":[],"class_list":["post-33856","post","type-post","status-publish","format-standard","has-post-thumbnail","hentry","category-regional"],"jetpack_featured_media_url":"https:\/\/radiorevelacionfm.cl\/wp-content\/uploads\/2023\/08\/20230802_144746-2_optimized.jpg","_links":{"self":[{"href":"https:\/\/radiorevelacionfm.cl\/index.php?rest_route=\/wp\/v2\/posts\/33856","targetHints":{"allow":["GET"]}}],"collection":[{"href":"https:\/\/radiorevelacionfm.cl\/index.php?rest_route=\/wp\/v2\/posts"}],"about":[{"href":"https:\/\/radiorevelacionfm.cl\/index.php?rest_route=\/wp\/v2\/types\/post"}],"author":[{"embeddable":true,"href":"https:\/\/radiorevelacionfm.cl\/index.php?rest_route=\/wp\/v2\/users\/1"}],"replies":[{"embeddable":true,"href":"https:\/\/radiorevelacionfm.cl\/index.php?rest_route=%2Fwp%2Fv2%2Fcomments&post=33856"}],"version-history":[{"count":1,"href":"https:\/\/radiorevelacionfm.cl\/index.php?rest_route=\/wp\/v2\/posts\/33856\/revisions"}],"predecessor-version":[{"id":33858,"href":"https:\/\/radiorevelacionfm.cl\/index.php?rest_route=\/wp\/v2\/posts\/33856\/revisions\/33858"}],"wp:featuredmedia":[{"embeddable":true,"href":"https:\/\/radiorevelacionfm.cl\/index.php?rest_route=\/wp\/v2\/media\/33857"}],"wp:attachment":[{"href":"https:\/\/radiorevelacionfm.cl\/index.php?rest_route=%2Fwp%2Fv2%2Fmedia&parent=33856"}],"wp:term":[{"taxonomy":"category","embeddable":true,"href":"https:\/\/radiorevelacionfm.cl\/index.php?rest_route=%2Fwp%2Fv2%2Fcategories&post=33856"},{"taxonomy":"post_tag","embeddable":true,"href":"https:\/\/radiorevelacionfm.cl\/index.php?rest_route=%2Fwp%2Fv2%2Ftags&post=33856"}],"curies":[{"name":"wp","href":"https:\/\/api.w.org\/{rel}","templated":true}]}}