{"id":33853,"date":"2023-08-11T21:46:28","date_gmt":"2023-08-12T00:46:28","guid":{"rendered":"https:\/\/radiorevelacionfm.cl\/?p=33853"},"modified":"2023-08-11T21:46:28","modified_gmt":"2023-08-12T00:46:28","slug":"delegado-araya-y-seremi-de-educacion-reafirman-importancia-del-dialogo-con-asistentes-de-la-educacion","status":"publish","type":"post","link":"https:\/\/radiorevelacionfm.cl\/?p=33853","title":{"rendered":"Delegado Araya y seremi de Educaci\u00f3n reafirman Importancia del di\u00e1logo con asistentes de la educaci\u00f3n"},"content":{"rendered":"<div class=\"flex_column av_one_full  flex_column_div av-zero-column-padding first  avia-builder-el-0  el_before_av_one_full  avia-builder-el-first  \" style='border-radius:0px; '><div  class='avia-image-container  av-styling-    avia-builder-el-1  avia-builder-el-no-sibling  avia-align-center '  itemprop=\"image\" itemscope=\"itemscope\" itemtype=\"https:\/\/schema.org\/ImageObject\"  ><div class='avia-image-container-inner'><div class='avia-image-overlay-wrap'><img decoding=\"async\" class='wp-image-33854 avia-img-lazy-loading-not-33854 avia_image' src=\"https:\/\/radiorevelacionfm.cl\/wp-content\/uploads\/2023\/08\/img_20230811_113728-2_optimized-2.jpg\" alt='' title='img_20230811_113728-2_optimized-2' height=\"600\" width=\"1333\"  itemprop=\"thumbnailUrl\" srcset=\"https:\/\/radiorevelacionfm.cl\/wp-content\/uploads\/2023\/08\/img_20230811_113728-2_optimized-2.jpg 1333w, https:\/\/radiorevelacionfm.cl\/wp-content\/uploads\/2023\/08\/img_20230811_113728-2_optimized-2-300x135.jpg 300w, https:\/\/radiorevelacionfm.cl\/wp-content\/uploads\/2023\/08\/img_20230811_113728-2_optimized-2-1030x464.jpg 1030w, https:\/\/radiorevelacionfm.cl\/wp-content\/uploads\/2023\/08\/img_20230811_113728-2_optimized-2-768x346.jpg 768w, https:\/\/radiorevelacionfm.cl\/wp-content\/uploads\/2023\/08\/img_20230811_113728-2_optimized-2-705x317.jpg 705w, https:\/\/radiorevelacionfm.cl\/wp-content\/uploads\/2023\/08\/img_20230811_113728-2_optimized-2-450x203.jpg 450w, https:\/\/radiorevelacionfm.cl\/wp-content\/uploads\/2023\/08\/img_20230811_113728-2_optimized-2-600x270.jpg 600w\" sizes=\"(max-width: 1333px) 100vw, 1333px\" \/><\/div><\/div><\/div><\/div><div class=\"flex_column av_one_full  flex_column_div av-zero-column-padding first  avia-builder-el-2  el_after_av_one_full  el_before_av_one_full  column-top-margin\" style='border-radius:0px; '><section class=\"av_textblock_section \"  itemscope=\"itemscope\" itemtype=\"https:\/\/schema.org\/BlogPosting\" itemprop=\"blogPost\" ><div class='avia_textblock  '   itemprop=\"text\" ><p style=\"text-align: center;\"><strong><span style=\"font-size: 18pt;\">Delegado Araya y seremi de Educaci\u00f3n reafirman Importancia del di\u00e1logo con asistentes de la educaci\u00f3n<\/span><\/strong><\/p>\n<div id=\"gtx-trans\" style=\"position: absolute; left: -50px; top: 4.31534px;\">\n<div class=\"gtx-trans-icon\"><\/div>\n<\/div>\n<\/div><\/section><\/div><div class=\"flex_column av_one_full  flex_column_div av-zero-column-padding first  avia-builder-el-4  el_after_av_one_full  el_before_av_hr  column-top-margin\" style='border-radius:0px; '><section class=\"av_textblock_section \"  itemscope=\"itemscope\" itemtype=\"https:\/\/schema.org\/BlogPosting\" itemprop=\"blogPost\" ><div class='avia_textblock  '   itemprop=\"text\" ><p style=\"text-align: justify;\">Por casi dos horas se extendi\u00f3 este viernes el di\u00e1logo entre el Delegado Presidencial Regional, Rodrigo Araya, y los dirigentes de los asistentes de la educaci\u00f3n, en torno a la asignaci\u00f3n de zona, considerando que en enero pr\u00f3ximo pasar\u00e1n a formar parte de los Servicios Locales de Educaci\u00f3n (SLEP).<\/p>\n<p style=\"text-align: justify;\">Si bien la Ley N\u00b0 21.109 no considera este beneficio, se estableci\u00f3 un art\u00edculo transitorio que indica que \u201cel Ministerio de Educaci\u00f3n, conjuntamente con el Ministerio de Hacienda, efectuar\u00e1, transcurrido un a\u00f1o desde la publicaci\u00f3n de esta ley, un estudio sobre la pertinencia y viabilidad de aplicar la Asignaci\u00f3n de Zona a los asistentes de la educaci\u00f3n que sean traspasados a los Servicios Locales de Educaci\u00f3n P\u00fablica, y a aquellos regidos por el decreto ley N\u00b0 3.166, de 1980\u201d.<\/p>\n<p style=\"text-align: justify;\">Tras la reuni\u00f3n telem\u00e1tica que congreg\u00f3 este jueves al ministro de Educaci\u00f3n, Marco Antonio \u00c1vila, dirigentes regionales de los asistentes de la educaci\u00f3n, parlamentarios, gobernadora, delegado y seremi, se inform\u00f3 que la subsecretaria Alejandra Arratia trabajar\u00e1 el jueves pr\u00f3ximo en Ays\u00e9n espec\u00edficamente en este tema.<\/p>\n<p style=\"text-align: justify;\">De all\u00ed que este viernes autoridades y dirigentes se reunieran nuevamente en la Delegaci\u00f3n Presidencial Regional, tras lo cual se inform\u00f3 los principales avances a la asamblea.<\/p>\n<p style=\"text-align: justify;\">\u201cLa reuni\u00f3n que sostuvimos ahora en la Delegaci\u00f3n Presidencial Regional con los dirigentes regionales de los asistentes de la educaci\u00f3n, fue para coordinar esa reuni\u00f3n y para intercambiar impresiones con respecto a las ideas que quedaron de la reuni\u00f3n de ayer. Pudimos establecer que hay una desconfianza desde hace mucho tiempo, porque esta es una demanda hist\u00f3rica y, por lo tanto, tienen mucha esperanza en que podamos resolver en este per\u00edodo de gobierno\u201d, indic\u00f3 Rodrigo Araya.<\/p>\n<p style=\"text-align: justify;\">A\u00f1adi\u00f3 que \u201cnuestro compromiso es transmitir toda la informaci\u00f3n con los ministerios correspondientes para que sigamos avanzando. Creo que la visita de la subsecretaria demuestra, al igual que la reuni\u00f3n de ayer, la voluntad de este gobierno de conversar y hacer un di\u00e1logo permanente para llegar a algunos acuerdos. No siempre se puede lograr el cien por ciento de lo que nos solicitan los trabajadores de la educaci\u00f3n, pero la idea es avanzar\u201d, concluy\u00f3.<\/p>\n<p style=\"text-align: justify;\">Carol Borquez, tesorera de la Asociaci\u00f3n de Jardines Infantiles VTF, valor\u00f3 la instancia. \u201cNos vamos m\u00e1s tranquilos tambi\u00e9n con esta reuni\u00f3n, se agradece el espacio y ahora esperar la visita de la subsecretaria, que traiga ojal\u00e1 propuestas. M\u00e1s que escucharnos, porque ella sabe cu\u00e1les son nuestras demandas, la idea es que venga con propuestas y disposici\u00f3n para finalizar esta movilizaci\u00f3n, de buena manera y con resultados favorables\u201d, indic\u00f3.<\/p>\n<p style=\"text-align: justify;\">La seremi de Educaci\u00f3n, Isabel Garrido, concluy\u00f3 que se avanz\u00f3 en coordinar el proceso de di\u00e1logo, \u201cde manera que sea lo m\u00e1s provechoso posible, adem\u00e1s de transmitirles la importancia de la reactivaci\u00f3n educativa, en la que estamos trabajando con una mirada integral, donde incorporamos a la comunidad educativa en su conjunto\u201d.<\/p>\n<p style=\"text-align: justify;\">Ambas autoridades reafirmaron la importancia de avanzar en un nuevo pacto fiscal para abordar necesidades, mediante un acuerdo transversal, orientado a garantizar derechos de forma permanente.<\/p>\n<\/div><\/section><\/div><div  style='height:50px' class='hr hr-invisible   avia-builder-el-6  el_after_av_one_full  el_before_av_social_share '><span class='hr-inner ' ><span class='hr-inner-style'><\/span><\/span><\/div><\/p>\n<div  class='av-social-sharing-box  avia-builder-el-7  el_after_av_hr  el_before_av_hr  '><div class='av-share-box'><h5 class='av-share-link-description av-no-toc '>Compartir esta noticia<\/h5><ul class='av-share-box-list noLightbox'><li class='av-share-link av-social-link-facebook' ><a target=\"_blank\" aria-label=\"Compartir en Facebook\" href='https:\/\/www.facebook.com\/sharer.php?u=https:\/\/radiorevelacionfm.cl\/?p=33853&#038;t=Delegado%20Araya%20y%20seremi%20de%20Educaci%C3%B3n%20reafirman%20Importancia%20del%20di%C3%A1logo%20con%20asistentes%20de%20la%20educaci%C3%B3n' aria-hidden='false' data-av_icon='\ue8f3' data-av_iconfont='entypo-fontello' title='' data-avia-related-tooltip='Compartir en Facebook' rel=\"noopener\"><span class='avia_hidden_link_text'>Compartir en Facebook<\/span><\/a><\/li><li class='av-share-link av-social-link-twitter' ><a target=\"_blank\" aria-label=\"Compartir en Twitter\" href='https:\/\/twitter.com\/share?text=Delegado%20Araya%20y%20seremi%20de%20Educaci%C3%B3n%20reafirman%20Importancia%20del%20di%C3%A1logo%20con%20asistentes%20de%20la%20educaci%C3%B3n&#038;url=https:\/\/radiorevelacionfm.cl\/?p=33853' aria-hidden='false' data-av_icon='\ue8f1' data-av_iconfont='entypo-fontello' title='' data-avia-related-tooltip='Compartir en Twitter' rel=\"noopener\"><span class='avia_hidden_link_text'>Compartir en Twitter<\/span><\/a><\/li><li class='av-share-link av-social-link-whatsapp' ><a target=\"_blank\" aria-label=\"Compartir en Whatsapp\" href='https:\/\/api.whatsapp.com\/send?text=https:\/\/radiorevelacionfm.cl\/?p=33853' aria-hidden='false' data-av_icon='\uf232' data-av_iconfont='entypo-fontello' title='' data-avia-related-tooltip='Compartir en Whatsapp' rel=\"noopener\"><span class='avia_hidden_link_text'>Compartir en Whatsapp<\/span><\/a><\/li><li class='av-share-link av-social-link-linkedin' ><a target=\"_blank\" aria-label=\"Compartir en LinkedIn\" href='https:\/\/linkedin.com\/shareArticle?mini=true&#038;title=Delegado%20Araya%20y%20seremi%20de%20Educaci%C3%B3n%20reafirman%20Importancia%20del%20di%C3%A1logo%20con%20asistentes%20de%20la%20educaci%C3%B3n&#038;url=https:\/\/radiorevelacionfm.cl\/?p=33853' aria-hidden='false' data-av_icon='\ue8fc' data-av_iconfont='entypo-fontello' title='' data-avia-related-tooltip='Compartir en LinkedIn' rel=\"noopener\"><span class='avia_hidden_link_text'>Compartir en LinkedIn<\/span><\/a><\/li><li class='av-share-link av-social-link-mail' ><a  aria-label=\"Compartir por correo\" href='mailto:?subject=Delegado%20Araya%20y%20seremi%20de%20Educaci%C3%B3n%20reafirman%20Importancia%20del%20di%C3%A1logo%20con%20asistentes%20de%20la%20educaci%C3%B3n&#038;body=https:\/\/radiorevelacionfm.cl\/?p=33853' aria-hidden='false' data-av_icon='\ue805' data-av_iconfont='entypo-fontello' title='' data-avia-related-tooltip='Compartir por correo'><span class='avia_hidden_link_text'>Compartir por correo<\/span><\/a><\/li><\/ul><\/div><\/div>\n<div  style='height:50px' class='hr hr-invisible   avia-builder-el-8  el_after_av_social_share  el_before_av_comments_list '><span class='hr-inner ' ><span class='hr-inner-style'><\/span><\/span><\/div>\n<div  class='av-buildercomment  av-blog-meta-html-info-disabled av-blog-meta-tag-disabled  '><\/div>\n","protected":false},"excerpt":{"rendered":"","protected":false},"author":1,"featured_media":33854,"comment_status":"open","ping_status":"open","sticky":false,"template":"","format":"standard","meta":{"footnotes":""},"categories":[49],"tags":[],"class_list":["post-33853","post","type-post","status-publish","format-standard","has-post-thumbnail","hentry","category-educacion"],"jetpack_featured_media_url":"https:\/\/radiorevelacionfm.cl\/wp-content\/uploads\/2023\/08\/img_20230811_113728-2_optimized-2.jpg","_links":{"self":[{"href":"https:\/\/radiorevelacionfm.cl\/index.php?rest_route=\/wp\/v2\/posts\/33853","targetHints":{"allow":["GET"]}}],"collection":[{"href":"https:\/\/radiorevelacionfm.cl\/index.php?rest_route=\/wp\/v2\/posts"}],"about":[{"href":"https:\/\/radiorevelacionfm.cl\/index.php?rest_route=\/wp\/v2\/types\/post"}],"author":[{"embeddable":true,"href":"https:\/\/radiorevelacionfm.cl\/index.php?rest_route=\/wp\/v2\/users\/1"}],"replies":[{"embeddable":true,"href":"https:\/\/radiorevelacionfm.cl\/index.php?rest_route=%2Fwp%2Fv2%2Fcomments&post=33853"}],"version-history":[{"count":1,"href":"https:\/\/radiorevelacionfm.cl\/index.php?rest_route=\/wp\/v2\/posts\/33853\/revisions"}],"predecessor-version":[{"id":33855,"href":"https:\/\/radiorevelacionfm.cl\/index.php?rest_route=\/wp\/v2\/posts\/33853\/revisions\/33855"}],"wp:featuredmedia":[{"embeddable":true,"href":"https:\/\/radiorevelacionfm.cl\/index.php?rest_route=\/wp\/v2\/media\/33854"}],"wp:attachment":[{"href":"https:\/\/radiorevelacionfm.cl\/index.php?rest_route=%2Fwp%2Fv2%2Fmedia&parent=33853"}],"wp:term":[{"taxonomy":"category","embeddable":true,"href":"https:\/\/radiorevelacionfm.cl\/index.php?rest_route=%2Fwp%2Fv2%2Fcategories&post=33853"},{"taxonomy":"post_tag","embeddable":true,"href":"https:\/\/radiorevelacionfm.cl\/index.php?rest_route=%2Fwp%2Fv2%2Ftags&post=33853"}],"curies":[{"name":"wp","href":"https:\/\/api.w.org\/{rel}","templated":true}]}}