{"id":33850,"date":"2023-08-14T11:17:03","date_gmt":"2023-08-14T14:17:03","guid":{"rendered":"https:\/\/radiorevelacionfm.cl\/?p=33850"},"modified":"2023-08-14T11:17:03","modified_gmt":"2023-08-14T14:17:03","slug":"rio-ibanez-recibe-la-visita-de-comision-de-la-corporacion-de-educacion-de-las-condes","status":"publish","type":"post","link":"https:\/\/radiorevelacionfm.cl\/?p=33850","title":{"rendered":"R\u00edo Ib\u00e1\u00f1ez recibe la visita de comisi\u00f3n de la Corporaci\u00f3n de Educaci\u00f3n de Las Condes"},"content":{"rendered":"<div class=\"flex_column av_one_full  flex_column_div av-zero-column-padding first  avia-builder-el-0  el_before_av_one_full  avia-builder-el-first  \" style='border-radius:0px; '><div  class='avia-image-container  av-styling-    avia-builder-el-1  avia-builder-el-no-sibling  avia-align-center '  itemprop=\"image\" itemscope=\"itemscope\" itemtype=\"https:\/\/schema.org\/ImageObject\"  ><div class='avia-image-container-inner'><div class='avia-image-overlay-wrap'><img decoding=\"async\" class='wp-image-33851 avia-img-lazy-loading-not-33851 avia_image' src=\"https:\/\/radiorevelacionfm.cl\/wp-content\/uploads\/2023\/08\/image-149-2_optimized.jpg\" alt='' title='image-149-2_optimized' height=\"600\" width=\"1103\"  itemprop=\"thumbnailUrl\" srcset=\"https:\/\/radiorevelacionfm.cl\/wp-content\/uploads\/2023\/08\/image-149-2_optimized.jpg 1103w, https:\/\/radiorevelacionfm.cl\/wp-content\/uploads\/2023\/08\/image-149-2_optimized-300x163.jpg 300w, https:\/\/radiorevelacionfm.cl\/wp-content\/uploads\/2023\/08\/image-149-2_optimized-1030x560.jpg 1030w, https:\/\/radiorevelacionfm.cl\/wp-content\/uploads\/2023\/08\/image-149-2_optimized-768x418.jpg 768w, https:\/\/radiorevelacionfm.cl\/wp-content\/uploads\/2023\/08\/image-149-2_optimized-705x383.jpg 705w, https:\/\/radiorevelacionfm.cl\/wp-content\/uploads\/2023\/08\/image-149-2_optimized-450x245.jpg 450w, https:\/\/radiorevelacionfm.cl\/wp-content\/uploads\/2023\/08\/image-149-2_optimized-600x326.jpg 600w\" sizes=\"(max-width: 1103px) 100vw, 1103px\" \/><\/div><\/div><\/div><\/div><div class=\"flex_column av_one_full  flex_column_div av-zero-column-padding first  avia-builder-el-2  el_after_av_one_full  el_before_av_one_full  column-top-margin\" style='border-radius:0px; '><section class=\"av_textblock_section \"  itemscope=\"itemscope\" itemtype=\"https:\/\/schema.org\/BlogPosting\" itemprop=\"blogPost\" ><div class='avia_textblock  '   itemprop=\"text\" ><p style=\"text-align: center;\"><strong><span style=\"font-size: 18pt;\">R\u00edo Ib\u00e1\u00f1ez recibe la visita de comisi\u00f3n de la Corporaci\u00f3n de Educaci\u00f3n de Las Condes<\/span><\/strong><\/p>\n<div id=\"gtx-trans\" style=\"position: absolute; left: -50px; top: 4.31534px;\">\n<div class=\"gtx-trans-icon\"><\/div>\n<\/div>\n<\/div><\/section><\/div><div class=\"flex_column av_one_full  flex_column_div av-zero-column-padding first  avia-builder-el-4  el_after_av_one_full  el_before_av_hr  column-top-margin\" style='border-radius:0px; '><section class=\"av_textblock_section \"  itemscope=\"itemscope\" itemtype=\"https:\/\/schema.org\/BlogPosting\" itemprop=\"blogPost\" ><div class='avia_textblock  '   itemprop=\"text\" ><p style=\"text-align: justify;\">El pasado lunes 7 de julio la comisi\u00f3n de la Corporaci\u00f3n de Educaci\u00f3n realiz\u00f3 su primera visita oficial en el Liceo Bicentenario Rural Cerro Castillo, donde compartieron con profesores y alumnos de la Escuela, instancia en la que tambi\u00e9n estuvo presente el alcalde de R\u00edo Ib\u00e1\u00f1ez, Marcelo Santana Vargas.<\/p>\n<p style=\"text-align: justify;\">Esta visita tuvo como objetivo fortalecer los lazos de cooperaci\u00f3n en materias educativas entre ambas comunas, fomentando el intercambio de conocimientos y experiencias entre profesores, estudiantes y directivos. Durante su estad\u00eda en la comuna, representantes de la Corporaci\u00f3n de Educaci\u00f3n de Las Condes tuvieron, adem\u00e1s, la oportunidad de recorrer las instalaciones de la Escuela Maria Antonieta Parra Sandoval en Puerto S\u00e1nchez, la Escuela Rural Carretera Austral en Bah\u00eda Murta y La Escuela Aonikenk en Puerto Ingeniero Ib\u00e1\u00f1ez, donde participaron en clases conjuntas, y mesas de di\u00e1logo con la comunidad educativa de R\u00edo Ib\u00e1\u00f1ez.<\/p>\n<p style=\"text-align: justify;\">El Alcalde de R\u00edo Ib\u00e1\u00f1ez, Marcelo Santana Vargas, destac\u00f3 el trabajo en conjunto com la Municipalidad de Las Condes, y valor\u00f3 la realizaci\u00f3n de esta actividad: <em>\u201cesto nos permite ir mejorando los proceso educativos, sobre todo en materia de calidad de la educaci\u00f3n p\u00fablica municipal, recibimos una delegaci\u00f3n de 4 profesores de la comuna de Las Condes, que hicieron un trabajo con nuestros docentes, con nuestros estudiantes, y esperamos que esto haya significado una retroalimentaci\u00f3n de largo plazo, para ir mejorando estos procesos de manera paulatina\u201d.<\/em><\/p>\n<p style=\"text-align: justify;\">El a\u00f1o 2017 se firm\u00f3 un convenio colaborativo, que hasta el d\u00eda de hoy sigue vigente, entre las municipalidades de R\u00edo Ib\u00e1\u00f1ez y Las Condes, donde uno de los puntos principales, es el desarrollo de programas que propendan mejorar la calidad de la educaci\u00f3n y la salud, y en ese sentido las actividades anteriormente mencionadas se enmarcan en este acuerdo.<\/p>\n<p style=\"text-align: justify;\">La coordinadora general de formaci\u00f3n de la Corporaci\u00f3n de Educaci\u00f3n de Las Condes, Daniela Sanders, valor\u00f3 la importancia de esa visita: \u201c<em>fue una visita muy enriquecedora, aprendimos mucho de las experiencias de los colegio que hemos visitado, es una comuna donde los profesores trabajan con mucha vocaci\u00f3n de servicio, a veces en condiciones clim\u00e1ticas muy inh\u00f3spitas, pero a\u00fan as\u00ed, logran que los estudiantes vayan a estudiar, aprendan y de eso tambi\u00e9n nosotros nos nutrimos durante la visita.\u201d<\/em><\/p>\n<p style=\"text-align: justify;\">Adem\u00e1s, el director ejecutivo del Servicio Local de Educaci\u00f3n P\u00fablica Ays\u00e9n, Sebastian Gonz\u00e1lez, puso \u00e9nfasis en lo valioso de esta actividad, y se\u00f1al\u00f3:<em> \u201cestamos muy felices de haber sido parte de esta actividad que ha organizado la Municipalidad de R\u00edo Ib\u00e1\u00f1ez, queremos reconocer la importancia de construir redes, como regi\u00f3n de Ays\u00e9n vamos a fortalecer las redes con todo el territorio, y tambi\u00e9n aprovechar las experiencias exitosas, porque tenemos un gran desaf\u00edo que es mejorar la calidad de los procesos de ense\u00f1anza y aprendizaje. Estamos muy contentos y convencidos que con estas actividades es la \u00fanica forma de construir un mejor sistema educativo p\u00fablico para la regi\u00f3n\u201d. <\/em><\/p>\n<p style=\"text-align: justify;\">La visita de la Corporaci\u00f3n de Educaci\u00f3n de Las Condes a las escuelas de R\u00edo Ib\u00e1\u00f1ez representa un paso significativo en la materializaci\u00f3n de la colaboraci\u00f3n en la educaci\u00f3n. Ambas municipalidades reafirman su compromiso con el avance educativo y la solidaridad entre ellas, esperando que sirva de inspiraci\u00f3n para que otras comunas realicen esfuerzos en conjunto, en pos del desarrollo com\u00fan.<\/p>\n<\/div><\/section><\/div><div  style='height:50px' class='hr hr-invisible   avia-builder-el-6  el_after_av_one_full  el_before_av_social_share '><span class='hr-inner ' ><span class='hr-inner-style'><\/span><\/span><\/div><\/p>\n<div  class='av-social-sharing-box  avia-builder-el-7  el_after_av_hr  el_before_av_hr  '><div class='av-share-box'><h5 class='av-share-link-description av-no-toc '>Compartir esta noticia<\/h5><ul class='av-share-box-list noLightbox'><li class='av-share-link av-social-link-facebook' ><a target=\"_blank\" aria-label=\"Compartir en Facebook\" href='https:\/\/www.facebook.com\/sharer.php?u=https:\/\/radiorevelacionfm.cl\/?p=33850&#038;t=R%C3%ADo%20Ib%C3%A1%C3%B1ez%20recibe%20la%20visita%20de%20comisi%C3%B3n%20de%20la%20Corporaci%C3%B3n%20de%20Educaci%C3%B3n%20de%20Las%20Condes' aria-hidden='false' data-av_icon='\ue8f3' data-av_iconfont='entypo-fontello' title='' data-avia-related-tooltip='Compartir en Facebook' rel=\"noopener\"><span class='avia_hidden_link_text'>Compartir en Facebook<\/span><\/a><\/li><li class='av-share-link av-social-link-twitter' ><a target=\"_blank\" aria-label=\"Compartir en Twitter\" href='https:\/\/twitter.com\/share?text=R%C3%ADo%20Ib%C3%A1%C3%B1ez%20recibe%20la%20visita%20de%20comisi%C3%B3n%20de%20la%20Corporaci%C3%B3n%20de%20Educaci%C3%B3n%20de%20Las%20Condes&#038;url=https:\/\/radiorevelacionfm.cl\/?p=33850' aria-hidden='false' data-av_icon='\ue8f1' data-av_iconfont='entypo-fontello' title='' data-avia-related-tooltip='Compartir en Twitter' rel=\"noopener\"><span class='avia_hidden_link_text'>Compartir en Twitter<\/span><\/a><\/li><li class='av-share-link av-social-link-whatsapp' ><a target=\"_blank\" aria-label=\"Compartir en Whatsapp\" href='https:\/\/api.whatsapp.com\/send?text=https:\/\/radiorevelacionfm.cl\/?p=33850' aria-hidden='false' data-av_icon='\uf232' data-av_iconfont='entypo-fontello' title='' data-avia-related-tooltip='Compartir en Whatsapp' rel=\"noopener\"><span class='avia_hidden_link_text'>Compartir en Whatsapp<\/span><\/a><\/li><li class='av-share-link av-social-link-linkedin' ><a target=\"_blank\" aria-label=\"Compartir en LinkedIn\" href='https:\/\/linkedin.com\/shareArticle?mini=true&#038;title=R%C3%ADo%20Ib%C3%A1%C3%B1ez%20recibe%20la%20visita%20de%20comisi%C3%B3n%20de%20la%20Corporaci%C3%B3n%20de%20Educaci%C3%B3n%20de%20Las%20Condes&#038;url=https:\/\/radiorevelacionfm.cl\/?p=33850' aria-hidden='false' data-av_icon='\ue8fc' data-av_iconfont='entypo-fontello' title='' data-avia-related-tooltip='Compartir en LinkedIn' rel=\"noopener\"><span class='avia_hidden_link_text'>Compartir en LinkedIn<\/span><\/a><\/li><li class='av-share-link av-social-link-mail' ><a  aria-label=\"Compartir por correo\" href='mailto:?subject=R%C3%ADo%20Ib%C3%A1%C3%B1ez%20recibe%20la%20visita%20de%20comisi%C3%B3n%20de%20la%20Corporaci%C3%B3n%20de%20Educaci%C3%B3n%20de%20Las%20Condes&#038;body=https:\/\/radiorevelacionfm.cl\/?p=33850' aria-hidden='false' data-av_icon='\ue805' data-av_iconfont='entypo-fontello' title='' data-avia-related-tooltip='Compartir por correo'><span class='avia_hidden_link_text'>Compartir por correo<\/span><\/a><\/li><\/ul><\/div><\/div>\n<div  style='height:50px' class='hr hr-invisible   avia-builder-el-8  el_after_av_social_share  el_before_av_comments_list '><span class='hr-inner ' ><span class='hr-inner-style'><\/span><\/span><\/div>\n<div  class='av-buildercomment  av-blog-meta-html-info-disabled av-blog-meta-tag-disabled  '><\/div>\n","protected":false},"excerpt":{"rendered":"","protected":false},"author":1,"featured_media":33851,"comment_status":"open","ping_status":"open","sticky":false,"template":"","format":"standard","meta":{"footnotes":""},"categories":[38],"tags":[],"class_list":["post-33850","post","type-post","status-publish","format-standard","has-post-thumbnail","hentry","category-regional"],"jetpack_featured_media_url":"https:\/\/radiorevelacionfm.cl\/wp-content\/uploads\/2023\/08\/image-149-2_optimized.jpg","_links":{"self":[{"href":"https:\/\/radiorevelacionfm.cl\/index.php?rest_route=\/wp\/v2\/posts\/33850","targetHints":{"allow":["GET"]}}],"collection":[{"href":"https:\/\/radiorevelacionfm.cl\/index.php?rest_route=\/wp\/v2\/posts"}],"about":[{"href":"https:\/\/radiorevelacionfm.cl\/index.php?rest_route=\/wp\/v2\/types\/post"}],"author":[{"embeddable":true,"href":"https:\/\/radiorevelacionfm.cl\/index.php?rest_route=\/wp\/v2\/users\/1"}],"replies":[{"embeddable":true,"href":"https:\/\/radiorevelacionfm.cl\/index.php?rest_route=%2Fwp%2Fv2%2Fcomments&post=33850"}],"version-history":[{"count":1,"href":"https:\/\/radiorevelacionfm.cl\/index.php?rest_route=\/wp\/v2\/posts\/33850\/revisions"}],"predecessor-version":[{"id":33852,"href":"https:\/\/radiorevelacionfm.cl\/index.php?rest_route=\/wp\/v2\/posts\/33850\/revisions\/33852"}],"wp:featuredmedia":[{"embeddable":true,"href":"https:\/\/radiorevelacionfm.cl\/index.php?rest_route=\/wp\/v2\/media\/33851"}],"wp:attachment":[{"href":"https:\/\/radiorevelacionfm.cl\/index.php?rest_route=%2Fwp%2Fv2%2Fmedia&parent=33850"}],"wp:term":[{"taxonomy":"category","embeddable":true,"href":"https:\/\/radiorevelacionfm.cl\/index.php?rest_route=%2Fwp%2Fv2%2Fcategories&post=33850"},{"taxonomy":"post_tag","embeddable":true,"href":"https:\/\/radiorevelacionfm.cl\/index.php?rest_route=%2Fwp%2Fv2%2Ftags&post=33850"}],"curies":[{"name":"wp","href":"https:\/\/api.w.org\/{rel}","templated":true}]}}