{"id":3385,"date":"2021-04-22T11:06:43","date_gmt":"2021-04-22T14:06:43","guid":{"rendered":"https:\/\/radiorevelacionfm.cl\/?p=3385"},"modified":"2021-04-22T11:06:43","modified_gmt":"2021-04-22T14:06:43","slug":"detienen-y-formalizan-a-sujeto-por-el-delito-de-lesiones-graves-con-arma-cortante","status":"publish","type":"post","link":"https:\/\/radiorevelacionfm.cl\/?p=3385","title":{"rendered":"Detienen y formalizan a sujeto por el delito de lesiones graves con arma cortante"},"content":{"rendered":"<div class=\"flex_column av_one_full  flex_column_div av-zero-column-padding first  avia-builder-el-0  el_before_av_one_full  avia-builder-el-first  \" style='border-radius:0px; '><div  class='avia-image-container  av-styling-    avia-builder-el-1  avia-builder-el-no-sibling  avia-align-center '  itemprop=\"image\" itemscope=\"itemscope\" itemtype=\"https:\/\/schema.org\/ImageObject\"  ><div class='avia-image-container-inner'><div class='avia-image-overlay-wrap'><img decoding=\"async\" class='wp-image-0 avia-img-lazy-loading-not-0 avia_image' src=\"https:\/\/radiorevelacionfm.cl\/wp-content\/uploads\/2021\/04\/imagen-generica-detenido-pdi-001_optimized.jpg\" alt='' title=''   itemprop=\"thumbnailUrl\"  \/><\/div><\/div><\/div><\/div><div class=\"flex_column av_one_full  flex_column_div av-zero-column-padding first  avia-builder-el-2  el_after_av_one_full  el_before_av_one_full  column-top-margin\" style='border-radius:0px; '><section class=\"av_textblock_section \"  itemscope=\"itemscope\" itemtype=\"https:\/\/schema.org\/BlogPosting\" itemprop=\"blogPost\" ><div class='avia_textblock  '   itemprop=\"text\" ><p style=\"text-align: center;\"><strong><span style=\"font-size: 18pt;\">Detienen y formalizan a sujeto por el delito de lesiones graves con arma cortante<\/span><\/strong><\/p>\n<div id=\"gtx-trans\" style=\"position: absolute; left: -50px; top: 4.31534px;\">\n<div class=\"gtx-trans-icon\"><\/div>\n<\/div>\n<\/div><\/section><\/div><div class=\"flex_column av_one_full  flex_column_div av-zero-column-padding first  avia-builder-el-4  el_after_av_one_full  el_before_av_hr  column-top-margin\" style='border-radius:0px; '><section class=\"av_textblock_section \"  itemscope=\"itemscope\" itemtype=\"https:\/\/schema.org\/BlogPosting\" itemprop=\"blogPost\" ><div class='avia_textblock  '   itemprop=\"text\" ><p style=\"text-align: justify;\">Como resultado de una investigaci\u00f3n realizada por la Brigada de Homicidios Coyhaique, en coordinaci\u00f3n con el Ministerio P\u00fablico, detectives de la unidad especializada detuvieron este mi\u00e9rcoles 21 de abril en horas de la ma\u00f1ana a un sujeto, mayor de edad y con antecedentes policiales, por el delito de lesiones graves con arma cortante en contra de otro hombre mayor de edad.<\/p>\n<p style=\"text-align: justify;\">Al respecto, el jefe de la Brigada de Homicidios Coyhaique, comisario Mauro Guti\u00e9rrez, confirm\u00f3 que \u201cel d\u00eda lunes reci\u00e9n pasado, por disposici\u00f3n del Ministerio P\u00fablico, detectives de esta Brigada de Homicidios se constituyen en el Hospital Regional de esta ciudad, toda vez que en horas de la ma\u00f1ana hab\u00eda ingresado un hombre de 22 a\u00f1os de edad con una herida penetrante tor\u00e1cica y m\u00faltiples traumatismos en la regi\u00f3n de la cara\u201d.<\/p>\n<p style=\"text-align: justify;\">Sobre las indagatorias, el jefe de la unidad indic\u00f3 que \u201cse establece que esta persona llega por sus propios medios al hospital, presentando lesiones de car\u00e1cter grave por lo que es inmediatamente internado e intervenido quir\u00fargicamente. Continuando con las diligencias se establece que esta persona hab\u00eda sido agredida al interior de un domicilio por circunstancias que se est\u00e1n investigando\u201d.<\/p>\n<p style=\"text-align: justify;\">Dado los antecedentes recopilados y evidencias levantadas por personal de la Brigada de Homicidios y del Laboratorio de Criminal\u00edstica Regional de la PDI, el Ministerio P\u00fablico solicit\u00f3 la orden de detenci\u00f3n en contra del \u00fanico imputado, una persona de 27 a\u00f1os de edad con domicilio en la ciudad de Coyhaique, la que se materializ\u00f3 el d\u00eda mi\u00e9rcoles 21 de abril en horas de la ma\u00f1ana al interior de su domicilio, siendo puesto a disposici\u00f3n del Juzgado de Garant\u00eda de Coyhaique para su control de detenci\u00f3n y formalizaci\u00f3n.<\/p>\n<p style=\"text-align: justify;\">Por su parte el fiscal Alex Olivero N\u00fa\u00f1ez explic\u00f3 que en la audiencia \u201cse control\u00f3 la detenci\u00f3n del imputado y se procedi\u00f3 a su formalizaci\u00f3n por el delito de lesiones graves\u201d.<\/p>\n<p style=\"text-align: justify;\">Sobre la din\u00e1mica de los hechos, detall\u00f3 que ocurrieron durante la madrugada en un domicilio de Coyhaique donde el imputado agredi\u00f3 a la v\u00edctima con un golpe de cabeza en el rostro y despu\u00e9s con un cuchillo, provoc\u00e1ndole \u201clesiones que por el minuto son estimadas como graves; a\u00fan falta una pericia del Servicio M\u00e9dico Legal para determinar la gravedad de las lesiones y si hubo o no riesgo vital, lo cual podr\u00eda modificar la calificaci\u00f3n\u201d<\/p>\n<p style=\"text-align: justify;\">El fiscal Olivero agreg\u00f3 que el imputado qued\u00f3 sujeto a la medida cautelar de arresto domiciliario total y el plazo de investigaci\u00f3n fue fijado por el Juzgado de Garant\u00eda en 90 d\u00edas.<\/p>\n<\/div><\/section><\/div><div  style='height:50px' class='hr hr-invisible   avia-builder-el-6  el_after_av_one_full  el_before_av_social_share '><span class='hr-inner ' ><span class='hr-inner-style'><\/span><\/span><\/div><\/p>\n<div  class='av-social-sharing-box  avia-builder-el-7  el_after_av_hr  el_before_av_hr  '><div class='av-share-box'><h5 class='av-share-link-description av-no-toc '>Compartir esta noticia<\/h5><ul class='av-share-box-list noLightbox'><li class='av-share-link av-social-link-facebook' ><a target=\"_blank\" aria-label=\"Compartir en Facebook\" href='https:\/\/www.facebook.com\/sharer.php?u=https:\/\/radiorevelacionfm.cl\/?p=3385&#038;t=Detienen%20y%20formalizan%20a%20sujeto%20por%20el%20delito%20de%20lesiones%20graves%20con%20arma%20cortante' aria-hidden='false' data-av_icon='\ue8f3' data-av_iconfont='entypo-fontello' title='' data-avia-related-tooltip='Compartir en Facebook' rel=\"noopener\"><span class='avia_hidden_link_text'>Compartir en Facebook<\/span><\/a><\/li><li class='av-share-link av-social-link-twitter' ><a target=\"_blank\" aria-label=\"Compartir en Twitter\" href='https:\/\/twitter.com\/share?text=Detienen%20y%20formalizan%20a%20sujeto%20por%20el%20delito%20de%20lesiones%20graves%20con%20arma%20cortante&#038;url=https:\/\/radiorevelacionfm.cl\/?p=3385' aria-hidden='false' data-av_icon='\ue8f1' data-av_iconfont='entypo-fontello' title='' data-avia-related-tooltip='Compartir en Twitter' rel=\"noopener\"><span class='avia_hidden_link_text'>Compartir en Twitter<\/span><\/a><\/li><li class='av-share-link av-social-link-whatsapp' ><a target=\"_blank\" aria-label=\"Compartir en Whatsapp\" href='https:\/\/api.whatsapp.com\/send?text=https:\/\/radiorevelacionfm.cl\/?p=3385' aria-hidden='false' data-av_icon='\uf232' data-av_iconfont='entypo-fontello' title='' data-avia-related-tooltip='Compartir en Whatsapp' rel=\"noopener\"><span class='avia_hidden_link_text'>Compartir en Whatsapp<\/span><\/a><\/li><li class='av-share-link av-social-link-linkedin' ><a target=\"_blank\" aria-label=\"Compartir en LinkedIn\" href='https:\/\/linkedin.com\/shareArticle?mini=true&#038;title=Detienen%20y%20formalizan%20a%20sujeto%20por%20el%20delito%20de%20lesiones%20graves%20con%20arma%20cortante&#038;url=https:\/\/radiorevelacionfm.cl\/?p=3385' aria-hidden='false' data-av_icon='\ue8fc' data-av_iconfont='entypo-fontello' title='' data-avia-related-tooltip='Compartir en LinkedIn' rel=\"noopener\"><span class='avia_hidden_link_text'>Compartir en LinkedIn<\/span><\/a><\/li><li class='av-share-link av-social-link-mail' ><a  aria-label=\"Compartir por correo\" href='mailto:?subject=Detienen%20y%20formalizan%20a%20sujeto%20por%20el%20delito%20de%20lesiones%20graves%20con%20arma%20cortante&#038;body=https:\/\/radiorevelacionfm.cl\/?p=3385' aria-hidden='false' data-av_icon='\ue805' data-av_iconfont='entypo-fontello' title='' data-avia-related-tooltip='Compartir por correo'><span class='avia_hidden_link_text'>Compartir por correo<\/span><\/a><\/li><\/ul><\/div><\/div>\n<div  style='height:50px' class='hr hr-invisible   avia-builder-el-8  el_after_av_social_share  el_before_av_comments_list '><span class='hr-inner ' ><span class='hr-inner-style'><\/span><\/span><\/div>\n<div  class='av-buildercomment  av-blog-meta-html-info-disabled av-blog-meta-tag-disabled  '><\/div>\n","protected":false},"excerpt":{"rendered":"","protected":false},"author":1,"featured_media":0,"comment_status":"open","ping_status":"open","sticky":false,"template":"","format":"standard","meta":{"footnotes":""},"categories":[36],"tags":[],"class_list":["post-3385","post","type-post","status-publish","format-standard","hentry","category-policial"],"jetpack_featured_media_url":"","_links":{"self":[{"href":"https:\/\/radiorevelacionfm.cl\/index.php?rest_route=\/wp\/v2\/posts\/3385","targetHints":{"allow":["GET"]}}],"collection":[{"href":"https:\/\/radiorevelacionfm.cl\/index.php?rest_route=\/wp\/v2\/posts"}],"about":[{"href":"https:\/\/radiorevelacionfm.cl\/index.php?rest_route=\/wp\/v2\/types\/post"}],"author":[{"embeddable":true,"href":"https:\/\/radiorevelacionfm.cl\/index.php?rest_route=\/wp\/v2\/users\/1"}],"replies":[{"embeddable":true,"href":"https:\/\/radiorevelacionfm.cl\/index.php?rest_route=%2Fwp%2Fv2%2Fcomments&post=3385"}],"version-history":[{"count":1,"href":"https:\/\/radiorevelacionfm.cl\/index.php?rest_route=\/wp\/v2\/posts\/3385\/revisions"}],"predecessor-version":[{"id":3387,"href":"https:\/\/radiorevelacionfm.cl\/index.php?rest_route=\/wp\/v2\/posts\/3385\/revisions\/3387"}],"wp:attachment":[{"href":"https:\/\/radiorevelacionfm.cl\/index.php?rest_route=%2Fwp%2Fv2%2Fmedia&parent=3385"}],"wp:term":[{"taxonomy":"category","embeddable":true,"href":"https:\/\/radiorevelacionfm.cl\/index.php?rest_route=%2Fwp%2Fv2%2Fcategories&post=3385"},{"taxonomy":"post_tag","embeddable":true,"href":"https:\/\/radiorevelacionfm.cl\/index.php?rest_route=%2Fwp%2Fv2%2Ftags&post=3385"}],"curies":[{"name":"wp","href":"https:\/\/api.w.org\/{rel}","templated":true}]}}