{"id":33847,"date":"2023-08-14T00:00:22","date_gmt":"2023-08-14T03:00:22","guid":{"rendered":"https:\/\/radiorevelacionfm.cl\/?p=33847"},"modified":"2023-08-14T00:00:22","modified_gmt":"2023-08-14T03:00:22","slug":"fundacion-integra-desarrolla-talleres-de-prevencion-del-desgaste-y-bienestar","status":"publish","type":"post","link":"https:\/\/radiorevelacionfm.cl\/?p=33847","title":{"rendered":"Fundaci\u00f3n Integra desarrolla \u201cTalleres de Prevenci\u00f3n del Desgaste y Bienestar\u201d"},"content":{"rendered":"<div class=\"flex_column av_one_full  flex_column_div av-zero-column-padding first  avia-builder-el-0  el_before_av_one_full  avia-builder-el-first  \" style='border-radius:0px; '><div  class='avia-image-container  av-styling-    avia-builder-el-1  avia-builder-el-no-sibling  avia-align-center '  itemprop=\"image\" itemscope=\"itemscope\" itemtype=\"https:\/\/schema.org\/ImageObject\"  ><div class='avia-image-container-inner'><div class='avia-image-overlay-wrap'><img decoding=\"async\" class='wp-image-33848 avia-img-lazy-loading-not-33848 avia_image' src=\"https:\/\/radiorevelacionfm.cl\/wp-content\/uploads\/2023\/08\/IMG_4080-min-2-2.jpg\" alt='' title='IMG_4080-min-2-2' height=\"600\" width=\"902\"  itemprop=\"thumbnailUrl\" srcset=\"https:\/\/radiorevelacionfm.cl\/wp-content\/uploads\/2023\/08\/IMG_4080-min-2-2.jpg 902w, https:\/\/radiorevelacionfm.cl\/wp-content\/uploads\/2023\/08\/IMG_4080-min-2-2-300x200.jpg 300w, https:\/\/radiorevelacionfm.cl\/wp-content\/uploads\/2023\/08\/IMG_4080-min-2-2-768x511.jpg 768w, https:\/\/radiorevelacionfm.cl\/wp-content\/uploads\/2023\/08\/IMG_4080-min-2-2-705x469.jpg 705w, https:\/\/radiorevelacionfm.cl\/wp-content\/uploads\/2023\/08\/IMG_4080-min-2-2-450x299.jpg 450w, https:\/\/radiorevelacionfm.cl\/wp-content\/uploads\/2023\/08\/IMG_4080-min-2-2-600x399.jpg 600w\" sizes=\"(max-width: 902px) 100vw, 902px\" \/><\/div><\/div><\/div><\/div><div class=\"flex_column av_one_full  flex_column_div av-zero-column-padding first  avia-builder-el-2  el_after_av_one_full  el_before_av_one_full  column-top-margin\" style='border-radius:0px; '><section class=\"av_textblock_section \"  itemscope=\"itemscope\" itemtype=\"https:\/\/schema.org\/BlogPosting\" itemprop=\"blogPost\" ><div class='avia_textblock  '   itemprop=\"text\" ><p style=\"text-align: center;\"><strong><span style=\"font-size: 18pt;\">Fundaci\u00f3n Integra desarrolla \u201cTalleres de Prevenci\u00f3n del Desgaste y Bienestar\u201d<\/span><\/strong><\/p>\n<div id=\"gtx-trans\" style=\"position: absolute; left: -50px; top: 4.31534px;\">\n<div class=\"gtx-trans-icon\"><\/div>\n<\/div>\n<\/div><\/section><\/div><div class=\"flex_column av_one_full  flex_column_div av-zero-column-padding first  avia-builder-el-4  el_after_av_one_full  el_before_av_hr  column-top-margin\" style='border-radius:0px; '><section class=\"av_textblock_section \"  itemscope=\"itemscope\" itemtype=\"https:\/\/schema.org\/BlogPosting\" itemprop=\"blogPost\" ><div class='avia_textblock  '   itemprop=\"text\" ><p style=\"text-align: justify;\">En el marco del Sistema de Formaci\u00f3n Continua AprendeS y como parte de las acciones del Plan Nacional de Bienestar y Apoyo Emocional desarrollado por Fundaci\u00f3n Integra desde el 2020, durante esta semana se dio continuidad a los\u00a0\u201cTalleres de Prevenci\u00f3n del Desgaste y Bienestar\u201d con los integrantes de Oficina Regional de Ays\u00e9n, con el objetivo fortalecer el cuidado de la salud mental y prevenir el desgaste, de los\/las trabajadores y trabajadoras de la instituci\u00f3n.<\/p>\n<p style=\"text-align: justify;\">Ver\u00f3nica Carcamo Galaz, jefa territorial de Calidad Educativa de Fundaci\u00f3n Integra recalca que \u201clo que se espera de estos espacios, es poder contribuir al abordaje de estrategias para prevenir el desgaste laboral y promocionar ambientes de bienestar\u201d.<\/p>\n<p style=\"text-align: justify;\">Fundaci\u00f3n Integra, en conjunto con ACHS, han definido el contenido y la forma como se desarrollar\u00e1n estos talleres buscando generar un espacio de reflexi\u00f3n, contenci\u00f3n y aprendizaje, centrado en entregar herramientas pr\u00e1cticas y estrategias de autocuidado y bienestar para la prevenci\u00f3n de la psicopatolog\u00eda y el desgaste a nivel individual y grupal.<\/p>\n<p style=\"text-align: justify;\">Cabe destacar que esta acci\u00f3n se viene desarrollando desde el a\u00f1o pasado y esta es la continuaci\u00f3n de ese proceso, en la que se espera contar con la participaci\u00f3n de la totalidad de las\/los trabajadoras y trabajadores de todas las Oficinas Regionales junto a Casa Central que no hayan participado de la versi\u00f3n 2022.<\/p>\n<p style=\"text-align: justify;\">Sonia Parada Cad\u00edn, psic\u00f3loga consultor de la ACHS destaca lo importante de estos espacios de formaci\u00f3n ya que \u201cChile es de los pocos pa\u00edses que identifica que el trabajo puede afectar de manera negativa o positiva la salud mental, por lo que se busca con estos planes es que cuidemos nuestra salud mental, no solo a nivel personal sino que tambi\u00e9n en el entorno laboral y c\u00f3mo estos influyen en nuestra salud f\u00edsica y mental\u201d.<\/p>\n<p style=\"text-align: justify;\">A nivel regional destacan la alta participaci\u00f3n que han tenido en estos encuentros regionales, reforzando la importancia de estos espacios de reflexi\u00f3n y conversaci\u00f3n para todos los integrantes de la Fundaci\u00f3n y que permiten desarrollar estrategias para el autocuidado, la contenci\u00f3n mutua y el cuidado de los equipos, y la promoci\u00f3n del bienestar y desarrollo de trabajadores.<\/p>\n<p style=\"text-align: justify;\">Oscar Huerta Zapata, psic\u00f3logo de Desarrollo de Fundaci\u00f3n Integra valor\u00f3 positivamente estos espacios que permiten reflexionar respecto del rol que cada integrante tiene en la instituci\u00f3n pero tambi\u00e9n desde el \u00e1mbito personal reforzando que \u201ces una instancia que permite conocernos, saber nuestras motivaciones, lo que nos pasa y,a la vez, poder generar v\u00ednculos, sobre todo en una instituci\u00f3n como la nuestra que constantemente est\u00e1 preocupado y trabajando en el desarrollo emocional en la primera infancia\u201d.<\/p>\n<p style=\"text-align: justify;\">Fundaci\u00f3n Integra pertenece a la Red de Fundaciones de la Presidencia de la Rep\u00fablica. Con 32 a\u00f1os de experiencia, cuenta con m\u00e1s de 1.230 jardines infantiles y salas cuna gratuitos a los que asisten m\u00e1s de 91 mil ni\u00f1os y ni\u00f1as en todo Chile.<\/p>\n<\/div><\/section><\/div><div  style='height:50px' class='hr hr-invisible   avia-builder-el-6  el_after_av_one_full  el_before_av_social_share '><span class='hr-inner ' ><span class='hr-inner-style'><\/span><\/span><\/div><\/p>\n<div  class='av-social-sharing-box  avia-builder-el-7  el_after_av_hr  el_before_av_hr  '><div class='av-share-box'><h5 class='av-share-link-description av-no-toc '>Compartir esta noticia<\/h5><ul class='av-share-box-list noLightbox'><li class='av-share-link av-social-link-facebook' ><a target=\"_blank\" aria-label=\"Compartir en Facebook\" href='https:\/\/www.facebook.com\/sharer.php?u=https:\/\/radiorevelacionfm.cl\/?p=33847&#038;t=Fundaci%C3%B3n%20Integra%20desarrolla%20%E2%80%9CTalleres%20de%20Prevenci%C3%B3n%20del%20Desgaste%20y%20Bienestar%E2%80%9D' aria-hidden='false' data-av_icon='\ue8f3' data-av_iconfont='entypo-fontello' title='' data-avia-related-tooltip='Compartir en Facebook' rel=\"noopener\"><span class='avia_hidden_link_text'>Compartir en Facebook<\/span><\/a><\/li><li class='av-share-link av-social-link-twitter' ><a target=\"_blank\" aria-label=\"Compartir en Twitter\" href='https:\/\/twitter.com\/share?text=Fundaci%C3%B3n%20Integra%20desarrolla%20%E2%80%9CTalleres%20de%20Prevenci%C3%B3n%20del%20Desgaste%20y%20Bienestar%E2%80%9D&#038;url=https:\/\/radiorevelacionfm.cl\/?p=33847' aria-hidden='false' data-av_icon='\ue8f1' data-av_iconfont='entypo-fontello' title='' data-avia-related-tooltip='Compartir en Twitter' rel=\"noopener\"><span class='avia_hidden_link_text'>Compartir en Twitter<\/span><\/a><\/li><li class='av-share-link av-social-link-whatsapp' ><a target=\"_blank\" aria-label=\"Compartir en Whatsapp\" href='https:\/\/api.whatsapp.com\/send?text=https:\/\/radiorevelacionfm.cl\/?p=33847' aria-hidden='false' data-av_icon='\uf232' data-av_iconfont='entypo-fontello' title='' data-avia-related-tooltip='Compartir en Whatsapp' rel=\"noopener\"><span class='avia_hidden_link_text'>Compartir en Whatsapp<\/span><\/a><\/li><li class='av-share-link av-social-link-linkedin' ><a target=\"_blank\" aria-label=\"Compartir en LinkedIn\" href='https:\/\/linkedin.com\/shareArticle?mini=true&#038;title=Fundaci%C3%B3n%20Integra%20desarrolla%20%E2%80%9CTalleres%20de%20Prevenci%C3%B3n%20del%20Desgaste%20y%20Bienestar%E2%80%9D&#038;url=https:\/\/radiorevelacionfm.cl\/?p=33847' aria-hidden='false' data-av_icon='\ue8fc' data-av_iconfont='entypo-fontello' title='' data-avia-related-tooltip='Compartir en LinkedIn' rel=\"noopener\"><span class='avia_hidden_link_text'>Compartir en LinkedIn<\/span><\/a><\/li><li class='av-share-link av-social-link-mail' ><a  aria-label=\"Compartir por correo\" href='mailto:?subject=Fundaci%C3%B3n%20Integra%20desarrolla%20%E2%80%9CTalleres%20de%20Prevenci%C3%B3n%20del%20Desgaste%20y%20Bienestar%E2%80%9D&#038;body=https:\/\/radiorevelacionfm.cl\/?p=33847' aria-hidden='false' data-av_icon='\ue805' data-av_iconfont='entypo-fontello' title='' data-avia-related-tooltip='Compartir por correo'><span class='avia_hidden_link_text'>Compartir por correo<\/span><\/a><\/li><\/ul><\/div><\/div>\n<div  style='height:50px' class='hr hr-invisible   avia-builder-el-8  el_after_av_social_share  el_before_av_comments_list '><span class='hr-inner ' ><span class='hr-inner-style'><\/span><\/span><\/div>\n<div  class='av-buildercomment  av-blog-meta-html-info-disabled av-blog-meta-tag-disabled  '><\/div>\n","protected":false},"excerpt":{"rendered":"","protected":false},"author":1,"featured_media":33848,"comment_status":"open","ping_status":"open","sticky":false,"template":"","format":"standard","meta":{"footnotes":""},"categories":[49],"tags":[],"class_list":["post-33847","post","type-post","status-publish","format-standard","has-post-thumbnail","hentry","category-educacion"],"jetpack_featured_media_url":"https:\/\/radiorevelacionfm.cl\/wp-content\/uploads\/2023\/08\/IMG_4080-min-2-2.jpg","_links":{"self":[{"href":"https:\/\/radiorevelacionfm.cl\/index.php?rest_route=\/wp\/v2\/posts\/33847","targetHints":{"allow":["GET"]}}],"collection":[{"href":"https:\/\/radiorevelacionfm.cl\/index.php?rest_route=\/wp\/v2\/posts"}],"about":[{"href":"https:\/\/radiorevelacionfm.cl\/index.php?rest_route=\/wp\/v2\/types\/post"}],"author":[{"embeddable":true,"href":"https:\/\/radiorevelacionfm.cl\/index.php?rest_route=\/wp\/v2\/users\/1"}],"replies":[{"embeddable":true,"href":"https:\/\/radiorevelacionfm.cl\/index.php?rest_route=%2Fwp%2Fv2%2Fcomments&post=33847"}],"version-history":[{"count":1,"href":"https:\/\/radiorevelacionfm.cl\/index.php?rest_route=\/wp\/v2\/posts\/33847\/revisions"}],"predecessor-version":[{"id":33849,"href":"https:\/\/radiorevelacionfm.cl\/index.php?rest_route=\/wp\/v2\/posts\/33847\/revisions\/33849"}],"wp:featuredmedia":[{"embeddable":true,"href":"https:\/\/radiorevelacionfm.cl\/index.php?rest_route=\/wp\/v2\/media\/33848"}],"wp:attachment":[{"href":"https:\/\/radiorevelacionfm.cl\/index.php?rest_route=%2Fwp%2Fv2%2Fmedia&parent=33847"}],"wp:term":[{"taxonomy":"category","embeddable":true,"href":"https:\/\/radiorevelacionfm.cl\/index.php?rest_route=%2Fwp%2Fv2%2Fcategories&post=33847"},{"taxonomy":"post_tag","embeddable":true,"href":"https:\/\/radiorevelacionfm.cl\/index.php?rest_route=%2Fwp%2Fv2%2Ftags&post=33847"}],"curies":[{"name":"wp","href":"https:\/\/api.w.org\/{rel}","templated":true}]}}