{"id":33844,"date":"2023-08-11T15:13:24","date_gmt":"2023-08-11T18:13:24","guid":{"rendered":"https:\/\/radiorevelacionfm.cl\/?p=33844"},"modified":"2023-08-11T15:13:24","modified_gmt":"2023-08-11T18:13:24","slug":"llaman-a-conductores-a-evitar-imprudencias-al-volante-ante-la-proxima-festividad-del-15-de-agosto","status":"publish","type":"post","link":"https:\/\/radiorevelacionfm.cl\/?p=33844","title":{"rendered":"Llaman a conductores a evitar imprudencias al volante ante la pr\u00f3xima festividad del 15 de agosto"},"content":{"rendered":"<div class=\"flex_column av_one_full  flex_column_div av-zero-column-padding first  avia-builder-el-0  el_before_av_one_full  avia-builder-el-first  \" style='border-radius:0px; '><div  class='avia-image-container  av-styling-    avia-builder-el-1  avia-builder-el-no-sibling  avia-align-center '  itemprop=\"image\" itemscope=\"itemscope\" itemtype=\"https:\/\/schema.org\/ImageObject\"  ><div class='avia-image-container-inner'><div class='avia-image-overlay-wrap'><img decoding=\"async\" class='wp-image-33845 avia-img-lazy-loading-not-33845 avia_image' src=\"https:\/\/radiorevelacionfm.cl\/wp-content\/uploads\/2023\/08\/dsc_6062-2-2_optimized.jpg\" alt='' title='dsc_6062-2-2_optimized' height=\"600\" width=\"903\"  itemprop=\"thumbnailUrl\" srcset=\"https:\/\/radiorevelacionfm.cl\/wp-content\/uploads\/2023\/08\/dsc_6062-2-2_optimized.jpg 903w, https:\/\/radiorevelacionfm.cl\/wp-content\/uploads\/2023\/08\/dsc_6062-2-2_optimized-300x199.jpg 300w, https:\/\/radiorevelacionfm.cl\/wp-content\/uploads\/2023\/08\/dsc_6062-2-2_optimized-768x510.jpg 768w, https:\/\/radiorevelacionfm.cl\/wp-content\/uploads\/2023\/08\/dsc_6062-2-2_optimized-705x468.jpg 705w, https:\/\/radiorevelacionfm.cl\/wp-content\/uploads\/2023\/08\/dsc_6062-2-2_optimized-450x299.jpg 450w, https:\/\/radiorevelacionfm.cl\/wp-content\/uploads\/2023\/08\/dsc_6062-2-2_optimized-600x399.jpg 600w\" sizes=\"(max-width: 903px) 100vw, 903px\" \/><\/div><\/div><\/div><\/div><div class=\"flex_column av_one_full  flex_column_div av-zero-column-padding first  avia-builder-el-2  el_after_av_one_full  el_before_av_one_full  column-top-margin\" style='border-radius:0px; '><section class=\"av_textblock_section \"  itemscope=\"itemscope\" itemtype=\"https:\/\/schema.org\/BlogPosting\" itemprop=\"blogPost\" ><div class='avia_textblock  '   itemprop=\"text\" ><p style=\"text-align: center;\"><span style=\"font-size: 18pt;\"><b>Llaman a conductores a evitar imprudencias al volante ante la pr\u00f3xima festividad del 15 de agosto<\/b><\/span><\/p>\n<div id=\"gtx-trans\" style=\"position: absolute; left: -50px; top: 4.31534px;\">\n<div class=\"gtx-trans-icon\"><\/div>\n<\/div>\n<\/div><\/section><\/div><div class=\"flex_column av_one_full  flex_column_div av-zero-column-padding first  avia-builder-el-4  el_after_av_one_full  el_before_av_hr  column-top-margin\" style='border-radius:0px; '><section class=\"av_textblock_section \"  itemscope=\"itemscope\" itemtype=\"https:\/\/schema.org\/BlogPosting\" itemprop=\"blogPost\" ><div class='avia_textblock  '   itemprop=\"text\" ><p style=\"text-align: justify;\">A fin de reforzar h\u00e1bitos de seguridad vial, la Comisi\u00f3n Regional de Seguridad de Tr\u00e1nsito (CORESET), integrada en esta oportunidad por seremiTT, el equipo regional del Programa Nacional de Fiscalizaci\u00f3n de Transportes, Carabineros y\u00a0 Senda Ays\u00e9n realizaron un control preventivo a conductores en Baquedano con Monreal.<\/p>\n<p style=\"text-align: justify;\">Este operativo se realiz\u00f3 con ocasi\u00f3n de la proximidad del feriado del 15 de agosto, oportunidad que muchos aprovechan a modo de fin de semana largo, desplaz\u00e1ndose a distintos sectores de la regi\u00f3n. Este aumento de la circulaci\u00f3n por las rutas aumenta el riesgo de accidentabilidad. El a\u00f1o pasado en la misma fecha, por ejemplo, se produjeron 5 siniestros viales que tuvieron como resultado a 4 lesionados<\/p>\n<p style=\"text-align: justify;\">Durante la fiscalizaci\u00f3n se enfatiz\u00f3 en evitar las imprudencias al volante, respetar las se\u00f1ales de tr\u00e1nsito y restringir a cero el consumo de alcohol. Estos tres factores fueron los mayores causantes de siniestros viales en esta fecha durante el 2022. Menci\u00f3n especial merece el factor imprudencia, en donde se hallan conductas perjudiciales, como el uso del celular mientras se maneja un veh\u00edculo.<\/p>\n<p style=\"text-align: justify;\">\u201cMucha gente va a viajar este fin de semana, por lo tanto debemos preparar el viaje, y mantener las cifras que hemos llevado los \u00faltimos dos a\u00f1os, que es de cero fallecidos. Los \u00faltimos fallecidos fueron en el a\u00f1o 2019, lamentablemente, y este a\u00f1o queremos mantener la cifra de cero. El a\u00f1o pasado la mitad de los siniestros fueron causados por la imprudencia del conductor, por lo tanto debemos ser precavidos ante el aumento en el n\u00famero de viajes\u201d recomend\u00f3 el Coordinador Regional de la CORESET, Fernando Aguiar.<\/p>\n<p style=\"text-align: justify;\">Desde la SIAT de Carabineros, el Teniente Manuel Baeza, se refiri\u00f3 a los operativos especiales que realizar\u00e1 el personal policial: \u201cDurante este fin de semana, vamos a estar realizando controles de veh\u00edculos en el plan Ruta Segura que va a estar desplegado durante todo el fin de semana, Ahora estamos dando consejos preventivos a los conductores, como no chatear mientras se conduce, manejar atento a las condiciones del tr\u00e1nsito y el uso de cintur\u00f3n de seguridad\u201d.<\/p>\n<p style=\"text-align: justify;\">El director de SENDA (S) Carlos Jara reforz\u00f3 el mensaje institucional de las consecuencias negativas del consumo del alcohol, sobre todo al manejar. \u201cEstamos entregando un mensaje de prevenci\u00f3n respecto del fin de semana largo que se va a generar ahora, principalmente porque aumenta la accidentabilidad, entregando un mensaje informativo de que si va a beber alcohol no conduzca. Para evitar siniestros que afectan tanto a los conductores, sus familias y todas las personas que se ven involucradas en estas situaciones\u201d, declar\u00f3.<\/p>\n<p style=\"text-align: justify;\">En el control, adem\u00e1s de informar sobre seguridad vial, tambi\u00e9n se dieron recomendaciones para evitar infracciones. As\u00ed lo indic\u00f3 V\u00edctor V\u00e1squez, uno de los conductores fiscalizados en el operativo. \u201cTrat\u00e1ndose de un fin de semana largo, la gente tiende a relajarse un poco y de repente los m\u00e1s irresponsables consumen bebidas alcoh\u00f3licas y manejar, lo que es muy peligroso. Tambi\u00e9n me dec\u00eda el inspector que manejar con sue\u00f1o es el equivalente a manejar con alcohol en la sangre, y tambi\u00e9n me sorprendi\u00f3 y no sab\u00eda, que no ten\u00eda el sello verde en el parabrisas de mi camioneta. As\u00ed que inmediatamente voy a ir al departamento de tr\u00e1nsito para que me lo den, porque vi que me pod\u00edan pasar una infracci\u00f3n\u201d.<\/p>\n<\/div><\/section><\/div><div  style='height:50px' class='hr hr-invisible   avia-builder-el-6  el_after_av_one_full  el_before_av_social_share '><span class='hr-inner ' ><span class='hr-inner-style'><\/span><\/span><\/div><\/p>\n<div  class='av-social-sharing-box  avia-builder-el-7  el_after_av_hr  el_before_av_hr  '><div class='av-share-box'><h5 class='av-share-link-description av-no-toc '>Compartir esta noticia<\/h5><ul class='av-share-box-list noLightbox'><li class='av-share-link av-social-link-facebook' ><a target=\"_blank\" aria-label=\"Compartir en Facebook\" href='https:\/\/www.facebook.com\/sharer.php?u=https:\/\/radiorevelacionfm.cl\/?p=33844&#038;t=Llaman%20a%20conductores%20a%20evitar%20imprudencias%20al%20volante%20ante%20la%20pr%C3%B3xima%20festividad%20del%2015%20de%20agosto' aria-hidden='false' data-av_icon='\ue8f3' data-av_iconfont='entypo-fontello' title='' data-avia-related-tooltip='Compartir en Facebook' rel=\"noopener\"><span class='avia_hidden_link_text'>Compartir en Facebook<\/span><\/a><\/li><li class='av-share-link av-social-link-twitter' ><a target=\"_blank\" aria-label=\"Compartir en Twitter\" href='https:\/\/twitter.com\/share?text=Llaman%20a%20conductores%20a%20evitar%20imprudencias%20al%20volante%20ante%20la%20pr%C3%B3xima%20festividad%20del%2015%20de%20agosto&#038;url=https:\/\/radiorevelacionfm.cl\/?p=33844' aria-hidden='false' data-av_icon='\ue8f1' data-av_iconfont='entypo-fontello' title='' data-avia-related-tooltip='Compartir en Twitter' rel=\"noopener\"><span class='avia_hidden_link_text'>Compartir en Twitter<\/span><\/a><\/li><li class='av-share-link av-social-link-whatsapp' ><a target=\"_blank\" aria-label=\"Compartir en Whatsapp\" href='https:\/\/api.whatsapp.com\/send?text=https:\/\/radiorevelacionfm.cl\/?p=33844' aria-hidden='false' data-av_icon='\uf232' data-av_iconfont='entypo-fontello' title='' data-avia-related-tooltip='Compartir en Whatsapp' rel=\"noopener\"><span class='avia_hidden_link_text'>Compartir en Whatsapp<\/span><\/a><\/li><li class='av-share-link av-social-link-linkedin' ><a target=\"_blank\" aria-label=\"Compartir en LinkedIn\" href='https:\/\/linkedin.com\/shareArticle?mini=true&#038;title=Llaman%20a%20conductores%20a%20evitar%20imprudencias%20al%20volante%20ante%20la%20pr%C3%B3xima%20festividad%20del%2015%20de%20agosto&#038;url=https:\/\/radiorevelacionfm.cl\/?p=33844' aria-hidden='false' data-av_icon='\ue8fc' data-av_iconfont='entypo-fontello' title='' data-avia-related-tooltip='Compartir en LinkedIn' rel=\"noopener\"><span class='avia_hidden_link_text'>Compartir en LinkedIn<\/span><\/a><\/li><li class='av-share-link av-social-link-mail' ><a  aria-label=\"Compartir por correo\" href='mailto:?subject=Llaman%20a%20conductores%20a%20evitar%20imprudencias%20al%20volante%20ante%20la%20pr%C3%B3xima%20festividad%20del%2015%20de%20agosto&#038;body=https:\/\/radiorevelacionfm.cl\/?p=33844' aria-hidden='false' data-av_icon='\ue805' data-av_iconfont='entypo-fontello' title='' data-avia-related-tooltip='Compartir por correo'><span class='avia_hidden_link_text'>Compartir por correo<\/span><\/a><\/li><\/ul><\/div><\/div>\n<div  style='height:50px' class='hr hr-invisible   avia-builder-el-8  el_after_av_social_share  el_before_av_comments_list '><span class='hr-inner ' ><span class='hr-inner-style'><\/span><\/span><\/div>\n<div  class='av-buildercomment  av-blog-meta-html-info-disabled av-blog-meta-tag-disabled  '><\/div>\n","protected":false},"excerpt":{"rendered":"","protected":false},"author":1,"featured_media":33845,"comment_status":"open","ping_status":"open","sticky":false,"template":"","format":"standard","meta":{"footnotes":""},"categories":[38],"tags":[],"class_list":["post-33844","post","type-post","status-publish","format-standard","has-post-thumbnail","hentry","category-regional"],"jetpack_featured_media_url":"https:\/\/radiorevelacionfm.cl\/wp-content\/uploads\/2023\/08\/dsc_6062-2-2_optimized.jpg","_links":{"self":[{"href":"https:\/\/radiorevelacionfm.cl\/index.php?rest_route=\/wp\/v2\/posts\/33844","targetHints":{"allow":["GET"]}}],"collection":[{"href":"https:\/\/radiorevelacionfm.cl\/index.php?rest_route=\/wp\/v2\/posts"}],"about":[{"href":"https:\/\/radiorevelacionfm.cl\/index.php?rest_route=\/wp\/v2\/types\/post"}],"author":[{"embeddable":true,"href":"https:\/\/radiorevelacionfm.cl\/index.php?rest_route=\/wp\/v2\/users\/1"}],"replies":[{"embeddable":true,"href":"https:\/\/radiorevelacionfm.cl\/index.php?rest_route=%2Fwp%2Fv2%2Fcomments&post=33844"}],"version-history":[{"count":1,"href":"https:\/\/radiorevelacionfm.cl\/index.php?rest_route=\/wp\/v2\/posts\/33844\/revisions"}],"predecessor-version":[{"id":33846,"href":"https:\/\/radiorevelacionfm.cl\/index.php?rest_route=\/wp\/v2\/posts\/33844\/revisions\/33846"}],"wp:featuredmedia":[{"embeddable":true,"href":"https:\/\/radiorevelacionfm.cl\/index.php?rest_route=\/wp\/v2\/media\/33845"}],"wp:attachment":[{"href":"https:\/\/radiorevelacionfm.cl\/index.php?rest_route=%2Fwp%2Fv2%2Fmedia&parent=33844"}],"wp:term":[{"taxonomy":"category","embeddable":true,"href":"https:\/\/radiorevelacionfm.cl\/index.php?rest_route=%2Fwp%2Fv2%2Fcategories&post=33844"},{"taxonomy":"post_tag","embeddable":true,"href":"https:\/\/radiorevelacionfm.cl\/index.php?rest_route=%2Fwp%2Fv2%2Ftags&post=33844"}],"curies":[{"name":"wp","href":"https:\/\/api.w.org\/{rel}","templated":true}]}}