{"id":33841,"date":"2023-08-11T11:20:56","date_gmt":"2023-08-11T14:20:56","guid":{"rendered":"https:\/\/radiorevelacionfm.cl\/?p=33841"},"modified":"2023-08-11T11:20:56","modified_gmt":"2023-08-11T14:20:56","slug":"en-total-105-deportistas-representaran-a-la-region-en-nacional-de-los-juegos-deportivos-escolares","status":"publish","type":"post","link":"https:\/\/radiorevelacionfm.cl\/?p=33841","title":{"rendered":"En total 105 deportistas representar\u00e1n a la regi\u00f3n en nacional de los Juegos Deportivos Escolares"},"content":{"rendered":"<div class=\"flex_column av_one_full  flex_column_div av-zero-column-padding first  avia-builder-el-0  el_before_av_one_full  avia-builder-el-first  \" style='border-radius:0px; '><div  class='avia-image-container  av-styling-    avia-builder-el-1  avia-builder-el-no-sibling  avia-align-center '  itemprop=\"image\" itemscope=\"itemscope\" itemtype=\"https:\/\/schema.org\/ImageObject\"  ><div class='avia-image-container-inner'><div class='avia-image-overlay-wrap'><img decoding=\"async\" class='wp-image-33842 avia-img-lazy-loading-not-33842 avia_image' src=\"https:\/\/radiorevelacionfm.cl\/wp-content\/uploads\/2023\/08\/8-4-2-2.jpg\" alt='' title='8-4-2-2' height=\"600\" width=\"800\"  itemprop=\"thumbnailUrl\" srcset=\"https:\/\/radiorevelacionfm.cl\/wp-content\/uploads\/2023\/08\/8-4-2-2.jpg 800w, https:\/\/radiorevelacionfm.cl\/wp-content\/uploads\/2023\/08\/8-4-2-2-300x225.jpg 300w, https:\/\/radiorevelacionfm.cl\/wp-content\/uploads\/2023\/08\/8-4-2-2-768x576.jpg 768w, https:\/\/radiorevelacionfm.cl\/wp-content\/uploads\/2023\/08\/8-4-2-2-705x529.jpg 705w, https:\/\/radiorevelacionfm.cl\/wp-content\/uploads\/2023\/08\/8-4-2-2-450x338.jpg 450w, https:\/\/radiorevelacionfm.cl\/wp-content\/uploads\/2023\/08\/8-4-2-2-600x450.jpg 600w\" sizes=\"(max-width: 800px) 100vw, 800px\" \/><\/div><\/div><\/div><\/div><div class=\"flex_column av_one_full  flex_column_div av-zero-column-padding first  avia-builder-el-2  el_after_av_one_full  el_before_av_one_full  column-top-margin\" style='border-radius:0px; '><section class=\"av_textblock_section \"  itemscope=\"itemscope\" itemtype=\"https:\/\/schema.org\/BlogPosting\" itemprop=\"blogPost\" ><div class='avia_textblock  '   itemprop=\"text\" ><p style=\"text-align: center;\"><strong><span style=\"font-size: 18pt;\">En total 105 deportistas representar\u00e1n a la regi\u00f3n en nacional de los Juegos Deportivos Escolares<\/span><\/strong><\/p>\n<div id=\"gtx-trans\" style=\"position: absolute; left: -50px; top: 4.31534px;\">\n<div class=\"gtx-trans-icon\"><\/div>\n<\/div>\n<\/div><\/section><\/div><div class=\"flex_column av_one_full  flex_column_div av-zero-column-padding first  avia-builder-el-4  el_after_av_one_full  el_before_av_hr  column-top-margin\" style='border-radius:0px; '><section class=\"av_textblock_section \"  itemscope=\"itemscope\" itemtype=\"https:\/\/schema.org\/BlogPosting\" itemprop=\"blogPost\" ><div class='avia_textblock  '   itemprop=\"text\" ><div dir=\"auto\">\n<div>\n<div class=\"v1gmail_quote\">\n<div dir=\"ltr\">\n<div>\n<div class=\"v1gmail_signature\" dir=\"ltr\">\n<div dir=\"ltr\">\n<div>\n<p class=\"v1MsoNormal\" style=\"text-align: justify;\">En una ceremonia realizada en dependencias de la Biblioteca Regional de Ays\u00e9n autoridades regionales entregaron ropa deportiva (buzo, poleras y ropa de competencia) a delegados y representantes de los 105 deportistas de las 9 disciplinas que defender\u00e1n los colores de la regi\u00f3n en la gran final nacional del evento deportivo escolar m\u00e1s importante Chile.<\/p>\n<p class=\"v1MsoNormal\" style=\"text-align: justify;\">A la actividad asisti\u00f3 el Delegado Presidencial Regional Rodrigo Araya Morales, la Seremi del Deporte Mar\u00eda Eugenia Dur\u00e1n Jara, el Director Regional (s) IND Javier Medina Mella, deportistas, profesores, delegados y apoderados.<\/p>\n<p class=\"v1MsoNormal\" style=\"text-align: justify;\">\u00abEstamos muy contentos por la gran convocatoria que logramos en estos juegos en su etapa comunal y regional con una cifra r\u00e9cord de 3.000 inscritos, queremos agradecer a los municipios que organizaron las etapas comunales de los juegos as\u00ed como tambi\u00e9n a los establecimientos educacionales y a sus profesores que respondieron al llamado del IND, tambi\u00e9n relevar el trabajo de las y los funcionarios del IND y por sobretodo felicitar a los estudiantes que compitieron cada una de las etapas, y en este sentido reafirmar el compromiso del Gobierno del Presidente Gabriel Boric Font de fortalecer la actividad deportiva en la etapa escolar otorgando oportunidades de pr\u00e1ctica y participaci\u00f3n deportiva a ni\u00f1as, ni\u00f1os y j\u00f3venes, les deseamos lo mejor, que sea una linda experiencia, para compartir, hacer amigos y conocer otras realidades\u00bb, coment\u00f3 Mar\u00eda Eugenia Dur\u00e1n Jara, Seremi del Deporte.<\/p>\n<p class=\"v1MsoNormal\" style=\"text-align: justify;\">En el\u00a0 evento Escolar m\u00e1s importante de Chile y clasificatorio al Sudamericano Escolar de \u00a0Santiago 2023, participar\u00e1n m\u00e1s de 100 mil estudiantes de todo el pa\u00eds, certamen convocado por el Ministerio del Deporte y el Ministerio de Educaci\u00f3n, y organizado por el Instituto Nacional de Deportes (IND), con una inversi\u00f3n de $5.650 millones.<\/p>\n<p class=\"v1MsoNormal\" style=\"text-align: justify;\"><b><u>Delegaciones<\/u><\/b><\/p>\n<p class=\"v1MsoNormal\" style=\"text-align: justify;\"><b>Balonmano damas<\/b>: 12 deportistas del Colegio Santa Teresa y Liceo San Jos\u00e9 UR de\u00a0Puerto Ays\u00e9n.<\/p>\n<p class=\"v1MsoNormal\" style=\"text-align: justify;\"><b>Balonmano varones<\/b>: 12 deportistas del colegio Kalem y Liceo San Jos\u00e9 UR de\u00a0Puerto Ays\u00e9n<\/p>\n<p class=\"v1MsoNormal\" style=\"text-align: justify;\"><b>B\u00e1squetbol damas<\/b>: 10 deportistas del Liceo San Felipe Benicio, colegio Alianza Austral y colegio Altamira de\u00a0Coyhaique<\/p>\n<p class=\"v1MsoNormal\" style=\"text-align: justify;\"><b>B\u00e1squetbol varones<\/b>: 10 deportistas del colegio Alborada, Liceo Altos del Mackay y colegio Mater Dei\u00a0 de Coyhaique<\/p>\n<p class=\"v1MsoNormal\" style=\"text-align: justify;\"><b>Judo<\/b>: 10 deportistas de escuela Baquedano, colegio Antoine de Saint-Exup\u00e9ry, Lyon College, Liceo Ricardo Navarrete, Liceo Altos del Mackay, Escuela Pedro Quintana, Liceo Juan Pablo II de\u00a0Coyhaique.<\/p>\n<p class=\"v1MsoNormal\" style=\"text-align: justify;\"><b>Ajedrez:<\/b> 4 jugadores Liceo Austral Lord Cochrane, Liceo San Felipe Benicio de Coyhaique y Escuela Guido G\u00f3mez\u00a0 Mu\u00f1oz de Puerto Cisnes Mu\u00f1oz de Puerto Cisnes.<\/p>\n<p class=\"v1MsoNormal\" style=\"text-align: justify;\"><b>Nataci\u00f3n:<\/b> 9 deportistas de Colegio Patagonia y Colegio Alianza Austral\u00a0de Coyhaique, Colegio Santa Teresa\u00a0de puerto Ays\u00e9n, colegio\u00a0Patagonia Coyhaique y liceo Altos del Mackay\u00a0de Coyhaique.<\/p>\n<p class=\"v1MsoNormal\" style=\"text-align: justify;\"><b>Tenis de mesa<\/b>: 4 deportistas del Colegio Alianza Austral y Colegio Antoine de Saint-Exup\u00e9ry de Coyhaique.<\/p>\n<p class=\"v1MsoNormal\" style=\"text-align: justify;\"><b>Atletismo:<\/b> 4 deportistas del Liceo Austral Lord Cochrane, Escuela Aonikenk de Puerto Ib\u00e1\u00f1ez, Escuela V\u00edctor Domingo Silva de\u00a0Coyhaique y Liceo de Melinka.<\/p>\n<p class=\"v1MsoNormal\" style=\"text-align: justify;\"><b>Futsal damas<\/b>: 10 deportistas del Colegio Antoine de Saint-Exup\u00e9ry, Liceo San Felipe Benicio\u00a0de Coyhaique y Colegio Kalem\u00a0Puerto Ays\u00e9n.<\/p>\n<p class=\"v1MsoNormal\" style=\"text-align: justify;\"><b>Futsal varones<\/b>:10 deportistas de Liceo San Felipe Benicio, Escuela V\u00edctor Domingo Silva y Colegio Diego Portales de Coyhaique.<\/p>\n<p class=\"v1MsoNormal\" style=\"text-align: justify;\"><b>V\u00f3leibol damas<\/b>: 10 deportistas de Colegio Santa Teresa y Liceo San Jos\u00e9 UR de Puerto Ays\u00e9n.<\/p>\n<p class=\"v1MsoNormal\" style=\"text-align: justify;\"><b>V\u00f3leibol varones<\/b>: 10 deportistas de Colegio Mater Dei y Liceo San Felipe Benicio\u00a0de Coyhaique.<\/p>\n<p class=\"v1MsoNormal\" style=\"text-align: justify;\"><b>T\u00e9cnicos y delegados<\/b>: 29 personas.<\/p>\n<\/div>\n<\/div>\n<\/div>\n<\/div>\n<\/div>\n<\/div>\n<\/div>\n<\/div>\n<\/div><\/section><\/div><div  style='height:50px' class='hr hr-invisible   avia-builder-el-6  el_after_av_one_full  el_before_av_social_share '><span class='hr-inner ' ><span class='hr-inner-style'><\/span><\/span><\/div><\/p>\n<div  class='av-social-sharing-box  avia-builder-el-7  el_after_av_hr  el_before_av_hr  '><div class='av-share-box'><h5 class='av-share-link-description av-no-toc '>Compartir esta noticia<\/h5><ul class='av-share-box-list noLightbox'><li class='av-share-link av-social-link-facebook' ><a target=\"_blank\" aria-label=\"Compartir en Facebook\" href='https:\/\/www.facebook.com\/sharer.php?u=https:\/\/radiorevelacionfm.cl\/?p=33841&#038;t=En%20total%20105%20deportistas%20representar%C3%A1n%20a%20la%20regi%C3%B3n%20en%20nacional%20de%20los%20Juegos%20Deportivos%20Escolares' aria-hidden='false' data-av_icon='\ue8f3' data-av_iconfont='entypo-fontello' title='' data-avia-related-tooltip='Compartir en Facebook' rel=\"noopener\"><span class='avia_hidden_link_text'>Compartir en Facebook<\/span><\/a><\/li><li class='av-share-link av-social-link-twitter' ><a target=\"_blank\" aria-label=\"Compartir en Twitter\" href='https:\/\/twitter.com\/share?text=En%20total%20105%20deportistas%20representar%C3%A1n%20a%20la%20regi%C3%B3n%20en%20nacional%20de%20los%20Juegos%20Deportivos%20Escolares&#038;url=https:\/\/radiorevelacionfm.cl\/?p=33841' aria-hidden='false' data-av_icon='\ue8f1' data-av_iconfont='entypo-fontello' title='' data-avia-related-tooltip='Compartir en Twitter' rel=\"noopener\"><span class='avia_hidden_link_text'>Compartir en Twitter<\/span><\/a><\/li><li class='av-share-link av-social-link-whatsapp' ><a target=\"_blank\" aria-label=\"Compartir en Whatsapp\" href='https:\/\/api.whatsapp.com\/send?text=https:\/\/radiorevelacionfm.cl\/?p=33841' aria-hidden='false' data-av_icon='\uf232' data-av_iconfont='entypo-fontello' title='' data-avia-related-tooltip='Compartir en Whatsapp' rel=\"noopener\"><span class='avia_hidden_link_text'>Compartir en Whatsapp<\/span><\/a><\/li><li class='av-share-link av-social-link-linkedin' ><a target=\"_blank\" aria-label=\"Compartir en LinkedIn\" href='https:\/\/linkedin.com\/shareArticle?mini=true&#038;title=En%20total%20105%20deportistas%20representar%C3%A1n%20a%20la%20regi%C3%B3n%20en%20nacional%20de%20los%20Juegos%20Deportivos%20Escolares&#038;url=https:\/\/radiorevelacionfm.cl\/?p=33841' aria-hidden='false' data-av_icon='\ue8fc' data-av_iconfont='entypo-fontello' title='' data-avia-related-tooltip='Compartir en LinkedIn' rel=\"noopener\"><span class='avia_hidden_link_text'>Compartir en LinkedIn<\/span><\/a><\/li><li class='av-share-link av-social-link-mail' ><a  aria-label=\"Compartir por correo\" href='mailto:?subject=En%20total%20105%20deportistas%20representar%C3%A1n%20a%20la%20regi%C3%B3n%20en%20nacional%20de%20los%20Juegos%20Deportivos%20Escolares&#038;body=https:\/\/radiorevelacionfm.cl\/?p=33841' aria-hidden='false' data-av_icon='\ue805' data-av_iconfont='entypo-fontello' title='' data-avia-related-tooltip='Compartir por correo'><span class='avia_hidden_link_text'>Compartir por correo<\/span><\/a><\/li><\/ul><\/div><\/div>\n<div  style='height:50px' class='hr hr-invisible   avia-builder-el-8  el_after_av_social_share  el_before_av_comments_list '><span class='hr-inner ' ><span class='hr-inner-style'><\/span><\/span><\/div>\n<div  class='av-buildercomment  av-blog-meta-html-info-disabled av-blog-meta-tag-disabled  '><\/div>\n","protected":false},"excerpt":{"rendered":"","protected":false},"author":1,"featured_media":33842,"comment_status":"open","ping_status":"open","sticky":false,"template":"","format":"standard","meta":{"footnotes":""},"categories":[40],"tags":[],"class_list":["post-33841","post","type-post","status-publish","format-standard","has-post-thumbnail","hentry","category-deportes"],"jetpack_featured_media_url":"https:\/\/radiorevelacionfm.cl\/wp-content\/uploads\/2023\/08\/8-4-2-2.jpg","_links":{"self":[{"href":"https:\/\/radiorevelacionfm.cl\/index.php?rest_route=\/wp\/v2\/posts\/33841","targetHints":{"allow":["GET"]}}],"collection":[{"href":"https:\/\/radiorevelacionfm.cl\/index.php?rest_route=\/wp\/v2\/posts"}],"about":[{"href":"https:\/\/radiorevelacionfm.cl\/index.php?rest_route=\/wp\/v2\/types\/post"}],"author":[{"embeddable":true,"href":"https:\/\/radiorevelacionfm.cl\/index.php?rest_route=\/wp\/v2\/users\/1"}],"replies":[{"embeddable":true,"href":"https:\/\/radiorevelacionfm.cl\/index.php?rest_route=%2Fwp%2Fv2%2Fcomments&post=33841"}],"version-history":[{"count":1,"href":"https:\/\/radiorevelacionfm.cl\/index.php?rest_route=\/wp\/v2\/posts\/33841\/revisions"}],"predecessor-version":[{"id":33843,"href":"https:\/\/radiorevelacionfm.cl\/index.php?rest_route=\/wp\/v2\/posts\/33841\/revisions\/33843"}],"wp:featuredmedia":[{"embeddable":true,"href":"https:\/\/radiorevelacionfm.cl\/index.php?rest_route=\/wp\/v2\/media\/33842"}],"wp:attachment":[{"href":"https:\/\/radiorevelacionfm.cl\/index.php?rest_route=%2Fwp%2Fv2%2Fmedia&parent=33841"}],"wp:term":[{"taxonomy":"category","embeddable":true,"href":"https:\/\/radiorevelacionfm.cl\/index.php?rest_route=%2Fwp%2Fv2%2Fcategories&post=33841"},{"taxonomy":"post_tag","embeddable":true,"href":"https:\/\/radiorevelacionfm.cl\/index.php?rest_route=%2Fwp%2Fv2%2Ftags&post=33841"}],"curies":[{"name":"wp","href":"https:\/\/api.w.org\/{rel}","templated":true}]}}