{"id":33838,"date":"2023-08-11T21:11:21","date_gmt":"2023-08-12T00:11:21","guid":{"rendered":"https:\/\/radiorevelacionfm.cl\/?p=33838"},"modified":"2023-08-11T21:11:21","modified_gmt":"2023-08-12T00:11:21","slug":"concretan-historico-financiamiento-para-nuevo-edificio-consistorial-de-rio-ibanez","status":"publish","type":"post","link":"https:\/\/radiorevelacionfm.cl\/?p=33838","title":{"rendered":"Concretan hist\u00f3rico financiamiento para nuevo Edificio Consistorial de R\u00edo Iba\u00f1ez"},"content":{"rendered":"<div class=\"flex_column av_one_full  flex_column_div av-zero-column-padding first  avia-builder-el-0  el_before_av_one_full  avia-builder-el-first  \" style='border-radius:0px; '><div  class='avia-image-container  av-styling-    avia-builder-el-1  avia-builder-el-no-sibling  avia-align-center '  itemprop=\"image\" itemscope=\"itemscope\" itemtype=\"https:\/\/schema.org\/ImageObject\"  ><div class='avia-image-container-inner'><div class='avia-image-overlay-wrap'><img decoding=\"async\" class='wp-image-33839 avia-img-lazy-loading-not-33839 avia_image' src=\"https:\/\/radiorevelacionfm.cl\/wp-content\/uploads\/2023\/08\/image-148-2_optimized.jpg\" alt='' title='image-148-2_optimized' height=\"600\" width=\"1066\"  itemprop=\"thumbnailUrl\" srcset=\"https:\/\/radiorevelacionfm.cl\/wp-content\/uploads\/2023\/08\/image-148-2_optimized.jpg 1066w, https:\/\/radiorevelacionfm.cl\/wp-content\/uploads\/2023\/08\/image-148-2_optimized-300x169.jpg 300w, https:\/\/radiorevelacionfm.cl\/wp-content\/uploads\/2023\/08\/image-148-2_optimized-1030x580.jpg 1030w, https:\/\/radiorevelacionfm.cl\/wp-content\/uploads\/2023\/08\/image-148-2_optimized-768x432.jpg 768w, https:\/\/radiorevelacionfm.cl\/wp-content\/uploads\/2023\/08\/image-148-2_optimized-705x397.jpg 705w, https:\/\/radiorevelacionfm.cl\/wp-content\/uploads\/2023\/08\/image-148-2_optimized-450x253.jpg 450w, https:\/\/radiorevelacionfm.cl\/wp-content\/uploads\/2023\/08\/image-148-2_optimized-600x338.jpg 600w\" sizes=\"(max-width: 1066px) 100vw, 1066px\" \/><\/div><\/div><\/div><\/div><div class=\"flex_column av_one_full  flex_column_div av-zero-column-padding first  avia-builder-el-2  el_after_av_one_full  el_before_av_one_full  column-top-margin\" style='border-radius:0px; '><section class=\"av_textblock_section \"  itemscope=\"itemscope\" itemtype=\"https:\/\/schema.org\/BlogPosting\" itemprop=\"blogPost\" ><div class='avia_textblock  '   itemprop=\"text\" ><p style=\"text-align: center;\"><strong><span style=\"font-size: 18pt;\">Concretan hist\u00f3rico financiamiento para nuevo Edificio Consistorial de R\u00edo Iba\u00f1ez<\/span><\/strong><\/p>\n<div id=\"gtx-trans\" style=\"position: absolute; left: -50px; top: 4.31534px;\">\n<div class=\"gtx-trans-icon\"><\/div>\n<\/div>\n<\/div><\/section><\/div><div class=\"flex_column av_one_full  flex_column_div av-zero-column-padding first  avia-builder-el-4  el_after_av_one_full  el_before_av_hr  column-top-margin\" style='border-radius:0px; '><section class=\"av_textblock_section \"  itemscope=\"itemscope\" itemtype=\"https:\/\/schema.org\/BlogPosting\" itemprop=\"blogPost\" ><div class='avia_textblock  '   itemprop=\"text\" ><p style=\"text-align: justify;\">Luego de meses de gestiones presupuestarias, el alcalde de R\u00edo Ib\u00e1\u00f1ez, Marcelo Santana Vargas, inform\u00f3 que SUBDERE financiar\u00e1 el 60% de la inversi\u00f3n y el 40% restante el Fondo Nacional de Desarrollo Regional 2023 (FNDR), totalizando cerca de 9 millones de d\u00f3lares para la construcci\u00f3n de la nueva infraestructura.<\/p>\n<p style=\"text-align: justify;\">Esta semana fue de grandes noticias para el Municipio de R\u00edo Ib\u00e1\u00f1ez, luego de varios a\u00f1os de trabajo del equipo de proyectos municipales, as\u00ed como una intensa gesti\u00f3n de recursos impulsada por el alcalde Marcelo Santana Vargas, se concret\u00f3 el esperado financiamiento del nuevo Edificio Consistorial para la comuna de R\u00edo Ib\u00e1\u00f1ez.<\/p>\n<p style=\"text-align: justify;\">La nueva infraestructura contar\u00e1 con casi 2000 metros cuadrados de superficie y un financiamiento cercano a los 7.500 millones de pesos, transform\u00e1ndose en el proyecto municipal m\u00e1s importante en lo que va del a\u00f1o en la regi\u00f3n, y se espera pueda comenzar a ejecutarse durante los pr\u00f3ximos meses.<\/p>\n<p style=\"text-align: justify;\">El proyecto tuvo varios impedimentos antes de llegar a buen fin, donde una de las causas principales fue la presupuestaria. Y en ese sentido, el alcalde de la comuna, Marcelo Santana Vargas, destac\u00f3 el trabajo del equipo municipal: \u201cfueron meses de intenso trabajo, de gestiones, de mucha socializaci\u00f3n del proyecto y que finalmente deton\u00f3 que las cosas fueran sucediendo, sumado a lo anterior la visita del Presidente de la Rep\u00fablica a la comuna donde anunci\u00f3 voluntad financiamiento, luego de eso, los astros comenzaron a alinearse, el Subsecretario de Desarrollo Regional ratific\u00f3 ese compromiso y hoy SUBDERE aportar\u00e1 el 60% del costo total del nuevo edificio.\u201d Santana tambi\u00e9n explic\u00f3 que desde el Gobierno Regional se aportar\u00e1 el 40% restante: \u201ces un proyecto que ha contado desde el inicio con un apoyo transversal del Consejo y del Gobierno Regional, siempre han apoyado y liderado muchas de las gestiones para llegar al momento y resultado exitoso que tenemos hoy\u201d, puntualiz\u00f3 el alcalde.<\/p>\n<p style=\"text-align: justify;\">Esta obra, no solo generar\u00e1 reactivaci\u00f3n econ\u00f3mica en R\u00edo Ib\u00e1\u00f1ez, y en gran parte de la regi\u00f3n, sino que tambi\u00e9n, mejorar\u00e1 las condiciones de atenci\u00f3n a todas las personas en la comuna. Respecto a este punto de, la Consejera Lilian Inostroza, indic\u00f3 que: \u201ces el segundo edificio consistorial dentro de la regi\u00f3n nuevo, que tiene una proyecci\u00f3n de ejecuci\u00f3n de dos a\u00f1os, y donde el Gobierno Regional de ays\u00e9n comprometi\u00f3 el 40% del costo de la obra (&#8230;) que mejorar\u00e1 las condiciones laborales de funcionarios y funcionarios municipales, y tambi\u00e9n la atenci\u00f3n a los usuarios que es lo m\u00e1s importante\u201d.<\/p>\n<p style=\"text-align: justify;\">Para el equipo municipal este ha sido un gran anhelo, poder mejorar la atenci\u00f3n a los vecinos y vecinas de la comuna, pero tambi\u00e9n, mejorar las condiciones para seguir trabajando. Por ello, la representante de los funcionarios municipales, Alejandra Altamirano, se mostr\u00f3 muy contenta con esta noticia, y se\u00f1al\u00f3: \u201ces un edificio que no solo beneficiar\u00e1 a los trabajadores municipales, sino que tambi\u00e9n, para poder atender de mejor forma a nuestra comunidad, en donde podremos tener salas de espera, mejores sistemas calefacci\u00f3n, ba\u00f1os p\u00fablicos para los vecinos, porque hoy en dia no cont\u00e1bamos con algunos de los servicios b\u00e1sicos, as\u00ed que estamos felices, ha sido bastante arduo el trabajo de muchas personas, agradecer en especial a nuestro alcalde, Marcelo Santana, quien estuvo ah\u00ed desde el primer momento que solicitamos estas gestiones para el nuevo edificio municipal, y adem\u00e1s a todas las personas, que desde la creaci\u00f3n de este municipio trabajaron gestionando mejoras para nuestra comuna.\u201d<\/p>\n<p style=\"text-align: justify;\">Adem\u00e1s, la Seremi del MOP (S) Paola Az\u00f3car, destac\u00f3 los avances tecnol\u00f3gicos en materias de construcci\u00f3n, que se usar\u00e1n para realizar esta obra: \u201cmuy contentos de dar vida a este proyecto, este a\u00f1o poder tener tambi\u00e9n un llamado a licitaci\u00f3n, que contemple la actualizaci\u00f3n del dise\u00f1o, en t\u00e9rminos de normativa el\u00e9ctrica, y posteriormente pasar a la ejecuci\u00f3n de obras el pr\u00f3ximo a\u00f1o (&#8230;) As\u00ed que reforzamos nuestro compromiso de tener edificaci\u00f3n p\u00fablica de calidad, y de poder otorgarle a las personas un mejor servicio, y poder tambi\u00e9n, construir con avances tecnol\u00f3gicos que conllevan a la eficiencia energ\u00e9tica, y poder generar un impacto positivo en el medio ambiente\u201d<\/p>\n<p style=\"text-align: justify;\">Se espera que dentro de las pr\u00f3ximas semanas la Direcci\u00f3n de Arquitectura de la comuna de R\u00edo Ib\u00e1\u00f1ez, quienes ser\u00e1n los responsables de ejecutar el proyecto, abr\u00e1n la licitaci\u00f3n para que a fines de diciembre se inicien las obras, y se realice la esperada ceremonia de \u201cprimera piedra\u00bb.<\/p>\n<\/div><\/section><\/div><div  style='height:50px' class='hr hr-invisible   avia-builder-el-6  el_after_av_one_full  el_before_av_social_share '><span class='hr-inner ' ><span class='hr-inner-style'><\/span><\/span><\/div><\/p>\n<div  class='av-social-sharing-box  avia-builder-el-7  el_after_av_hr  el_before_av_hr  '><div class='av-share-box'><h5 class='av-share-link-description av-no-toc '>Compartir esta noticia<\/h5><ul class='av-share-box-list noLightbox'><li class='av-share-link av-social-link-facebook' ><a target=\"_blank\" aria-label=\"Compartir en Facebook\" href='https:\/\/www.facebook.com\/sharer.php?u=https:\/\/radiorevelacionfm.cl\/?p=33838&#038;t=Concretan%20hist%C3%B3rico%20financiamiento%20para%20nuevo%20Edificio%20Consistorial%20de%20R%C3%ADo%20Iba%C3%B1ez' aria-hidden='false' data-av_icon='\ue8f3' data-av_iconfont='entypo-fontello' title='' data-avia-related-tooltip='Compartir en Facebook' rel=\"noopener\"><span class='avia_hidden_link_text'>Compartir en Facebook<\/span><\/a><\/li><li class='av-share-link av-social-link-twitter' ><a target=\"_blank\" aria-label=\"Compartir en Twitter\" href='https:\/\/twitter.com\/share?text=Concretan%20hist%C3%B3rico%20financiamiento%20para%20nuevo%20Edificio%20Consistorial%20de%20R%C3%ADo%20Iba%C3%B1ez&#038;url=https:\/\/radiorevelacionfm.cl\/?p=33838' aria-hidden='false' data-av_icon='\ue8f1' data-av_iconfont='entypo-fontello' title='' data-avia-related-tooltip='Compartir en Twitter' rel=\"noopener\"><span class='avia_hidden_link_text'>Compartir en Twitter<\/span><\/a><\/li><li class='av-share-link av-social-link-whatsapp' ><a target=\"_blank\" aria-label=\"Compartir en Whatsapp\" href='https:\/\/api.whatsapp.com\/send?text=https:\/\/radiorevelacionfm.cl\/?p=33838' aria-hidden='false' data-av_icon='\uf232' data-av_iconfont='entypo-fontello' title='' data-avia-related-tooltip='Compartir en Whatsapp' rel=\"noopener\"><span class='avia_hidden_link_text'>Compartir en Whatsapp<\/span><\/a><\/li><li class='av-share-link av-social-link-linkedin' ><a target=\"_blank\" aria-label=\"Compartir en LinkedIn\" href='https:\/\/linkedin.com\/shareArticle?mini=true&#038;title=Concretan%20hist%C3%B3rico%20financiamiento%20para%20nuevo%20Edificio%20Consistorial%20de%20R%C3%ADo%20Iba%C3%B1ez&#038;url=https:\/\/radiorevelacionfm.cl\/?p=33838' aria-hidden='false' data-av_icon='\ue8fc' data-av_iconfont='entypo-fontello' title='' data-avia-related-tooltip='Compartir en LinkedIn' rel=\"noopener\"><span class='avia_hidden_link_text'>Compartir en LinkedIn<\/span><\/a><\/li><li class='av-share-link av-social-link-mail' ><a  aria-label=\"Compartir por correo\" href='mailto:?subject=Concretan%20hist%C3%B3rico%20financiamiento%20para%20nuevo%20Edificio%20Consistorial%20de%20R%C3%ADo%20Iba%C3%B1ez&#038;body=https:\/\/radiorevelacionfm.cl\/?p=33838' aria-hidden='false' data-av_icon='\ue805' data-av_iconfont='entypo-fontello' title='' data-avia-related-tooltip='Compartir por correo'><span class='avia_hidden_link_text'>Compartir por correo<\/span><\/a><\/li><\/ul><\/div><\/div>\n<div  style='height:50px' class='hr hr-invisible   avia-builder-el-8  el_after_av_social_share  el_before_av_comments_list '><span class='hr-inner ' ><span class='hr-inner-style'><\/span><\/span><\/div>\n<div  class='av-buildercomment  av-blog-meta-html-info-disabled av-blog-meta-tag-disabled  '><\/div>\n","protected":false},"excerpt":{"rendered":"","protected":false},"author":1,"featured_media":33839,"comment_status":"open","ping_status":"open","sticky":false,"template":"","format":"standard","meta":{"footnotes":""},"categories":[38],"tags":[],"class_list":["post-33838","post","type-post","status-publish","format-standard","has-post-thumbnail","hentry","category-regional"],"jetpack_featured_media_url":"https:\/\/radiorevelacionfm.cl\/wp-content\/uploads\/2023\/08\/image-148-2_optimized.jpg","_links":{"self":[{"href":"https:\/\/radiorevelacionfm.cl\/index.php?rest_route=\/wp\/v2\/posts\/33838","targetHints":{"allow":["GET"]}}],"collection":[{"href":"https:\/\/radiorevelacionfm.cl\/index.php?rest_route=\/wp\/v2\/posts"}],"about":[{"href":"https:\/\/radiorevelacionfm.cl\/index.php?rest_route=\/wp\/v2\/types\/post"}],"author":[{"embeddable":true,"href":"https:\/\/radiorevelacionfm.cl\/index.php?rest_route=\/wp\/v2\/users\/1"}],"replies":[{"embeddable":true,"href":"https:\/\/radiorevelacionfm.cl\/index.php?rest_route=%2Fwp%2Fv2%2Fcomments&post=33838"}],"version-history":[{"count":1,"href":"https:\/\/radiorevelacionfm.cl\/index.php?rest_route=\/wp\/v2\/posts\/33838\/revisions"}],"predecessor-version":[{"id":33840,"href":"https:\/\/radiorevelacionfm.cl\/index.php?rest_route=\/wp\/v2\/posts\/33838\/revisions\/33840"}],"wp:featuredmedia":[{"embeddable":true,"href":"https:\/\/radiorevelacionfm.cl\/index.php?rest_route=\/wp\/v2\/media\/33839"}],"wp:attachment":[{"href":"https:\/\/radiorevelacionfm.cl\/index.php?rest_route=%2Fwp%2Fv2%2Fmedia&parent=33838"}],"wp:term":[{"taxonomy":"category","embeddable":true,"href":"https:\/\/radiorevelacionfm.cl\/index.php?rest_route=%2Fwp%2Fv2%2Fcategories&post=33838"},{"taxonomy":"post_tag","embeddable":true,"href":"https:\/\/radiorevelacionfm.cl\/index.php?rest_route=%2Fwp%2Fv2%2Ftags&post=33838"}],"curies":[{"name":"wp","href":"https:\/\/api.w.org\/{rel}","templated":true}]}}