{"id":33835,"date":"2023-08-13T22:42:20","date_gmt":"2023-08-14T01:42:20","guid":{"rendered":"https:\/\/radiorevelacionfm.cl\/?p=33835"},"modified":"2023-08-13T22:44:15","modified_gmt":"2023-08-14T01:44:15","slug":"edelaysen-lidera-competencia-de-eficiencia-energetica-para-4-establecimientos-de-la-zona","status":"publish","type":"post","link":"https:\/\/radiorevelacionfm.cl\/?p=33835","title":{"rendered":"Edelaysen lidera competencia de Eficiencia Energ\u00e9tica para 4 establecimientos de la zona"},"content":{"rendered":"<div class=\"flex_column av_one_full  flex_column_div av-zero-column-padding first  avia-builder-el-0  el_before_av_one_full  avia-builder-el-first  \" style='border-radius:0px; '><div  class='avia-image-container  av-styling-    avia-builder-el-1  avia-builder-el-no-sibling  avia-align-center '  itemprop=\"image\" itemscope=\"itemscope\" itemtype=\"https:\/\/schema.org\/ImageObject\"  ><div class='avia-image-container-inner'><div class='avia-image-overlay-wrap'><img decoding=\"async\" class='wp-image-33836 avia-img-lazy-loading-not-33836 avia_image' src=\"https:\/\/radiorevelacionfm.cl\/wp-content\/uploads\/2023\/08\/image-147-2_optimized.jpg\" alt='' title='image-147-2_optimized' height=\"600\" width=\"941\"  itemprop=\"thumbnailUrl\" srcset=\"https:\/\/radiorevelacionfm.cl\/wp-content\/uploads\/2023\/08\/image-147-2_optimized.jpg 941w, https:\/\/radiorevelacionfm.cl\/wp-content\/uploads\/2023\/08\/image-147-2_optimized-300x191.jpg 300w, https:\/\/radiorevelacionfm.cl\/wp-content\/uploads\/2023\/08\/image-147-2_optimized-768x490.jpg 768w, https:\/\/radiorevelacionfm.cl\/wp-content\/uploads\/2023\/08\/image-147-2_optimized-705x450.jpg 705w, https:\/\/radiorevelacionfm.cl\/wp-content\/uploads\/2023\/08\/image-147-2_optimized-450x287.jpg 450w, https:\/\/radiorevelacionfm.cl\/wp-content\/uploads\/2023\/08\/image-147-2_optimized-600x383.jpg 600w\" sizes=\"(max-width: 941px) 100vw, 941px\" \/><\/div><\/div><\/div><\/div>\n<div class=\"flex_column av_one_full  flex_column_div av-zero-column-padding first  avia-builder-el-2  el_after_av_one_full  el_before_av_one_full  column-top-margin\" style='border-radius:0px; '><section class=\"av_textblock_section \"  itemscope=\"itemscope\" itemtype=\"https:\/\/schema.org\/BlogPosting\" itemprop=\"blogPost\" ><div class='avia_textblock  '   itemprop=\"text\" ><p style=\"text-align: center;\"><strong><span style=\"font-size: 18pt;\">Edelaysen lidera competencia de Eficiencia Energ\u00e9tica para 4 establecimientos de la zona<\/span><\/strong><\/p>\n<div id=\"gtx-trans\" style=\"position: absolute; left: -50px; top: 4.31534px;\">\n<div class=\"gtx-trans-icon\"><\/div>\n<\/div>\n<\/div><\/section><\/div>\n<div class=\"flex_column av_one_full  flex_column_div av-zero-column-padding first  avia-builder-el-4  el_after_av_one_full  el_before_av_hr  column-top-margin\" style='border-radius:0px; '><section class=\"av_textblock_section \"  itemscope=\"itemscope\" itemtype=\"https:\/\/schema.org\/BlogPosting\" itemprop=\"blogPost\" ><div class='avia_textblock  '   itemprop=\"text\" ><p style=\"text-align: justify;\">Desde la Escuela Nieves del Sur de la comuna de Coyhaique se dio el inicio a la competencia de Eficiencia Energ\u00e9tica que impulsa Edelaysen junto a Grupo Saesa, que busca crear conciencia en el uso eficiente de la energ\u00eda y contribuir al desarrollo sustentable de las escuelas a partir de la competencia, la que finalizar\u00e1 el pr\u00f3ximo 30 de septiembre de 2023.<\/p>\n<p style=\"text-align: justify;\">De acuerdo con ello, los establecimientos participantes en esta competencia son: la Escuela Rural Las Escalas de Futaleuf\u00fa, Escuela Rural Tulio Burgos Rivera de Mall\u00edn Grande, Jard\u00edn Infantil Hielito Azul de Villa O\u2019Higgins y la Escuela Nieves del Sur de Coyhaique.<\/p>\n<p style=\"text-align: justify;\">Patricio Raimilla, jefe de Servicio al Cliente destac\u00f3 que: \u201cEn Edelaysen estamos comprometidos con el desarrollo sostenible de nuestra regi\u00f3n y la protecci\u00f3n del entorno en el que vivimos. Esta competencia de eficiencia energ\u00e9tica es un paso importante para involucrar activamente a la comunidad escolar en la reducci\u00f3n del consumo el\u00e9ctrico y la promoci\u00f3n de pr\u00e1cticas responsables de uso de energ\u00eda. Creemos que a trav\u00e9s del trabajo conjunto, podremos lograr un impacto positivo en el cuidado del planeta\u201d.<\/p>\n<p style=\"text-align: justify;\">La competencia consistir\u00e1 en un desaf\u00edo que medir\u00e1 los logros alcanzados por cada colegio participante en la reducci\u00f3n de su consumo el\u00e9ctrico durante un periodo determinado. Los colegios deber\u00e1n implementar medidas de eficiencia energ\u00e9tica en sus instalaciones, promover campa\u00f1as de concientizaci\u00f3n y desarrollar estrategias creativas para fomentar la participaci\u00f3n de todos los miembros de la comunidad educativa.<\/p>\n<p style=\"text-align: justify;\">Fabi\u00e1n Mu\u00f1oz, director de uno de los establecimientos en competencia mencion\u00f3 que: \u201cPara la Escuela Nieves del Sur es un honor participar en la competencia de eficiencia energ\u00e9tica que se est\u00e1 realizando entre cuatro establecimientos, una sana competencia que finalmente tiene que ver con el incentivar el ahorro, el consumo de energ\u00eda en pos de la sustentabilidad medioambiental lo que se enmarca en la l\u00ednea de trabajo de nuestra Escuela Nieves del Sur, agradecemos a Edelaysen por habernos considerado dentro de este concurso en el entendido que tambi\u00e9n nos viene apoyando hace ya un tiempo\u201d.<\/p>\n<p style=\"text-align: justify;\">Junto con los beneficios ambientales y econ\u00f3micos asociados al ahorro de energ\u00eda, Edelaysen entregar\u00e1 como premio, soluciones de eficiencia energ\u00e9tica para el establecimiento ganador por su compromiso y liderazgo en la implementaci\u00f3n de estas buenas pr\u00e1cticas en el cuidado del medio ambiente.<\/p>\n<\/div><\/section><\/div><div  style='height:50px' class='hr hr-invisible   avia-builder-el-6  el_after_av_one_full  el_before_av_social_share '><span class='hr-inner ' ><span class='hr-inner-style'><\/span><\/span><\/div><\/p>\n<div  class='av-social-sharing-box  avia-builder-el-7  el_after_av_hr  el_before_av_hr  '><div class='av-share-box'><h5 class='av-share-link-description av-no-toc '>Compartir esta noticia<\/h5><ul class='av-share-box-list noLightbox'><li class='av-share-link av-social-link-facebook' ><a target=\"_blank\" aria-label=\"Compartir en Facebook\" href='https:\/\/www.facebook.com\/sharer.php?u=https:\/\/radiorevelacionfm.cl\/?p=33835&#038;t=Edelaysen%20lidera%20competencia%20de%20Eficiencia%20Energ%C3%A9tica%20para%204%20establecimientos%20de%20la%20zona' aria-hidden='false' data-av_icon='\ue8f3' data-av_iconfont='entypo-fontello' title='' data-avia-related-tooltip='Compartir en Facebook' rel=\"noopener\"><span class='avia_hidden_link_text'>Compartir en Facebook<\/span><\/a><\/li><li class='av-share-link av-social-link-twitter' ><a target=\"_blank\" aria-label=\"Compartir en Twitter\" href='https:\/\/twitter.com\/share?text=Edelaysen%20lidera%20competencia%20de%20Eficiencia%20Energ%C3%A9tica%20para%204%20establecimientos%20de%20la%20zona&#038;url=https:\/\/radiorevelacionfm.cl\/?p=33835' aria-hidden='false' data-av_icon='\ue8f1' data-av_iconfont='entypo-fontello' title='' data-avia-related-tooltip='Compartir en Twitter' rel=\"noopener\"><span class='avia_hidden_link_text'>Compartir en Twitter<\/span><\/a><\/li><li class='av-share-link av-social-link-whatsapp' ><a target=\"_blank\" aria-label=\"Compartir en Whatsapp\" href='https:\/\/api.whatsapp.com\/send?text=https:\/\/radiorevelacionfm.cl\/?p=33835' aria-hidden='false' data-av_icon='\uf232' data-av_iconfont='entypo-fontello' title='' data-avia-related-tooltip='Compartir en Whatsapp' rel=\"noopener\"><span class='avia_hidden_link_text'>Compartir en Whatsapp<\/span><\/a><\/li><li class='av-share-link av-social-link-linkedin' ><a target=\"_blank\" aria-label=\"Compartir en LinkedIn\" href='https:\/\/linkedin.com\/shareArticle?mini=true&#038;title=Edelaysen%20lidera%20competencia%20de%20Eficiencia%20Energ%C3%A9tica%20para%204%20establecimientos%20de%20la%20zona&#038;url=https:\/\/radiorevelacionfm.cl\/?p=33835' aria-hidden='false' data-av_icon='\ue8fc' data-av_iconfont='entypo-fontello' title='' data-avia-related-tooltip='Compartir en LinkedIn' rel=\"noopener\"><span class='avia_hidden_link_text'>Compartir en LinkedIn<\/span><\/a><\/li><li class='av-share-link av-social-link-mail' ><a  aria-label=\"Compartir por correo\" href='mailto:?subject=Edelaysen%20lidera%20competencia%20de%20Eficiencia%20Energ%C3%A9tica%20para%204%20establecimientos%20de%20la%20zona&#038;body=https:\/\/radiorevelacionfm.cl\/?p=33835' aria-hidden='false' data-av_icon='\ue805' data-av_iconfont='entypo-fontello' title='' data-avia-related-tooltip='Compartir por correo'><span class='avia_hidden_link_text'>Compartir por correo<\/span><\/a><\/li><\/ul><\/div><\/div>\n<div  style='height:50px' class='hr hr-invisible   avia-builder-el-8  el_after_av_social_share  el_before_av_comments_list '><span class='hr-inner ' ><span class='hr-inner-style'><\/span><\/span><\/div>\n<div  class='av-buildercomment  av-blog-meta-html-info-disabled av-blog-meta-tag-disabled  '><\/div>\n","protected":false},"excerpt":{"rendered":"","protected":false},"author":1,"featured_media":33836,"comment_status":"open","ping_status":"open","sticky":false,"template":"","format":"standard","meta":{"footnotes":""},"categories":[38],"tags":[],"class_list":["post-33835","post","type-post","status-publish","format-standard","has-post-thumbnail","hentry","category-regional"],"jetpack_featured_media_url":"https:\/\/radiorevelacionfm.cl\/wp-content\/uploads\/2023\/08\/image-147-2_optimized.jpg","_links":{"self":[{"href":"https:\/\/radiorevelacionfm.cl\/index.php?rest_route=\/wp\/v2\/posts\/33835","targetHints":{"allow":["GET"]}}],"collection":[{"href":"https:\/\/radiorevelacionfm.cl\/index.php?rest_route=\/wp\/v2\/posts"}],"about":[{"href":"https:\/\/radiorevelacionfm.cl\/index.php?rest_route=\/wp\/v2\/types\/post"}],"author":[{"embeddable":true,"href":"https:\/\/radiorevelacionfm.cl\/index.php?rest_route=\/wp\/v2\/users\/1"}],"replies":[{"embeddable":true,"href":"https:\/\/radiorevelacionfm.cl\/index.php?rest_route=%2Fwp%2Fv2%2Fcomments&post=33835"}],"version-history":[{"count":2,"href":"https:\/\/radiorevelacionfm.cl\/index.php?rest_route=\/wp\/v2\/posts\/33835\/revisions"}],"predecessor-version":[{"id":33890,"href":"https:\/\/radiorevelacionfm.cl\/index.php?rest_route=\/wp\/v2\/posts\/33835\/revisions\/33890"}],"wp:featuredmedia":[{"embeddable":true,"href":"https:\/\/radiorevelacionfm.cl\/index.php?rest_route=\/wp\/v2\/media\/33836"}],"wp:attachment":[{"href":"https:\/\/radiorevelacionfm.cl\/index.php?rest_route=%2Fwp%2Fv2%2Fmedia&parent=33835"}],"wp:term":[{"taxonomy":"category","embeddable":true,"href":"https:\/\/radiorevelacionfm.cl\/index.php?rest_route=%2Fwp%2Fv2%2Fcategories&post=33835"},{"taxonomy":"post_tag","embeddable":true,"href":"https:\/\/radiorevelacionfm.cl\/index.php?rest_route=%2Fwp%2Fv2%2Ftags&post=33835"}],"curies":[{"name":"wp","href":"https:\/\/api.w.org\/{rel}","templated":true}]}}