{"id":33832,"date":"2023-08-11T12:33:43","date_gmt":"2023-08-11T15:33:43","guid":{"rendered":"https:\/\/radiorevelacionfm.cl\/?p=33832"},"modified":"2023-08-11T12:33:43","modified_gmt":"2023-08-11T15:33:43","slug":"loteos-en-aysen-gobierno-regional-encabeza-dialogo-sobre-propuestas-para-un-nuevo-marco-regulatorio","status":"publish","type":"post","link":"https:\/\/radiorevelacionfm.cl\/?p=33832","title":{"rendered":"Loteos en Ays\u00e9n: Gobierno Regional encabeza di\u00e1logo sobre propuestas para un nuevo marco regulatorio"},"content":{"rendered":"<div class=\"flex_column av_one_full  flex_column_div av-zero-column-padding first  avia-builder-el-0  el_before_av_one_full  avia-builder-el-first  \" style='border-radius:0px; '><div  class='avia-image-container  av-styling-    avia-builder-el-1  avia-builder-el-no-sibling  avia-align-center '  itemprop=\"image\" itemscope=\"itemscope\" itemtype=\"https:\/\/schema.org\/ImageObject\"  ><div class='avia-image-container-inner'><div class='avia-image-overlay-wrap'><img decoding=\"async\" class='wp-image-33833 avia-img-lazy-loading-not-33833 avia_image' src=\"https:\/\/radiorevelacionfm.cl\/wp-content\/uploads\/2023\/08\/diAlogo-2-2-2_optimized.jpeg\" alt='' title='di\u00c1logo-2-2-2_optimized' height=\"600\" width=\"1069\"  itemprop=\"thumbnailUrl\" srcset=\"https:\/\/radiorevelacionfm.cl\/wp-content\/uploads\/2023\/08\/diAlogo-2-2-2_optimized.jpeg 1069w, https:\/\/radiorevelacionfm.cl\/wp-content\/uploads\/2023\/08\/diAlogo-2-2-2_optimized-300x168.jpeg 300w, https:\/\/radiorevelacionfm.cl\/wp-content\/uploads\/2023\/08\/diAlogo-2-2-2_optimized-1030x578.jpeg 1030w, https:\/\/radiorevelacionfm.cl\/wp-content\/uploads\/2023\/08\/diAlogo-2-2-2_optimized-768x431.jpeg 768w, https:\/\/radiorevelacionfm.cl\/wp-content\/uploads\/2023\/08\/diAlogo-2-2-2_optimized-705x396.jpeg 705w, https:\/\/radiorevelacionfm.cl\/wp-content\/uploads\/2023\/08\/diAlogo-2-2-2_optimized-450x253.jpeg 450w, https:\/\/radiorevelacionfm.cl\/wp-content\/uploads\/2023\/08\/diAlogo-2-2-2_optimized-600x337.jpeg 600w\" sizes=\"(max-width: 1069px) 100vw, 1069px\" \/><\/div><\/div><\/div><\/div><div class=\"flex_column av_one_full  flex_column_div av-zero-column-padding first  avia-builder-el-2  el_after_av_one_full  el_before_av_one_full  column-top-margin\" style='border-radius:0px; '><section class=\"av_textblock_section \"  itemscope=\"itemscope\" itemtype=\"https:\/\/schema.org\/BlogPosting\" itemprop=\"blogPost\" ><div class='avia_textblock  '   itemprop=\"text\" ><p style=\"text-align: center;\"><strong><span style=\"font-size: 18pt;\">Loteos en Ays\u00e9n: Gobierno Regional encabeza di\u00e1logo sobre propuestas para un nuevo marco regulatorio<\/span><\/strong><\/p>\n<div id=\"gtx-trans\" style=\"position: absolute; left: -50px; top: 4.31534px;\">\n<div class=\"gtx-trans-icon\"><\/div>\n<\/div>\n<\/div><\/section><\/div><div class=\"flex_column av_one_full  flex_column_div av-zero-column-padding first  avia-builder-el-4  el_after_av_one_full  el_before_av_hr  column-top-margin\" style='border-radius:0px; '><section class=\"av_textblock_section \"  itemscope=\"itemscope\" itemtype=\"https:\/\/schema.org\/BlogPosting\" itemprop=\"blogPost\" ><div class='avia_textblock  '   itemprop=\"text\" ><p dir=\"ltr\" style=\"text-align: justify;\">Con la presencia de importantes actores locales del mundo privado, p\u00fablico, academia y organizaciones sociales, la Gobernadora Regional de Ays\u00e9n, Andrea Mac\u00edas Palma, dio inicio al di\u00e1logo regional \u00abHabitar de forma sostenible el territorio rural\u00bb que, junto con el apoyo de la Comisi\u00f3n Interministerial de Ciudad, Vivienda y territorio (COMICIVYT), busca recoger diversas miradas y propuestas locales sobre la proliferaci\u00f3n de loteos en todo el pa\u00eds.<\/p>\n<p dir=\"ltr\" style=\"text-align: justify;\">La instancia tambi\u00e9n tiene por objetivo analizar la necesidad de establecer un nuevo marco regulatorio que fortalezca la planificaci\u00f3n territorial y aborde problem\u00e1ticas agr\u00edcolas, alimentarias, medioambientales, legales, entre otras.<\/p>\n<p dir=\"ltr\" style=\"text-align: justify;\">\u00abEstuvimos abordando la situaci\u00f3n que ocurre en el caso espec\u00edfico de la Regi\u00f3n de Ays\u00e9n, con algunos problemas que tenemos hoy como son los loteos irregulares, pero tambi\u00e9n los \u00abmega loteos\u00bb, que son iniciativas que ponen en riesgo la sustentabilidad del uso del territorio. Creemos que es muy importante, frente al proceso de crisis clim\u00e1tica que estamos viviendo, y cuyos efectos van a ir en aumento, poder hacer el resguardo del territorio, sobre todo poniendo en el tapete materias tan relevantes como es el tema alimentario\u00bb, sostuvo la Gobernadora Andrea Mac\u00edas Palma.<\/p>\n<p dir=\"ltr\" style=\"text-align: justify;\">El di\u00e1logo, adem\u00e1s, cont\u00f3 con el apoyo de las Secretar\u00edas Regionales Ministeriales de Vivienda y Urbanismo, Agricultura y Bienes Nacionales, cuyas autoridades, profundizaron sobre la realidad territorial de la regi\u00f3n.<\/p>\n<p dir=\"ltr\" style=\"text-align: justify;\">\u00abPara nosotros, como Ministerio de Agricultura, es absolutamente relevante este di\u00e1logo porque nos permite, en conjunto con la sociedad civil y con los distintos actores, ponernos de acuerdo en materias que son tan relevantes que tienen que ver con c\u00f3mo pensamos y dise\u00f1amos un territorio (&#8230;) es un di\u00e1logo que tiene la finalidad de dilucidar cu\u00e1les son las necesidades de nuestro territorio, nuestra regi\u00f3n, para la nueva legislaci\u00f3n que se necesita para organizar justamente el desarrollo a nivel de todo nuestro territorio urbano, periurbano y rural en las 10 comunas\u00bb, se\u00f1al\u00f3 el Seremi de Agricultura, Alan Espinoza.<\/p>\n<p dir=\"ltr\" style=\"text-align: justify;\">Por su parte, la Seremi de Vivienda, Paulina Ruz, precis\u00f3 que para el Gobierno \u00abes importante saber las opiniones, no solamente del sector p\u00fablico, sino tambi\u00e9n del sector privado, y as\u00ed poder elaborar ciertos insumos necesarios para entregarlos a nivel central para tener un prospecto de proyecto de ley, que sea presentado para poder regular de mejor manera, entendiendo que la regulaci\u00f3n actual es insuficiente. El Estado no tiene las suficientes herramientas para poder regular y fiscalizar\u00bb.<\/p>\n<p dir=\"ltr\" style=\"text-align: justify;\">La actividad parti\u00f3 con la exposici\u00f3n de la Coordinadora de la Secretar\u00eda Ejecutiva de la Comisi\u00f3n Interministerial de Ciudad, Vivienda y Territorio, Ver\u00f3nica Mart\u00ednez Di Nicolantonio, quien explic\u00f3 que estos di\u00e1logos se est\u00e1n realizando en distintas regiones de Chile con el objetivo de promover la conversaci\u00f3n y conocer las distintas posiciones de actores claves frente a los problemas originados por el aumento de parcelaciones en Chile.<\/p>\n<p dir=\"ltr\" style=\"text-align: justify;\">Luego, se abri\u00f3 el debate a un panel de conversaci\u00f3n integrado por Trace Gale, del Centro de Investigaci\u00f3n de Ecosistemas de la Patagonia (CIEP); Pablo Carrasco, representante de la C\u00e1mara Chilena de la Construcci\u00f3n de la regi\u00f3n; Fernando Miranda, miembro del Colegio de Arquitectos de Ays\u00e9n; y Erwin Sandoval de la Corporaci\u00f3n Privada para el desarrollo de Ays\u00e9n, CODESA.<\/p>\n<p dir=\"ltr\" style=\"text-align: justify;\">Esta es la tercera instancia regional en realizarse dentro de una serie de otros di\u00e1logos que se replicar\u00e1n durante este mes en todo el pa\u00eds. El pr\u00f3ximo ser\u00e1 en Los R\u00edos, y todo el proceso finalizar\u00e1 con un seminario en Santiago el 25 de agosto, en el cual se expondr\u00e1n las perspectivas regionales y de otros grupos de trabajo de desarrolladores inmobiliarios, empresas de servicios, asociaciones municipales, organizaciones medioambientales y academia.<\/p>\n<p dir=\"ltr\" style=\"text-align: justify;\">El di\u00e1logo \u00abHabitar de forma sostenible el territorio rural Ays\u00e9n\u00bb fue transmitido en vivo a trav\u00e9s de las plataformas digitales del Gobierno Regional de Ays\u00e9n. Para todos y todas las interesadas en volver a ver la actividad, lo pueden hacer en el siguiente link: <a href=\"https:\/\/www.youtube.com\/live\/GXLkS70DZzo?feature=share\" target=\"_blank\" rel=\"noopener noreferrer\">https:\/\/www.youtube.com\/live\/GXLkS70DZzo?feature=share<\/a>.<\/p>\n<\/div><\/section><\/div><div  style='height:50px' class='hr hr-invisible   avia-builder-el-6  el_after_av_one_full  el_before_av_social_share '><span class='hr-inner ' ><span class='hr-inner-style'><\/span><\/span><\/div><\/p>\n<div  class='av-social-sharing-box  avia-builder-el-7  el_after_av_hr  el_before_av_hr  '><div class='av-share-box'><h5 class='av-share-link-description av-no-toc '>Compartir esta noticia<\/h5><ul class='av-share-box-list noLightbox'><li class='av-share-link av-social-link-facebook' ><a target=\"_blank\" aria-label=\"Compartir en Facebook\" href='https:\/\/www.facebook.com\/sharer.php?u=https:\/\/radiorevelacionfm.cl\/?p=33832&#038;t=Loteos%20en%20Ays%C3%A9n%3A%20Gobierno%20Regional%20encabeza%20di%C3%A1logo%20sobre%20propuestas%20para%20un%20nuevo%20marco%20regulatorio' aria-hidden='false' data-av_icon='\ue8f3' data-av_iconfont='entypo-fontello' title='' data-avia-related-tooltip='Compartir en Facebook' rel=\"noopener\"><span class='avia_hidden_link_text'>Compartir en Facebook<\/span><\/a><\/li><li class='av-share-link av-social-link-twitter' ><a target=\"_blank\" aria-label=\"Compartir en Twitter\" href='https:\/\/twitter.com\/share?text=Loteos%20en%20Ays%C3%A9n%3A%20Gobierno%20Regional%20encabeza%20di%C3%A1logo%20sobre%20propuestas%20para%20un%20nuevo%20marco%20regulatorio&#038;url=https:\/\/radiorevelacionfm.cl\/?p=33832' aria-hidden='false' data-av_icon='\ue8f1' data-av_iconfont='entypo-fontello' title='' data-avia-related-tooltip='Compartir en Twitter' rel=\"noopener\"><span class='avia_hidden_link_text'>Compartir en Twitter<\/span><\/a><\/li><li class='av-share-link av-social-link-whatsapp' ><a target=\"_blank\" aria-label=\"Compartir en Whatsapp\" href='https:\/\/api.whatsapp.com\/send?text=https:\/\/radiorevelacionfm.cl\/?p=33832' aria-hidden='false' data-av_icon='\uf232' data-av_iconfont='entypo-fontello' title='' data-avia-related-tooltip='Compartir en Whatsapp' rel=\"noopener\"><span class='avia_hidden_link_text'>Compartir en Whatsapp<\/span><\/a><\/li><li class='av-share-link av-social-link-linkedin' ><a target=\"_blank\" aria-label=\"Compartir en LinkedIn\" href='https:\/\/linkedin.com\/shareArticle?mini=true&#038;title=Loteos%20en%20Ays%C3%A9n%3A%20Gobierno%20Regional%20encabeza%20di%C3%A1logo%20sobre%20propuestas%20para%20un%20nuevo%20marco%20regulatorio&#038;url=https:\/\/radiorevelacionfm.cl\/?p=33832' aria-hidden='false' data-av_icon='\ue8fc' data-av_iconfont='entypo-fontello' title='' data-avia-related-tooltip='Compartir en LinkedIn' rel=\"noopener\"><span class='avia_hidden_link_text'>Compartir en LinkedIn<\/span><\/a><\/li><li class='av-share-link av-social-link-mail' ><a  aria-label=\"Compartir por correo\" href='mailto:?subject=Loteos%20en%20Ays%C3%A9n%3A%20Gobierno%20Regional%20encabeza%20di%C3%A1logo%20sobre%20propuestas%20para%20un%20nuevo%20marco%20regulatorio&#038;body=https:\/\/radiorevelacionfm.cl\/?p=33832' aria-hidden='false' data-av_icon='\ue805' data-av_iconfont='entypo-fontello' title='' data-avia-related-tooltip='Compartir por correo'><span class='avia_hidden_link_text'>Compartir por correo<\/span><\/a><\/li><\/ul><\/div><\/div>\n<div  style='height:50px' class='hr hr-invisible   avia-builder-el-8  el_after_av_social_share  el_before_av_comments_list '><span class='hr-inner ' ><span class='hr-inner-style'><\/span><\/span><\/div>\n<div  class='av-buildercomment  av-blog-meta-html-info-disabled av-blog-meta-tag-disabled  '><\/div>\n","protected":false},"excerpt":{"rendered":"","protected":false},"author":1,"featured_media":33833,"comment_status":"open","ping_status":"open","sticky":false,"template":"","format":"standard","meta":{"footnotes":""},"categories":[38],"tags":[],"class_list":["post-33832","post","type-post","status-publish","format-standard","has-post-thumbnail","hentry","category-regional"],"jetpack_featured_media_url":"https:\/\/radiorevelacionfm.cl\/wp-content\/uploads\/2023\/08\/diAlogo-2-2-2_optimized.jpeg","_links":{"self":[{"href":"https:\/\/radiorevelacionfm.cl\/index.php?rest_route=\/wp\/v2\/posts\/33832","targetHints":{"allow":["GET"]}}],"collection":[{"href":"https:\/\/radiorevelacionfm.cl\/index.php?rest_route=\/wp\/v2\/posts"}],"about":[{"href":"https:\/\/radiorevelacionfm.cl\/index.php?rest_route=\/wp\/v2\/types\/post"}],"author":[{"embeddable":true,"href":"https:\/\/radiorevelacionfm.cl\/index.php?rest_route=\/wp\/v2\/users\/1"}],"replies":[{"embeddable":true,"href":"https:\/\/radiorevelacionfm.cl\/index.php?rest_route=%2Fwp%2Fv2%2Fcomments&post=33832"}],"version-history":[{"count":1,"href":"https:\/\/radiorevelacionfm.cl\/index.php?rest_route=\/wp\/v2\/posts\/33832\/revisions"}],"predecessor-version":[{"id":33834,"href":"https:\/\/radiorevelacionfm.cl\/index.php?rest_route=\/wp\/v2\/posts\/33832\/revisions\/33834"}],"wp:featuredmedia":[{"embeddable":true,"href":"https:\/\/radiorevelacionfm.cl\/index.php?rest_route=\/wp\/v2\/media\/33833"}],"wp:attachment":[{"href":"https:\/\/radiorevelacionfm.cl\/index.php?rest_route=%2Fwp%2Fv2%2Fmedia&parent=33832"}],"wp:term":[{"taxonomy":"category","embeddable":true,"href":"https:\/\/radiorevelacionfm.cl\/index.php?rest_route=%2Fwp%2Fv2%2Fcategories&post=33832"},{"taxonomy":"post_tag","embeddable":true,"href":"https:\/\/radiorevelacionfm.cl\/index.php?rest_route=%2Fwp%2Fv2%2Ftags&post=33832"}],"curies":[{"name":"wp","href":"https:\/\/api.w.org\/{rel}","templated":true}]}}