{"id":33819,"date":"2023-08-11T10:59:57","date_gmt":"2023-08-11T13:59:57","guid":{"rendered":"https:\/\/radiorevelacionfm.cl\/?p=33819"},"modified":"2023-08-11T10:59:57","modified_gmt":"2023-08-11T13:59:57","slug":"mipymes-de-villa-manihuales-se-capacitaron-para-optimizar-el-consumo-energetico-en-sus-procesos-productivos","status":"publish","type":"post","link":"https:\/\/radiorevelacionfm.cl\/?p=33819","title":{"rendered":"MiPyMEs de Villa Ma\u00f1ihuales se capacitaron para optimizar el consumo energ\u00e9tico en sus procesos productivos"},"content":{"rendered":"<div class=\"flex_column av_one_full  flex_column_div av-zero-column-padding first  avia-builder-el-0  el_before_av_one_full  avia-builder-el-first  \" style='border-radius:0px; '><div  class='avia-image-container  av-styling-    avia-builder-el-1  avia-builder-el-no-sibling  avia-align-center '  itemprop=\"image\" itemscope=\"itemscope\" itemtype=\"https:\/\/schema.org\/ImageObject\"  ><div class='avia-image-container-inner'><div class='avia-image-overlay-wrap'><img decoding=\"async\" class='wp-image-33820 avia-img-lazy-loading-not-33820 avia_image' src=\"https:\/\/radiorevelacionfm.cl\/wp-content\/uploads\/2023\/08\/foto2_optimized.jpeg\" alt='' title='foto2_optimized' height=\"648\" width=\"1152\"  itemprop=\"thumbnailUrl\" srcset=\"https:\/\/radiorevelacionfm.cl\/wp-content\/uploads\/2023\/08\/foto2_optimized.jpeg 1152w, https:\/\/radiorevelacionfm.cl\/wp-content\/uploads\/2023\/08\/foto2_optimized-300x169.jpeg 300w, https:\/\/radiorevelacionfm.cl\/wp-content\/uploads\/2023\/08\/foto2_optimized-1030x579.jpeg 1030w, https:\/\/radiorevelacionfm.cl\/wp-content\/uploads\/2023\/08\/foto2_optimized-768x432.jpeg 768w, https:\/\/radiorevelacionfm.cl\/wp-content\/uploads\/2023\/08\/foto2_optimized-705x397.jpeg 705w, https:\/\/radiorevelacionfm.cl\/wp-content\/uploads\/2023\/08\/foto2_optimized-450x253.jpeg 450w, https:\/\/radiorevelacionfm.cl\/wp-content\/uploads\/2023\/08\/foto2_optimized-600x338.jpeg 600w\" sizes=\"(max-width: 1152px) 100vw, 1152px\" \/><\/div><\/div><\/div><\/div><div class=\"flex_column av_one_full  flex_column_div av-zero-column-padding first  avia-builder-el-2  el_after_av_one_full  el_before_av_one_full  column-top-margin\" style='border-radius:0px; '><section class=\"av_textblock_section \"  itemscope=\"itemscope\" itemtype=\"https:\/\/schema.org\/BlogPosting\" itemprop=\"blogPost\" ><div class='avia_textblock  '   itemprop=\"text\" ><p style=\"text-align: center;\"><strong><span style=\"font-size: 18pt;\">MiPyMEs de Villa Ma\u00f1ihuales se capacitaron para optimizar el consumo energ\u00e9tico en sus procesos productivos<\/span><\/strong><\/p>\n<div id=\"gtx-trans\" style=\"position: absolute; left: -50px; top: 4.31534px;\">\n<div class=\"gtx-trans-icon\"><\/div>\n<\/div>\n<\/div><\/section><\/div><div class=\"flex_column av_one_full  flex_column_div av-zero-column-padding first  avia-builder-el-4  el_after_av_one_full  el_before_av_hr  column-top-margin\" style='border-radius:0px; '><section class=\"av_textblock_section \"  itemscope=\"itemscope\" itemtype=\"https:\/\/schema.org\/BlogPosting\" itemprop=\"blogPost\" ><div class='avia_textblock  '   itemprop=\"text\" ><p style=\"text-align: justify;\">La iniciativa impulsada por el Ministerio de Energ\u00eda en conjunto con la Agencia de Sostenibilidad Energ\u00e9tica, forma parte del programa \u201cGestiona Energ\u00eda MiPyMEs\u201d, que apunta a promover en las micro, peque\u00f1as y medianas empresas, el uso eficiente de las fuentes energ\u00e9ticas, reducir sus costos de producci\u00f3n y hacerlas m\u00e1s competitivas a trav\u00e9s de la implementaci\u00f3n de proyectos de eficiencia energ\u00e9tica y energ\u00edas renovables.<\/p>\n<p style=\"text-align: justify;\">Al respecto el Seremi de Energ\u00eda, Carlos D\u00edaz, se\u00f1al\u00f3 que \u201clas MiPyMEs son el motor de nuestra econom\u00eda, por eso buscamos apoyarlas para que mejoren su productividad mediante la reducci\u00f3n de sus consumos energ\u00e9ticos. En esta ocasi\u00f3n, realizamos la primera parte de esta asesor\u00eda t\u00e9cnica que busca entregarles herramientas para que puedan realizar una buena gesti\u00f3n energ\u00e9tica, a trav\u00e9s de la transici\u00f3n hacia energ\u00edas m\u00e1s limpias y eficientes. Adem\u00e1s, conversamos sobre el trabajo que estamos desarrollando en materia de generaci\u00f3n comunitaria, con el impulso de proyectos de energ\u00eda de propiedad conjunta con foco en el desarrollo econ\u00f3mico local sustentable\u201d.<\/p>\n<p style=\"text-align: justify;\">La jornada de capacitaci\u00f3n cont\u00f3 con la participaci\u00f3n de 8 productores y productoras de Villa Ma\u00f1ihuales, quienes adquirieron conocimientos sobre eficiencia energ\u00e9tica, monitoreo de cuentas y selecci\u00f3n tarifar\u00eda, diferenciaci\u00f3n de potencia o consumo, mercados energ\u00e9ticos, plataforma Gestiona Energ\u00eda y energ\u00edas renovables. Adem\u00e1s, se les capacit\u00f3 para efectuar un autodiagn\u00f3stico energ\u00e9tico usando la calculadora de potencial de eficiencia energ\u00e9tica gratuita disponible en el sitio <a href=\"https:\/\/mipymes.gestionaenergia.cl\/\">https:\/\/mipymes.gestionaenergia.cl\/<\/a> .<\/p>\n<p style=\"text-align: justify;\">Cabe se\u00f1alar, que la capacitaci\u00f3n forma parte de un taller que vincular\u00e1 a estas empresas con el Ministerio de Energ\u00eda los pr\u00f3ximos 12 meses, para avanzar en la promoci\u00f3n de una cultura asociativa y de reducci\u00f3n de consumos energ\u00e9ticos y alta productividad.<\/p>\n<p style=\"text-align: justify;\">La emprendedora Zoila Garay de productos La Baguala se\u00f1al\u00f3 que \u201cprimero que todo el taller me pareci\u00f3 bastante interesante, es informaci\u00f3n que uno no maneja y se pierde la oportunidad de hacer un uso eficiente de la energ\u00eda, y a lo mejor postular a mejoras con el apoyo que entregan los distintos organismos del Estado. Entonces fue de gran ayuda, me voy bastante entusiasmada por hacer una tarea que nos dieron que nos permitir\u00e1 analizar c\u00f3mo estamos trabajando y que cosas podemos mejorar a futuro\u201d.<\/p>\n<p style=\"text-align: justify;\">Por su parte el emprendedor Fernando Rodas destac\u00f3 que \u201cnosotros tenemos una microempresa familiar donde atendemos a turistas, nuestro fuerte es en el verano y en el invierno baja nuestra demanda, entonces queremos analizar esos par\u00e1metros y ver c\u00f3mo podemos canalizar mejor nuestros consumos energ\u00e9ticos a diario, porque el resultado lo vemos a fin de mes cuando nos llega la boleta con el cobro y ah\u00ed sentimos que deber\u00edamos haber hecho m\u00e1s, tal como se plant\u00f3 hoy donde nos entregaron herramientas muy buenas\u201d.<\/p>\n<\/div><\/section><\/div><div  style='height:50px' class='hr hr-invisible   avia-builder-el-6  el_after_av_one_full  el_before_av_social_share '><span class='hr-inner ' ><span class='hr-inner-style'><\/span><\/span><\/div><\/p>\n<div  class='av-social-sharing-box  avia-builder-el-7  el_after_av_hr  el_before_av_hr  '><div class='av-share-box'><h5 class='av-share-link-description av-no-toc '>Compartir esta noticia<\/h5><ul class='av-share-box-list noLightbox'><li class='av-share-link av-social-link-facebook' ><a target=\"_blank\" aria-label=\"Compartir en Facebook\" href='https:\/\/www.facebook.com\/sharer.php?u=https:\/\/radiorevelacionfm.cl\/?p=33819&#038;t=MiPyMEs%20de%20Villa%20Ma%C3%B1ihuales%20se%20capacitaron%20para%20optimizar%20el%20consumo%20energ%C3%A9tico%20en%20sus%20procesos%20productivos' aria-hidden='false' data-av_icon='\ue8f3' data-av_iconfont='entypo-fontello' title='' data-avia-related-tooltip='Compartir en Facebook' rel=\"noopener\"><span class='avia_hidden_link_text'>Compartir en Facebook<\/span><\/a><\/li><li class='av-share-link av-social-link-twitter' ><a target=\"_blank\" aria-label=\"Compartir en Twitter\" href='https:\/\/twitter.com\/share?text=MiPyMEs%20de%20Villa%20Ma%C3%B1ihuales%20se%20capacitaron%20para%20optimizar%20el%20consumo%20energ%C3%A9tico%20en%20sus%20procesos%20productivos&#038;url=https:\/\/radiorevelacionfm.cl\/?p=33819' aria-hidden='false' data-av_icon='\ue8f1' data-av_iconfont='entypo-fontello' title='' data-avia-related-tooltip='Compartir en Twitter' rel=\"noopener\"><span class='avia_hidden_link_text'>Compartir en Twitter<\/span><\/a><\/li><li class='av-share-link av-social-link-whatsapp' ><a target=\"_blank\" aria-label=\"Compartir en Whatsapp\" href='https:\/\/api.whatsapp.com\/send?text=https:\/\/radiorevelacionfm.cl\/?p=33819' aria-hidden='false' data-av_icon='\uf232' data-av_iconfont='entypo-fontello' title='' data-avia-related-tooltip='Compartir en Whatsapp' rel=\"noopener\"><span class='avia_hidden_link_text'>Compartir en Whatsapp<\/span><\/a><\/li><li class='av-share-link av-social-link-linkedin' ><a target=\"_blank\" aria-label=\"Compartir en LinkedIn\" href='https:\/\/linkedin.com\/shareArticle?mini=true&#038;title=MiPyMEs%20de%20Villa%20Ma%C3%B1ihuales%20se%20capacitaron%20para%20optimizar%20el%20consumo%20energ%C3%A9tico%20en%20sus%20procesos%20productivos&#038;url=https:\/\/radiorevelacionfm.cl\/?p=33819' aria-hidden='false' data-av_icon='\ue8fc' data-av_iconfont='entypo-fontello' title='' data-avia-related-tooltip='Compartir en LinkedIn' rel=\"noopener\"><span class='avia_hidden_link_text'>Compartir en LinkedIn<\/span><\/a><\/li><li class='av-share-link av-social-link-mail' ><a  aria-label=\"Compartir por correo\" href='mailto:?subject=MiPyMEs%20de%20Villa%20Ma%C3%B1ihuales%20se%20capacitaron%20para%20optimizar%20el%20consumo%20energ%C3%A9tico%20en%20sus%20procesos%20productivos&#038;body=https:\/\/radiorevelacionfm.cl\/?p=33819' aria-hidden='false' data-av_icon='\ue805' data-av_iconfont='entypo-fontello' title='' data-avia-related-tooltip='Compartir por correo'><span class='avia_hidden_link_text'>Compartir por correo<\/span><\/a><\/li><\/ul><\/div><\/div>\n<div  style='height:50px' class='hr hr-invisible   avia-builder-el-8  el_after_av_social_share  el_before_av_comments_list '><span class='hr-inner ' ><span class='hr-inner-style'><\/span><\/span><\/div>\n<div  class='av-buildercomment  av-blog-meta-html-info-disabled av-blog-meta-tag-disabled  '><\/div>\n","protected":false},"excerpt":{"rendered":"","protected":false},"author":1,"featured_media":33820,"comment_status":"open","ping_status":"open","sticky":false,"template":"","format":"standard","meta":{"footnotes":""},"categories":[38],"tags":[],"class_list":["post-33819","post","type-post","status-publish","format-standard","has-post-thumbnail","hentry","category-regional"],"jetpack_featured_media_url":"https:\/\/radiorevelacionfm.cl\/wp-content\/uploads\/2023\/08\/foto2_optimized.jpeg","_links":{"self":[{"href":"https:\/\/radiorevelacionfm.cl\/index.php?rest_route=\/wp\/v2\/posts\/33819","targetHints":{"allow":["GET"]}}],"collection":[{"href":"https:\/\/radiorevelacionfm.cl\/index.php?rest_route=\/wp\/v2\/posts"}],"about":[{"href":"https:\/\/radiorevelacionfm.cl\/index.php?rest_route=\/wp\/v2\/types\/post"}],"author":[{"embeddable":true,"href":"https:\/\/radiorevelacionfm.cl\/index.php?rest_route=\/wp\/v2\/users\/1"}],"replies":[{"embeddable":true,"href":"https:\/\/radiorevelacionfm.cl\/index.php?rest_route=%2Fwp%2Fv2%2Fcomments&post=33819"}],"version-history":[{"count":1,"href":"https:\/\/radiorevelacionfm.cl\/index.php?rest_route=\/wp\/v2\/posts\/33819\/revisions"}],"predecessor-version":[{"id":33821,"href":"https:\/\/radiorevelacionfm.cl\/index.php?rest_route=\/wp\/v2\/posts\/33819\/revisions\/33821"}],"wp:featuredmedia":[{"embeddable":true,"href":"https:\/\/radiorevelacionfm.cl\/index.php?rest_route=\/wp\/v2\/media\/33820"}],"wp:attachment":[{"href":"https:\/\/radiorevelacionfm.cl\/index.php?rest_route=%2Fwp%2Fv2%2Fmedia&parent=33819"}],"wp:term":[{"taxonomy":"category","embeddable":true,"href":"https:\/\/radiorevelacionfm.cl\/index.php?rest_route=%2Fwp%2Fv2%2Fcategories&post=33819"},{"taxonomy":"post_tag","embeddable":true,"href":"https:\/\/radiorevelacionfm.cl\/index.php?rest_route=%2Fwp%2Fv2%2Ftags&post=33819"}],"curies":[{"name":"wp","href":"https:\/\/api.w.org\/{rel}","templated":true}]}}