{"id":33816,"date":"2023-08-10T16:55:46","date_gmt":"2023-08-10T19:55:46","guid":{"rendered":"https:\/\/radiorevelacionfm.cl\/?p=33816"},"modified":"2023-08-10T16:55:46","modified_gmt":"2023-08-10T19:55:46","slug":"injuv-lidera-importante-trabajo-con-juventudes-de-guaitecas","status":"publish","type":"post","link":"https:\/\/radiorevelacionfm.cl\/?p=33816","title":{"rendered":"INJUV lidera importante trabajo con juventudes de Guaitecas"},"content":{"rendered":"<div class=\"flex_column av_one_full  flex_column_div av-zero-column-padding first  avia-builder-el-0  el_before_av_one_full  avia-builder-el-first  \" style='border-radius:0px; '><div  class='avia-image-container  av-styling-    avia-builder-el-1  avia-builder-el-no-sibling  avia-align-center '  itemprop=\"image\" itemscope=\"itemscope\" itemtype=\"https:\/\/schema.org\/ImageObject\"  ><div class='avia-image-container-inner'><div class='avia-image-overlay-wrap'><img decoding=\"async\" class='wp-image-33817 avia-img-lazy-loading-not-33817 avia_image' src=\"https:\/\/radiorevelacionfm.cl\/wp-content\/uploads\/2023\/08\/Foto-2-9-2-2.jpg\" alt='' title='Foto 2-9-2-2' height=\"600\" width=\"1004\"  itemprop=\"thumbnailUrl\" srcset=\"https:\/\/radiorevelacionfm.cl\/wp-content\/uploads\/2023\/08\/Foto-2-9-2-2.jpg 1004w, https:\/\/radiorevelacionfm.cl\/wp-content\/uploads\/2023\/08\/Foto-2-9-2-2-300x179.jpg 300w, https:\/\/radiorevelacionfm.cl\/wp-content\/uploads\/2023\/08\/Foto-2-9-2-2-768x459.jpg 768w, https:\/\/radiorevelacionfm.cl\/wp-content\/uploads\/2023\/08\/Foto-2-9-2-2-705x421.jpg 705w, https:\/\/radiorevelacionfm.cl\/wp-content\/uploads\/2023\/08\/Foto-2-9-2-2-450x269.jpg 450w, https:\/\/radiorevelacionfm.cl\/wp-content\/uploads\/2023\/08\/Foto-2-9-2-2-600x359.jpg 600w\" sizes=\"(max-width: 1004px) 100vw, 1004px\" \/><\/div><\/div><\/div><\/div><div class=\"flex_column av_one_full  flex_column_div av-zero-column-padding first  avia-builder-el-2  el_after_av_one_full  el_before_av_one_full  column-top-margin\" style='border-radius:0px; '><section class=\"av_textblock_section \"  itemscope=\"itemscope\" itemtype=\"https:\/\/schema.org\/BlogPosting\" itemprop=\"blogPost\" ><div class='avia_textblock  '   itemprop=\"text\" ><p style=\"text-align: center;\"><span style=\"font-size: 18pt;\"><strong>INJUV lidera importante trabajo con juventudes de Guaitecas<\/strong><\/span><\/p>\n<div id=\"gtx-trans\" style=\"position: absolute; left: -50px; top: 4.31534px;\">\n<div class=\"gtx-trans-icon\"><\/div>\n<\/div>\n<\/div><\/section><\/div><\/p>\n<div class=\"flex_column av_one_full  flex_column_div av-zero-column-padding first  avia-builder-el-4  el_after_av_one_full  el_before_av_hr  column-top-margin\" style='border-radius:0px; '><section class=\"av_textblock_section \"  itemscope=\"itemscope\" itemtype=\"https:\/\/schema.org\/BlogPosting\" itemprop=\"blogPost\" ><div class='avia_textblock  '   itemprop=\"text\" ><p style=\"text-align: justify;\">En el marco del Mes de las Juventudes, el Instituto Nacional de la Juventud a trav\u00e9s de su director regional, Camilo Trivi\u00f1o Urtubia y sus funcionarios David Cupita y Fernanda Y\u00e9venes, viajaron esta semana hasta la comuna de Guaitecas para llevar a cabo una serie de actividades enfocadas en las juventudes de la comuna.<\/p>\n<p style=\"text-align: justify;\">En el Centro Cultural Ascensi\u00f3n, juventudes del Liceo de Melinka se dieron cita para realizar la presentaci\u00f3n de los principales resultados del Diagn\u00f3stico Participativo <em>Juventudes Guaitequeras, Fiordos y Monta\u00f1as<\/em>, correspondiente al programa <em>Compromiso Joven<\/em> de INJUV Ays\u00e9n, actividad que fue replicada por el director regional ante el Concejo Municipal de la Ilustre Municipalidad de Guaitecas. En la oportunidad tambi\u00e9n representantes del servicio participaron como expositores en una charla vocacional dirigida a j\u00f3venes del establecimiento educacional y expusieron su experiencia de estudio fuera de la regi\u00f3n, actividad que fue organizada por Servicio Pa\u00eds y el programa <em>Peque\u00f1as Localidades<\/em> de MINVU.<\/p>\n<p style=\"text-align: justify;\">Es importante destacar que, durante la visita, se sostuvo una reuni\u00f3n de trabajo con el alcalde de la comuna, Marcos Silva Miranda y su apoyo administrativo DIDECO, Paula Ruiz Quediman, quien adem\u00e1s es la encargada de realizar la coordinaci\u00f3n de las distintas actividades que se encuentra ejecutando INJUV Ays\u00e9n en Guaitecas.<\/p>\n<p style=\"text-align: justify;\">El director regional as\u00ed como parte del personal del servicio, aprovecharon la oportunidad para visitar diferentes medios de comunicaci\u00f3n, acci\u00f3n que tuvo por objetivo informar a la comunidad local sobre las actividades a desarrollar durante la semana junto a \u00a0j\u00f3venes.<\/p>\n<p style=\"text-align: justify;\">El alcalde Silva, destac\u00f3 la visita de INJUV y explic\u00f3 que \u201cmuchas entidades p\u00fablicas no llegaban a Melinka y gracias a conversaciones que se iniciaron este a\u00f1o en Coyhaique, se incorpor\u00f3 a Melinka en un programa de intervenci\u00f3n de INJUV en la comuna, que es muy importante y esperamos que tenga continuidad y el acompa\u00f1amiento para desarrollar iniciativas que fortalezcan la juventud en la comuna de Guaitecas\u201d.<\/p>\n<p style=\"text-align: justify;\">En tanto, el director regional de INJUV Ays\u00e9n, Camilo Trivi\u00f1o Urtubia, agradeci\u00f3 la recepci\u00f3n municipal y \u00a0sostuvo que \u201cel alcalde y la funcionaria de DIDECO han estado muy involucrados en el programa y tambi\u00e9n nos han podido entregar diversos elementos que han servido para conducir de mejor forma el accionar en el territorio, comprendiendo la realidad local y sus din\u00e1micas. A su vez, han actuado como facilitadores en la articulaci\u00f3n con diversos servicios y programas que operan en el territorio, como Servicio Pa\u00eds y el Programa Peque\u00f1as Localidades. En la visita de esta semana pudimos presentar ante el alcalde y el Concejo Municipal los principales avances del diagn\u00f3stico participativo aplicado en la comuna, donde tambi\u00e9n sensibilizamos respecto a las principales problem\u00e1ticas que presentan las juventudes, las cuales en muchos puntos est\u00e1n enlazados con las demandas hist\u00f3ricas de la comunidad, como el derecho al agua, la creaci\u00f3n del CESFAM, poder contar con un polideportivo, entre otras. Esto demuestra la conexi\u00f3n que tienen las juventudes con los procesos que viven sus territorios, por lo que se hace sumamente necesario incorporarles en los diferentes espacios de participaci\u00f3n, comprendiendo a \u00e9stas como agentes de cambio en la sociedad\u201d.<\/p>\n<p style=\"text-align: justify;\">En la misma l\u00ednea, indic\u00f3 que \u201ces importante recalcar que es el primer programa de INJUV que se desarrolla en esta comuna, lo cual viene a poner en realce el llamado que nos hace el presidente Gabriel Boric, de descentralizar la pol\u00edtica p\u00fablica y poder trabajar de la mano con los territorios, sobre todo aquellos que est\u00e1n m\u00e1s aislados de la capital regional\u201d, puntualiz\u00f3 Trivi\u00f1o.<\/p>\n<p style=\"text-align: justify;\">\u201cLa actividad me pareci\u00f3 s\u00faper entretenida, fue una linda\u00a0 tarde, din\u00e1mica ya que pude sentir como si de verdad estuviera tomando\u00a0 decisiones importantes, aprend\u00ed bastante. Espero se sigan realizando este tipo de instancias en nuestra comuna, porque las juventudes necesitamos estar informadas, estoy agradecida de haber participado de este encuentro\u201d, se\u00f1al\u00f3 Francisca Contreras P\u00e9rez, alumna del Liceo de Melinka.<\/p>\n<p style=\"text-align: justify;\">Benjam\u00edn Montero Paris, joven estudiante del Liceo de Melinka, agradeci\u00f3 la iniciativa y afirm\u00f3 que \u201cla verdad es que las actividades estuvieron\u00a0 muy entretenidas y did\u00e1cticas, es importante que como j\u00f3venes nos demos cuenta de las necesidades que existen en nuestro entorno y poder aportar con\u00a0 nuestro granito de arena es muy significativo para nosotros. Tambi\u00e9n me gust\u00f3 aprender a utilizar inteligentemente el\u00a0 dinero que tenemos, ahorrar, cotizar, entre otras cosas. Un aplauso a las y los encargados de las diferentes\u00a0 actividades que se realizaron,\u00a0 ya que se ve que le ponen mucho empe\u00f1o a lo que hacen\u201d.<\/p>\n<p style=\"text-align: justify;\">El programa <em>Compromiso Joven<\/em>, tiene por objetivo aumentar la participaci\u00f3n de las juventudes en proyectos comunitarios, impulsando la relaci\u00f3n de estos con el territorio a trav\u00e9s de acciones que busquen mejorar las condiciones de su comunidad. Comprende diferentes hitos en el plazo de dos a\u00f1os; Diagn\u00f3stico Local Juvenil, Plan de Acci\u00f3n Municipal de Juventud (PAMJUV), Encuentro de Juventudes, Formaci\u00f3n de Agentes de Cambio, entre otras acciones que esperan cambiar la mirada juvenil en las comunas donde se desarrolla la iniciativa.<\/p>\n<\/div><\/section><\/div>\n<div  style='height:50px' class='hr hr-invisible   avia-builder-el-6  el_after_av_one_full  el_before_av_social_share '><span class='hr-inner ' ><span class='hr-inner-style'><\/span><\/span><\/div>\n<div  class='av-social-sharing-box  avia-builder-el-7  el_after_av_hr  el_before_av_hr  '><div class='av-share-box'><h5 class='av-share-link-description av-no-toc '>Compartir esta noticia<\/h5><ul class='av-share-box-list noLightbox'><li class='av-share-link av-social-link-facebook' ><a target=\"_blank\" aria-label=\"Compartir en Facebook\" href='https:\/\/www.facebook.com\/sharer.php?u=https:\/\/radiorevelacionfm.cl\/?p=33816&#038;t=INJUV%20lidera%20importante%20trabajo%20con%20juventudes%20de%20Guaitecas' aria-hidden='false' data-av_icon='\ue8f3' data-av_iconfont='entypo-fontello' title='' data-avia-related-tooltip='Compartir en Facebook' rel=\"noopener\"><span class='avia_hidden_link_text'>Compartir en Facebook<\/span><\/a><\/li><li class='av-share-link av-social-link-twitter' ><a target=\"_blank\" aria-label=\"Compartir en Twitter\" href='https:\/\/twitter.com\/share?text=INJUV%20lidera%20importante%20trabajo%20con%20juventudes%20de%20Guaitecas&#038;url=https:\/\/radiorevelacionfm.cl\/?p=33816' aria-hidden='false' data-av_icon='\ue8f1' data-av_iconfont='entypo-fontello' title='' data-avia-related-tooltip='Compartir en Twitter' rel=\"noopener\"><span class='avia_hidden_link_text'>Compartir en Twitter<\/span><\/a><\/li><li class='av-share-link av-social-link-whatsapp' ><a target=\"_blank\" aria-label=\"Compartir en Whatsapp\" href='https:\/\/api.whatsapp.com\/send?text=https:\/\/radiorevelacionfm.cl\/?p=33816' aria-hidden='false' data-av_icon='\uf232' data-av_iconfont='entypo-fontello' title='' data-avia-related-tooltip='Compartir en Whatsapp' rel=\"noopener\"><span class='avia_hidden_link_text'>Compartir en Whatsapp<\/span><\/a><\/li><li class='av-share-link av-social-link-linkedin' ><a target=\"_blank\" aria-label=\"Compartir en LinkedIn\" href='https:\/\/linkedin.com\/shareArticle?mini=true&#038;title=INJUV%20lidera%20importante%20trabajo%20con%20juventudes%20de%20Guaitecas&#038;url=https:\/\/radiorevelacionfm.cl\/?p=33816' aria-hidden='false' data-av_icon='\ue8fc' data-av_iconfont='entypo-fontello' title='' data-avia-related-tooltip='Compartir en LinkedIn' rel=\"noopener\"><span class='avia_hidden_link_text'>Compartir en LinkedIn<\/span><\/a><\/li><li class='av-share-link av-social-link-mail' ><a  aria-label=\"Compartir por correo\" href='mailto:?subject=INJUV%20lidera%20importante%20trabajo%20con%20juventudes%20de%20Guaitecas&#038;body=https:\/\/radiorevelacionfm.cl\/?p=33816' aria-hidden='false' data-av_icon='\ue805' data-av_iconfont='entypo-fontello' title='' data-avia-related-tooltip='Compartir por correo'><span class='avia_hidden_link_text'>Compartir por correo<\/span><\/a><\/li><\/ul><\/div><\/div>\n<div  style='height:50px' class='hr hr-invisible   avia-builder-el-8  el_after_av_social_share  el_before_av_comments_list '><span class='hr-inner ' ><span class='hr-inner-style'><\/span><\/span><\/div>\n<div  class='av-buildercomment  av-blog-meta-html-info-disabled av-blog-meta-tag-disabled  '><\/div>\n","protected":false},"excerpt":{"rendered":"","protected":false},"author":1,"featured_media":33817,"comment_status":"open","ping_status":"open","sticky":false,"template":"","format":"standard","meta":{"footnotes":""},"categories":[38],"tags":[],"class_list":["post-33816","post","type-post","status-publish","format-standard","has-post-thumbnail","hentry","category-regional"],"jetpack_featured_media_url":"https:\/\/radiorevelacionfm.cl\/wp-content\/uploads\/2023\/08\/Foto-2-9-2-2.jpg","_links":{"self":[{"href":"https:\/\/radiorevelacionfm.cl\/index.php?rest_route=\/wp\/v2\/posts\/33816","targetHints":{"allow":["GET"]}}],"collection":[{"href":"https:\/\/radiorevelacionfm.cl\/index.php?rest_route=\/wp\/v2\/posts"}],"about":[{"href":"https:\/\/radiorevelacionfm.cl\/index.php?rest_route=\/wp\/v2\/types\/post"}],"author":[{"embeddable":true,"href":"https:\/\/radiorevelacionfm.cl\/index.php?rest_route=\/wp\/v2\/users\/1"}],"replies":[{"embeddable":true,"href":"https:\/\/radiorevelacionfm.cl\/index.php?rest_route=%2Fwp%2Fv2%2Fcomments&post=33816"}],"version-history":[{"count":1,"href":"https:\/\/radiorevelacionfm.cl\/index.php?rest_route=\/wp\/v2\/posts\/33816\/revisions"}],"predecessor-version":[{"id":33818,"href":"https:\/\/radiorevelacionfm.cl\/index.php?rest_route=\/wp\/v2\/posts\/33816\/revisions\/33818"}],"wp:featuredmedia":[{"embeddable":true,"href":"https:\/\/radiorevelacionfm.cl\/index.php?rest_route=\/wp\/v2\/media\/33817"}],"wp:attachment":[{"href":"https:\/\/radiorevelacionfm.cl\/index.php?rest_route=%2Fwp%2Fv2%2Fmedia&parent=33816"}],"wp:term":[{"taxonomy":"category","embeddable":true,"href":"https:\/\/radiorevelacionfm.cl\/index.php?rest_route=%2Fwp%2Fv2%2Fcategories&post=33816"},{"taxonomy":"post_tag","embeddable":true,"href":"https:\/\/radiorevelacionfm.cl\/index.php?rest_route=%2Fwp%2Fv2%2Ftags&post=33816"}],"curies":[{"name":"wp","href":"https:\/\/api.w.org\/{rel}","templated":true}]}}