{"id":33813,"date":"2023-08-13T23:24:00","date_gmt":"2023-08-14T02:24:00","guid":{"rendered":"https:\/\/radiorevelacionfm.cl\/?p=33813"},"modified":"2023-08-13T23:24:00","modified_gmt":"2023-08-14T02:24:00","slug":"seremi-de-culturas-aysen-conmemora-los-50-anos-del-golpe-de-estado-con-nutrida-agenda","status":"publish","type":"post","link":"https:\/\/radiorevelacionfm.cl\/?p=33813","title":{"rendered":"Seremi de Culturas Ays\u00e9n conmemora los 50 a\u00f1os del golpe de Estado con nutrida agenda"},"content":{"rendered":"<div class=\"flex_column av_one_full  flex_column_div av-zero-column-padding first  avia-builder-el-0  el_before_av_one_full  avia-builder-el-first  \" style='border-radius:0px; '><div  class='avia-image-container  av-styling-    avia-builder-el-1  avia-builder-el-no-sibling  avia-align-center '  itemprop=\"image\" itemscope=\"itemscope\" itemtype=\"https:\/\/schema.org\/ImageObject\"  ><div class='avia-image-container-inner'><div class='avia-image-overlay-wrap'><img decoding=\"async\" class='wp-image-33814 avia-img-lazy-loading-not-33814 avia_image' src=\"https:\/\/radiorevelacionfm.cl\/wp-content\/uploads\/2023\/08\/memorial-ddhh-2-2_optimized-2.jpg\" alt='' title='memorial-ddhh-2-2_optimized-2' height=\"600\" width=\"1084\"  itemprop=\"thumbnailUrl\" srcset=\"https:\/\/radiorevelacionfm.cl\/wp-content\/uploads\/2023\/08\/memorial-ddhh-2-2_optimized-2.jpg 1084w, https:\/\/radiorevelacionfm.cl\/wp-content\/uploads\/2023\/08\/memorial-ddhh-2-2_optimized-2-300x166.jpg 300w, https:\/\/radiorevelacionfm.cl\/wp-content\/uploads\/2023\/08\/memorial-ddhh-2-2_optimized-2-1030x570.jpg 1030w, https:\/\/radiorevelacionfm.cl\/wp-content\/uploads\/2023\/08\/memorial-ddhh-2-2_optimized-2-768x425.jpg 768w, https:\/\/radiorevelacionfm.cl\/wp-content\/uploads\/2023\/08\/memorial-ddhh-2-2_optimized-2-705x390.jpg 705w, https:\/\/radiorevelacionfm.cl\/wp-content\/uploads\/2023\/08\/memorial-ddhh-2-2_optimized-2-450x249.jpg 450w, https:\/\/radiorevelacionfm.cl\/wp-content\/uploads\/2023\/08\/memorial-ddhh-2-2_optimized-2-600x332.jpg 600w\" sizes=\"(max-width: 1084px) 100vw, 1084px\" \/><\/div><\/div><\/div><\/div><div class=\"flex_column av_one_full  flex_column_div av-zero-column-padding first  avia-builder-el-2  el_after_av_one_full  el_before_av_one_full  column-top-margin\" style='border-radius:0px; '><section class=\"av_textblock_section \"  itemscope=\"itemscope\" itemtype=\"https:\/\/schema.org\/BlogPosting\" itemprop=\"blogPost\" ><div class='avia_textblock  '   itemprop=\"text\" ><p style=\"text-align: center;\"><span style=\"font-size: 18pt;\"><b>Seremi de Culturas Ays\u00e9n conmemora los 50 a\u00f1os del golpe de Estado con nutrida agenda<\/b><\/span><\/p>\n<div id=\"gtx-trans\" style=\"position: absolute; left: -50px; top: 4.31534px;\">\n<div class=\"gtx-trans-icon\"><\/div>\n<\/div>\n<\/div><\/section><\/div><div class=\"flex_column av_one_full  flex_column_div av-zero-column-padding first  avia-builder-el-4  el_after_av_one_full  el_before_av_hr  column-top-margin\" style='border-radius:0px; '><section class=\"av_textblock_section \"  itemscope=\"itemscope\" itemtype=\"https:\/\/schema.org\/BlogPosting\" itemprop=\"blogPost\" ><div class='avia_textblock  '   itemprop=\"text\" ><p style=\"text-align: justify;\">En poco menos de un mes se conmemoran los 50 a\u00f1os del golpe de Estado c\u00edvico militar del 11 de septiembre de 1973 y en todo Chile se realizar\u00e1n actividades para hacer memoria. Desde el Estado, es el Ministerio de las Culturas, las Artes y el Patrimonio el encargado de aglutinar los esfuerzos y coordinar la agenda en que est\u00e1n comprometidas m\u00faltiples instituciones.<\/p>\n<p style=\"text-align: justify;\">En la Regi\u00f3n de Ays\u00e9n, la Seremi de Culturas trabaja en colaboraci\u00f3n con distintos organismos p\u00fablicos y privados, entre ellos, la Agrupaci\u00f3n de Derechos Humanos de Coyhaique, el Ministerio de Justicia, la Red de Espacios Culturales de Ays\u00e9n, Espacio Casa Alerce, el Centro Cultural de Coyhaique y el Museo Regional de Ays\u00e9n, para dar forma a la conmemoraci\u00f3n regional bajo el lema \u201cMemoria es Democracia y Futuro\u201d.<\/p>\n<p style=\"text-align: justify;\">La serie de actividades conmemorativas comenzaron a mediados de julio con Cartas para el Futuro. Di\u00e1logos Epistolares para la Memoria. En conjunto con organizaciones de derechos humanos y Prais comenz\u00f3 un ejercicio de escritura autobiogr\u00e1fica con mediaci\u00f3n en 10 establecimientos, en colaboraci\u00f3n con la Universidad de Ays\u00e9n.<\/p>\n<p style=\"text-align: justify;\">A fines de julio, la Seremi de Culturas Ays\u00e9n abri\u00f3 la convocatoria Infancias en dictadura, que busca relevar las memorias de las infancias y adolescencias entre 1973 y 1990. Se trata de recopilar im\u00e1genes y testimonios que reflejen la sociedad infantil de aquellos a\u00f1os.<\/p>\n<p style=\"text-align: justify;\">Memoria Ays\u00e9n se llama la producci\u00f3n audiovisual que est\u00e1 desarrollando la Seremi de Culturas, cuyos primeros episodios ya se pueden ver en las redes sociales y el canal de YouTube Culturas Ays\u00e9n. El Seremi Felipe Quiroz explica su contenido: \u201cSe trata de un amplio recorrido audiovisual que recoge buses testimoniales, lugares y grupos de personas que fueron protagonistas de la resistencia durante la dictadura c\u00edvico militar. Hacer memoria con esas voces vivas del dolor es fundamental para transmitir la necesidad de no repetici\u00f3n\u201d.<\/p>\n<p style=\"text-align: justify;\">La autoridad cultural a\u00f1ade que \u201cestamos mandatados por el Gobierno del presidente Gabriel Boric para que esta conmemoraci\u00f3n cumpla con el profundo ejercicio de memoria, muy necesario para sembrar valores prodemocracia en la nuevas generaciones. Estamos convencidos de que a trav\u00e9s del arte y la cultura recuperamos trozos de la historia y los traemos al presente para no olvidar\u201d.<\/p>\n<p style=\"text-align: justify;\">En agosto, la Agrupaci\u00f3n Cultural Casa Alerce de Puerto Ays\u00e9n comenz\u00f3 la creaci\u00f3n de un montaje esc\u00e9nico para conmemorar los 50 a\u00f1os del golpe. El proyecto re\u00fane a la comunidad aysenina con el apoyo del Ministerio de las Culturas con el objetivo de crear un montaje testimonial y coral sobre la dictadura en dicha ciudad.<\/p>\n<p style=\"text-align: justify;\">Junto al Vicariato Apost\u00f3lico de Aysen, se realizar\u00e1 una muestra fotogr\u00e1fica en el Museo Regional, financiada por la Seremi de Culturas.<\/p>\n<p style=\"text-align: justify;\">A fines de agosto, el ex gobernador de la Unidad Popular, Manuel Molina, ser\u00e1 homenajeado en el Monumento Hist\u00f3rico de Puerto Cristal, como una se\u00f1al de reparaci\u00f3n, tras volver al pa\u00eds luego de 46 a\u00f1os de exilio.<\/p>\n<p style=\"text-align: justify;\">En septiembre, el Centro Cultural Coyhaique recibe la obra de teatro Oleaje, que narra la vida y el feroz homicidio de Marta Ugarte, cuyo caso la dictadura disfraz\u00f3 como un \u201ccrimen pasional\u201d, y cuyo cuerpo apareci\u00f3 a orillas del pac\u00edfico.<\/p>\n<p style=\"text-align: justify;\">Durante noviembre, el muralismo ser\u00e1 protagonista de las conmemoraciones. El insigne muralista Alejandro \u201cMono\u201d Gonz\u00e1lez estar\u00e1 recuperando y creando murales en la plaza Arturo Prat de Coyhaique.<\/p>\n<p style=\"text-align: justify;\">En noviembre, la Orquesta de C\u00e1mara de Chile incorpora a la Regi\u00f3n de Ays\u00e9n\u00a0 en su gira por los 50 a\u00f1os del golpe.<\/p>\n<p style=\"text-align: justify;\">La fundadora y expresidenta de la Agrupaci\u00f3n de Derechos Humanos de Coyhaique, Ninon Neira, invit\u00f3 a la comunidad de la Regi\u00f3n de Ays\u00e9n a participar en los actos conmemorativos por los 50 a\u00f1os el golpe c\u00edvico militar y dijo que \u201ccomo una de las fundadoras de la Comisi\u00f3n Chilena de Derechos Humanos, quiero reiterar que nunca m\u00e1s vuelva a ocurrir la p\u00e9rdida de la democracia en nuestro pa\u00eds. Se cometieron las peores atrocidades y violaciones sobre hombres, mujeres y ni\u00f1os. Hasta el d\u00eda de hoy, nada justifica una conducta tan inhumana. A todas y todos les pido que nunca perdamos el di\u00e1logo. Pensar distinto es parte de nuestra naturaleza y ahora m\u00e1s que nunca es necesario mantener viva la memoria. Finalmente, hago un especial llamado a nuestra juventud que no vivi\u00f3 estos hechos. El futuro de la democracia es de ustedes. Por ello, los invito a participar de todos los actos conmemorativos por los 50 a\u00f1os del golpe c\u00edvico-militar. La memoria hist\u00f3rica est\u00e1 presente y para que nunca m\u00e1s se repitan los dolorosos hechos que enlutaron nuestra vida democr\u00e1tica\u201d.<\/p>\n<p style=\"text-align: justify;\">La conmemoraci\u00f3n cierra el 2023 con Di\u00e1logos por la Memoria que se desarrolla junto a agrupaciones de derechos humanos y de la sociedad civil para generar un cruce intergeneracional testimonial entre adultos mayores y j\u00f3venes.<\/p>\n<\/div><\/section><\/div><div  style='height:50px' class='hr hr-invisible   avia-builder-el-6  el_after_av_one_full  el_before_av_social_share '><span class='hr-inner ' ><span class='hr-inner-style'><\/span><\/span><\/div><\/p>\n<div  class='av-social-sharing-box  avia-builder-el-7  el_after_av_hr  el_before_av_hr  '><div class='av-share-box'><h5 class='av-share-link-description av-no-toc '>Compartir esta noticia<\/h5><ul class='av-share-box-list noLightbox'><li class='av-share-link av-social-link-facebook' ><a target=\"_blank\" aria-label=\"Compartir en Facebook\" href='https:\/\/www.facebook.com\/sharer.php?u=https:\/\/radiorevelacionfm.cl\/?p=33813&#038;t=Seremi%20de%20Culturas%20Ays%C3%A9n%20conmemora%20los%2050%20a%C3%B1os%20del%20golpe%20de%20Estado%20con%20nutrida%20agenda' aria-hidden='false' data-av_icon='\ue8f3' data-av_iconfont='entypo-fontello' title='' data-avia-related-tooltip='Compartir en Facebook' rel=\"noopener\"><span class='avia_hidden_link_text'>Compartir en Facebook<\/span><\/a><\/li><li class='av-share-link av-social-link-twitter' ><a target=\"_blank\" aria-label=\"Compartir en Twitter\" href='https:\/\/twitter.com\/share?text=Seremi%20de%20Culturas%20Ays%C3%A9n%20conmemora%20los%2050%20a%C3%B1os%20del%20golpe%20de%20Estado%20con%20nutrida%20agenda&#038;url=https:\/\/radiorevelacionfm.cl\/?p=33813' aria-hidden='false' data-av_icon='\ue8f1' data-av_iconfont='entypo-fontello' title='' data-avia-related-tooltip='Compartir en Twitter' rel=\"noopener\"><span class='avia_hidden_link_text'>Compartir en Twitter<\/span><\/a><\/li><li class='av-share-link av-social-link-whatsapp' ><a target=\"_blank\" aria-label=\"Compartir en Whatsapp\" href='https:\/\/api.whatsapp.com\/send?text=https:\/\/radiorevelacionfm.cl\/?p=33813' aria-hidden='false' data-av_icon='\uf232' data-av_iconfont='entypo-fontello' title='' data-avia-related-tooltip='Compartir en Whatsapp' rel=\"noopener\"><span class='avia_hidden_link_text'>Compartir en Whatsapp<\/span><\/a><\/li><li class='av-share-link av-social-link-linkedin' ><a target=\"_blank\" aria-label=\"Compartir en LinkedIn\" href='https:\/\/linkedin.com\/shareArticle?mini=true&#038;title=Seremi%20de%20Culturas%20Ays%C3%A9n%20conmemora%20los%2050%20a%C3%B1os%20del%20golpe%20de%20Estado%20con%20nutrida%20agenda&#038;url=https:\/\/radiorevelacionfm.cl\/?p=33813' aria-hidden='false' data-av_icon='\ue8fc' data-av_iconfont='entypo-fontello' title='' data-avia-related-tooltip='Compartir en LinkedIn' rel=\"noopener\"><span class='avia_hidden_link_text'>Compartir en LinkedIn<\/span><\/a><\/li><li class='av-share-link av-social-link-mail' ><a  aria-label=\"Compartir por correo\" href='mailto:?subject=Seremi%20de%20Culturas%20Ays%C3%A9n%20conmemora%20los%2050%20a%C3%B1os%20del%20golpe%20de%20Estado%20con%20nutrida%20agenda&#038;body=https:\/\/radiorevelacionfm.cl\/?p=33813' aria-hidden='false' data-av_icon='\ue805' data-av_iconfont='entypo-fontello' title='' data-avia-related-tooltip='Compartir por correo'><span class='avia_hidden_link_text'>Compartir por correo<\/span><\/a><\/li><\/ul><\/div><\/div>\n<div  style='height:50px' class='hr hr-invisible   avia-builder-el-8  el_after_av_social_share  el_before_av_comments_list '><span class='hr-inner ' ><span class='hr-inner-style'><\/span><\/span><\/div>\n<div  class='av-buildercomment  av-blog-meta-html-info-disabled av-blog-meta-tag-disabled  '><\/div>\n","protected":false},"excerpt":{"rendered":"","protected":false},"author":1,"featured_media":33814,"comment_status":"open","ping_status":"open","sticky":false,"template":"","format":"standard","meta":{"footnotes":""},"categories":[52],"tags":[],"class_list":["post-33813","post","type-post","status-publish","format-standard","has-post-thumbnail","hentry","category-cultura"],"jetpack_featured_media_url":"https:\/\/radiorevelacionfm.cl\/wp-content\/uploads\/2023\/08\/memorial-ddhh-2-2_optimized-2.jpg","_links":{"self":[{"href":"https:\/\/radiorevelacionfm.cl\/index.php?rest_route=\/wp\/v2\/posts\/33813","targetHints":{"allow":["GET"]}}],"collection":[{"href":"https:\/\/radiorevelacionfm.cl\/index.php?rest_route=\/wp\/v2\/posts"}],"about":[{"href":"https:\/\/radiorevelacionfm.cl\/index.php?rest_route=\/wp\/v2\/types\/post"}],"author":[{"embeddable":true,"href":"https:\/\/radiorevelacionfm.cl\/index.php?rest_route=\/wp\/v2\/users\/1"}],"replies":[{"embeddable":true,"href":"https:\/\/radiorevelacionfm.cl\/index.php?rest_route=%2Fwp%2Fv2%2Fcomments&post=33813"}],"version-history":[{"count":1,"href":"https:\/\/radiorevelacionfm.cl\/index.php?rest_route=\/wp\/v2\/posts\/33813\/revisions"}],"predecessor-version":[{"id":33815,"href":"https:\/\/radiorevelacionfm.cl\/index.php?rest_route=\/wp\/v2\/posts\/33813\/revisions\/33815"}],"wp:featuredmedia":[{"embeddable":true,"href":"https:\/\/radiorevelacionfm.cl\/index.php?rest_route=\/wp\/v2\/media\/33814"}],"wp:attachment":[{"href":"https:\/\/radiorevelacionfm.cl\/index.php?rest_route=%2Fwp%2Fv2%2Fmedia&parent=33813"}],"wp:term":[{"taxonomy":"category","embeddable":true,"href":"https:\/\/radiorevelacionfm.cl\/index.php?rest_route=%2Fwp%2Fv2%2Fcategories&post=33813"},{"taxonomy":"post_tag","embeddable":true,"href":"https:\/\/radiorevelacionfm.cl\/index.php?rest_route=%2Fwp%2Fv2%2Ftags&post=33813"}],"curies":[{"name":"wp","href":"https:\/\/api.w.org\/{rel}","templated":true}]}}