{"id":33810,"date":"2023-08-11T19:43:48","date_gmt":"2023-08-11T22:43:48","guid":{"rendered":"https:\/\/radiorevelacionfm.cl\/?p=33810"},"modified":"2023-08-11T19:43:48","modified_gmt":"2023-08-11T22:43:48","slug":"sernameg-inaugura-sala-de-lactancia-materna-en-coyhaique","status":"publish","type":"post","link":"https:\/\/radiorevelacionfm.cl\/?p=33810","title":{"rendered":"SernamEG inaugura sala de lactancia materna en Coyhaique"},"content":{"rendered":"<div class=\"flex_column av_one_full  flex_column_div av-zero-column-padding first  avia-builder-el-0  el_before_av_one_full  avia-builder-el-first  \" style='border-radius:0px; '><div  class='avia-image-container  av-styling-    avia-builder-el-1  avia-builder-el-no-sibling  avia-align-center '  itemprop=\"image\" itemscope=\"itemscope\" itemtype=\"https:\/\/schema.org\/ImageObject\"  ><div class='avia-image-container-inner'><div class='avia-image-overlay-wrap'><img decoding=\"async\" class='wp-image-33811 avia-img-lazy-loading-not-33811 avia_image' src=\"https:\/\/radiorevelacionfm.cl\/wp-content\/uploads\/2023\/08\/sala-lactancia-materna-sernameg-6-2_optimized.jpg\" alt='' title='sala-lactancia-materna-sernameg-(6)-2_optimized' height=\"600\" width=\"901\"  itemprop=\"thumbnailUrl\" srcset=\"https:\/\/radiorevelacionfm.cl\/wp-content\/uploads\/2023\/08\/sala-lactancia-materna-sernameg-6-2_optimized.jpg 901w, https:\/\/radiorevelacionfm.cl\/wp-content\/uploads\/2023\/08\/sala-lactancia-materna-sernameg-6-2_optimized-300x200.jpg 300w, https:\/\/radiorevelacionfm.cl\/wp-content\/uploads\/2023\/08\/sala-lactancia-materna-sernameg-6-2_optimized-768x511.jpg 768w, https:\/\/radiorevelacionfm.cl\/wp-content\/uploads\/2023\/08\/sala-lactancia-materna-sernameg-6-2_optimized-705x469.jpg 705w, https:\/\/radiorevelacionfm.cl\/wp-content\/uploads\/2023\/08\/sala-lactancia-materna-sernameg-6-2_optimized-450x300.jpg 450w, https:\/\/radiorevelacionfm.cl\/wp-content\/uploads\/2023\/08\/sala-lactancia-materna-sernameg-6-2_optimized-600x400.jpg 600w\" sizes=\"(max-width: 901px) 100vw, 901px\" \/><\/div><\/div><\/div><\/div><div class=\"flex_column av_one_full  flex_column_div av-zero-column-padding first  avia-builder-el-2  el_after_av_one_full  el_before_av_one_full  column-top-margin\" style='border-radius:0px; '><section class=\"av_textblock_section \"  itemscope=\"itemscope\" itemtype=\"https:\/\/schema.org\/BlogPosting\" itemprop=\"blogPost\" ><div class='avia_textblock  '   itemprop=\"text\" ><p style=\"text-align: center;\"><span style=\"font-size: 18pt;\"><strong>SernamEG inaugura sala de lactancia materna en Coyhaique<\/strong><\/span><\/p>\n<div id=\"gtx-trans\" style=\"position: absolute; left: -50px; top: 4.31534px;\">\n<div class=\"gtx-trans-icon\"><\/div>\n<\/div>\n<\/div><\/section><\/div><div class=\"flex_column av_one_full  flex_column_div av-zero-column-padding first  avia-builder-el-4  el_after_av_one_full  el_before_av_hr  column-top-margin\" style='border-radius:0px; '><section class=\"av_textblock_section \"  itemscope=\"itemscope\" itemtype=\"https:\/\/schema.org\/BlogPosting\" itemprop=\"blogPost\" ><div class='avia_textblock  '   itemprop=\"text\" ><p style=\"text-align: justify;\">En el marco de la conmemoraci\u00f3n de la semana mundial de la \u201cPromoci\u00f3n de la Lactancia Materna\u201d, el Servicio Nacional de la Mujer y la Equidad de G\u00e9nero, a trav\u00e9s de su programa Mujeres, Derechos Sexuales y Reproductivos, en l\u00ednea con su labor de coordinaci\u00f3n intersectorial, habilit\u00f3 en las dependencias de la direcci\u00f3n regional de SernamEG una sala de lactancia destinada a la comunidad y a sus funcionarias.<\/p>\n<p style=\"text-align: justify;\">\u201cComo Ministerio estamos muy contentas con la adherencia que ha tenido esta iniciativa, porque sabemos que la lactancia materna exclusiva, hasta los seis meses, es lo que recomendamos de manera permanente para un buen desarrollo en la ni\u00f1ez. Si bien amamantar en los hogares no es complejo, s\u00ed lo es en los entornos de trabajo; por eso se ha desplegado un gran esfuerzo, de parte del Comit\u00e9 de Lactancia, en instalar estos espacios en algunos organismos p\u00fablicos\u201d, puntualiz\u00f3 la Seremi de Salud, Carmen Monsalve G\u00f3mez.<\/p>\n<p style=\"text-align: justify;\">Por su parte, la Directora Regional (S) de SernamEG, Marta Godoy Carvajal, dijo: \u201cpara el Servicio es muy importante que las mujeres de la regi\u00f3n de Ays\u00e9n puedan ejercer sus derechos y a trav\u00e9s de la sala de lactancia materna, contribuimos en su autonom\u00eda f\u00edsica. La invitaci\u00f3n es acercarse a Baquedano 257, ya que este espacio fue preparado con dedicaci\u00f3n, por el equipo de la direcci\u00f3n regional, y cumple con todas las normativas correspondientes; porque nos interesa que sea abierto a la comunidad\u201d.<\/p>\n<p style=\"text-align: justify;\">La Ley N\u00b0 21.155 establece medidas de protecci\u00f3n a la lactancia materna y su ejercicio, para ello dispone el derecho al amamantamiento libre. En tanto, el C\u00f3digo del Trabajo, en su art\u00edculo 206, se\u00f1ala la disponibilidad de al menos una hora para este fin, a las madres de menores con menos de 2 a\u00f1os de edad. As\u00ed mismo, establece respecto al lugar f\u00edsico para ejercer este derecho, que sea preferentemente ejercido en la sala cuna o en el lugar en el que se encuentre el menor.<\/p>\n<p style=\"text-align: justify;\">Finalmente, la sala de lactancia de SernamEG, ubicada en Avenida Baquedano 257, Coyhaique, funciona de lunes a jueves de 08:30 a 12:30 horas y de 14:30 a 16:30 horas. En tanto, el horario del d\u00eda viernes es de 08:30 a 12:30 horas y de 14:30 a 15:30 horas.<\/p>\n<\/div><\/section><\/div><div  style='height:50px' class='hr hr-invisible   avia-builder-el-6  el_after_av_one_full  el_before_av_social_share '><span class='hr-inner ' ><span class='hr-inner-style'><\/span><\/span><\/div><\/p>\n<div  class='av-social-sharing-box  avia-builder-el-7  el_after_av_hr  el_before_av_hr  '><div class='av-share-box'><h5 class='av-share-link-description av-no-toc '>Compartir esta noticia<\/h5><ul class='av-share-box-list noLightbox'><li class='av-share-link av-social-link-facebook' ><a target=\"_blank\" aria-label=\"Compartir en Facebook\" href='https:\/\/www.facebook.com\/sharer.php?u=https:\/\/radiorevelacionfm.cl\/?p=33810&#038;t=SernamEG%20inaugura%20sala%20de%20lactancia%20materna%20en%20Coyhaique' aria-hidden='false' data-av_icon='\ue8f3' data-av_iconfont='entypo-fontello' title='' data-avia-related-tooltip='Compartir en Facebook' rel=\"noopener\"><span class='avia_hidden_link_text'>Compartir en Facebook<\/span><\/a><\/li><li class='av-share-link av-social-link-twitter' ><a target=\"_blank\" aria-label=\"Compartir en Twitter\" href='https:\/\/twitter.com\/share?text=SernamEG%20inaugura%20sala%20de%20lactancia%20materna%20en%20Coyhaique&#038;url=https:\/\/radiorevelacionfm.cl\/?p=33810' aria-hidden='false' data-av_icon='\ue8f1' data-av_iconfont='entypo-fontello' title='' data-avia-related-tooltip='Compartir en Twitter' rel=\"noopener\"><span class='avia_hidden_link_text'>Compartir en Twitter<\/span><\/a><\/li><li class='av-share-link av-social-link-whatsapp' ><a target=\"_blank\" aria-label=\"Compartir en Whatsapp\" href='https:\/\/api.whatsapp.com\/send?text=https:\/\/radiorevelacionfm.cl\/?p=33810' aria-hidden='false' data-av_icon='\uf232' data-av_iconfont='entypo-fontello' title='' data-avia-related-tooltip='Compartir en Whatsapp' rel=\"noopener\"><span class='avia_hidden_link_text'>Compartir en Whatsapp<\/span><\/a><\/li><li class='av-share-link av-social-link-linkedin' ><a target=\"_blank\" aria-label=\"Compartir en LinkedIn\" href='https:\/\/linkedin.com\/shareArticle?mini=true&#038;title=SernamEG%20inaugura%20sala%20de%20lactancia%20materna%20en%20Coyhaique&#038;url=https:\/\/radiorevelacionfm.cl\/?p=33810' aria-hidden='false' data-av_icon='\ue8fc' data-av_iconfont='entypo-fontello' title='' data-avia-related-tooltip='Compartir en LinkedIn' rel=\"noopener\"><span class='avia_hidden_link_text'>Compartir en LinkedIn<\/span><\/a><\/li><li class='av-share-link av-social-link-mail' ><a  aria-label=\"Compartir por correo\" href='mailto:?subject=SernamEG%20inaugura%20sala%20de%20lactancia%20materna%20en%20Coyhaique&#038;body=https:\/\/radiorevelacionfm.cl\/?p=33810' aria-hidden='false' data-av_icon='\ue805' data-av_iconfont='entypo-fontello' title='' data-avia-related-tooltip='Compartir por correo'><span class='avia_hidden_link_text'>Compartir por correo<\/span><\/a><\/li><\/ul><\/div><\/div>\n<div  style='height:50px' class='hr hr-invisible   avia-builder-el-8  el_after_av_social_share  el_before_av_comments_list '><span class='hr-inner ' ><span class='hr-inner-style'><\/span><\/span><\/div>\n<div  class='av-buildercomment  av-blog-meta-html-info-disabled av-blog-meta-tag-disabled  '><\/div>\n","protected":false},"excerpt":{"rendered":"","protected":false},"author":1,"featured_media":33811,"comment_status":"open","ping_status":"open","sticky":false,"template":"","format":"standard","meta":{"footnotes":""},"categories":[38],"tags":[],"class_list":["post-33810","post","type-post","status-publish","format-standard","has-post-thumbnail","hentry","category-regional"],"jetpack_featured_media_url":"https:\/\/radiorevelacionfm.cl\/wp-content\/uploads\/2023\/08\/sala-lactancia-materna-sernameg-6-2_optimized.jpg","_links":{"self":[{"href":"https:\/\/radiorevelacionfm.cl\/index.php?rest_route=\/wp\/v2\/posts\/33810","targetHints":{"allow":["GET"]}}],"collection":[{"href":"https:\/\/radiorevelacionfm.cl\/index.php?rest_route=\/wp\/v2\/posts"}],"about":[{"href":"https:\/\/radiorevelacionfm.cl\/index.php?rest_route=\/wp\/v2\/types\/post"}],"author":[{"embeddable":true,"href":"https:\/\/radiorevelacionfm.cl\/index.php?rest_route=\/wp\/v2\/users\/1"}],"replies":[{"embeddable":true,"href":"https:\/\/radiorevelacionfm.cl\/index.php?rest_route=%2Fwp%2Fv2%2Fcomments&post=33810"}],"version-history":[{"count":1,"href":"https:\/\/radiorevelacionfm.cl\/index.php?rest_route=\/wp\/v2\/posts\/33810\/revisions"}],"predecessor-version":[{"id":33812,"href":"https:\/\/radiorevelacionfm.cl\/index.php?rest_route=\/wp\/v2\/posts\/33810\/revisions\/33812"}],"wp:featuredmedia":[{"embeddable":true,"href":"https:\/\/radiorevelacionfm.cl\/index.php?rest_route=\/wp\/v2\/media\/33811"}],"wp:attachment":[{"href":"https:\/\/radiorevelacionfm.cl\/index.php?rest_route=%2Fwp%2Fv2%2Fmedia&parent=33810"}],"wp:term":[{"taxonomy":"category","embeddable":true,"href":"https:\/\/radiorevelacionfm.cl\/index.php?rest_route=%2Fwp%2Fv2%2Fcategories&post=33810"},{"taxonomy":"post_tag","embeddable":true,"href":"https:\/\/radiorevelacionfm.cl\/index.php?rest_route=%2Fwp%2Fv2%2Ftags&post=33810"}],"curies":[{"name":"wp","href":"https:\/\/api.w.org\/{rel}","templated":true}]}}