{"id":33807,"date":"2023-08-10T17:55:12","date_gmt":"2023-08-10T20:55:12","guid":{"rendered":"https:\/\/radiorevelacionfm.cl\/?p=33807"},"modified":"2023-08-10T17:55:12","modified_gmt":"2023-08-10T20:55:12","slug":"anuncian-nueva-temporada-the-dark-side-of-the-sur","status":"publish","type":"post","link":"https:\/\/radiorevelacionfm.cl\/?p=33807","title":{"rendered":"Anuncian nueva temporada The Dark Side of the Sur"},"content":{"rendered":"<div class=\"flex_column av_one_full  flex_column_div av-zero-column-padding first  avia-builder-el-0  el_before_av_one_full  avia-builder-el-first  \" style='border-radius:0px; '><div  class='avia-image-container  av-styling-    avia-builder-el-1  avia-builder-el-no-sibling  avia-align-center '  itemprop=\"image\" itemscope=\"itemscope\" itemtype=\"https:\/\/schema.org\/ImageObject\"  ><div class='avia-image-container-inner'><div class='avia-image-overlay-wrap'><img decoding=\"async\" class='wp-image-33808 avia-img-lazy-loading-not-33808 avia_image' src=\"https:\/\/radiorevelacionfm.cl\/wp-content\/uploads\/2023\/08\/image-145-2_optimized.jpg\" alt='' title='image-145-2_optimized' height=\"600\" width=\"873\"  itemprop=\"thumbnailUrl\" srcset=\"https:\/\/radiorevelacionfm.cl\/wp-content\/uploads\/2023\/08\/image-145-2_optimized.jpg 873w, https:\/\/radiorevelacionfm.cl\/wp-content\/uploads\/2023\/08\/image-145-2_optimized-300x206.jpg 300w, https:\/\/radiorevelacionfm.cl\/wp-content\/uploads\/2023\/08\/image-145-2_optimized-768x528.jpg 768w, https:\/\/radiorevelacionfm.cl\/wp-content\/uploads\/2023\/08\/image-145-2_optimized-705x485.jpg 705w, https:\/\/radiorevelacionfm.cl\/wp-content\/uploads\/2023\/08\/image-145-2_optimized-450x309.jpg 450w, https:\/\/radiorevelacionfm.cl\/wp-content\/uploads\/2023\/08\/image-145-2_optimized-600x412.jpg 600w\" sizes=\"(max-width: 873px) 100vw, 873px\" \/><\/div><\/div><\/div><\/div><div class=\"flex_column av_one_full  flex_column_div av-zero-column-padding first  avia-builder-el-2  el_after_av_one_full  el_before_av_one_full  column-top-margin\" style='border-radius:0px; '><section class=\"av_textblock_section \"  itemscope=\"itemscope\" itemtype=\"https:\/\/schema.org\/BlogPosting\" itemprop=\"blogPost\" ><div class='avia_textblock  '   itemprop=\"text\" ><p style=\"text-align: center;\"><span style=\"font-size: 18pt;\"><strong>Anuncian nueva temporada The Dark Side of the Sur<\/strong><\/span><\/p>\n<div id=\"gtx-trans\" style=\"position: absolute; left: -50px; top: 4.31534px;\">\n<div class=\"gtx-trans-icon\"><\/div>\n<\/div>\n<\/div><\/section><\/div><div class=\"flex_column av_one_full  flex_column_div av-zero-column-padding first  avia-builder-el-4  el_after_av_one_full  el_before_av_hr  column-top-margin\" style='border-radius:0px; '><section class=\"av_textblock_section \"  itemscope=\"itemscope\" itemtype=\"https:\/\/schema.org\/BlogPosting\" itemprop=\"blogPost\" ><div class='avia_textblock  '   itemprop=\"text\" ><p style=\"text-align: justify;\">Por octavo a\u00f1o consecutivo, la organizaci\u00f3n cultural comunitaria Malotun Ortiga desarrollar\u00e1 en la ciudad de Coyhaique, capital de la Regi\u00f3n de Ays\u00e9n, \u201cThe Dark Side of the Sur\u201d, instancia que articula diversos elementos para levantar un escenario que busca acercar a la m\u00fasica y sus creadores con el p\u00fablico a un nivel m\u00e1s profundo del que puede resultar la rutinaria acci\u00f3n de asistir a un concierto.<\/p>\n<p style=\"text-align: justify;\">Al respecto, V\u00edctor Cabrera, director de la iniciativa, se\u00f1ala: \u201cSer\u00eda iluso pretender que s\u00f3lo por ser ac\u00fasticos, o semi ac\u00fasticos, los conciertos puedan ser atractivos. Por eso, incorporamos elementos identitarios para enriquecer la propuesta: las gr\u00e1ficas son siempre dise\u00f1adas con fotograf\u00edas panor\u00e1micas de Coyhaique, contextualizando e invitando al p\u00fablico a sentirse parte del universo f\u00edsico donde se desarrolla el evento; la escenograf\u00eda contiene antiguas cocinas a le\u00f1a, sacos de la industria de la lana y otros elementos caracter\u00edsticos del habitar en Ays\u00e9n, conviviendo en una instalaci\u00f3n lum\u00ednica que evoca una atm\u00f3sfera de familiar contenci\u00f3n. Los conciertos tambi\u00e9n integran en el escenario obras de artistas visuales que se desenvuelven en\u00a0 distintos estilos, con variados soportes y materialidades (serigraf\u00eda, acr\u00edlico, \u00f3leo, ilustraci\u00f3n textil, fotograf\u00eda, telar, arpillera, esmaltado, etc.), fomentando un interesante cruce de disciplinas. Los conciertos consideran un componente de mediaci\u00f3n art\u00edstica a trav\u00e9s de entrevistas a las bandas entre las canciones, potenciando la conexi\u00f3n del p\u00fablico y la m\u00fasica\u201d. Con participaci\u00f3n de populares bandas locales, como Avizmo, Oblicua Tara y Los Trapananda, el escenario tambi\u00e9n se ha abierto a recibir m\u00fasica docta, tradicional y de pueblos originarios, como fue la participaci\u00f3n de Beatriz Pichi Malen; habiendo contado tambi\u00e9n con la presencia de otros invitados de alcance nacional: Juanito Ayala, La Chinganera, Evelyn Cornejo y La Br\u00edgida Orquesta, por citar algunos nombres.<\/p>\n<p style=\"text-align: justify;\">Cofinanciado por el FNDR del Gobierno Regional de Ays\u00e9n y el PAOCC del Ministerio de las Culturas, las Artes y el Patrimonio, la programaci\u00f3n 2023 incluye artistas regionales, como Alonso N\u00fa\u00f1ez, cantautor oriundo de Puerto Ays\u00e9n con una dilatada trayectoria nacional e internacional, que se presentar\u00e1 en formato tr\u00edo, acompa\u00f1ado por obras del fot\u00f3grafo Fabi\u00e1n Espa\u00f1a Rivera; y los coyhaiquinos Cepa Funk, agrupaci\u00f3n de corta data, pero con muchos seguidores entre el p\u00fablico local, junto a cuadros de la artista visual Patricia Moya. Adem\u00e1s de los anteriores, se presentar\u00e1 la banda santiaguina Plumas, rock\/pop de muy fina factura, tambi\u00e9n relativamente nueva, con una carrera explosiva y un importante n\u00famero de fanaticada en todo el pa\u00eds, quienes compartir\u00e1n escenario con parte de la Colecci\u00f3n Textil del colectivo de artesanas Ribera de los Lagos, del sector lago Pollux, desarrollada colaborativamente con la Organizaci\u00f3n Pulso Austral. Para la clausura estar\u00e1 Katy Erices junto a su banda, cantante y compositora angolina que cultiva lo que medios especializados han denominado <em>ska-cebolla<\/em>, estilo que combina sonidos cercanos a The Skatalites, con una impronta vocal y l\u00edricas muy en la l\u00ednea de la recientemente fallecida Cecilia \u201c<em>La Incomparable\u201d<\/em>, lo que se fusionar\u00e1, esa \u00faltima velada, con las arpilleras de creaci\u00f3n colectiva en torno a los derechos humanos que desarrolla Biblioteca Trinchera Utop\u00eda junto a diversas comunidades de la regi\u00f3n.<\/p>\n<p style=\"text-align: justify;\">A lo anterior, se suma una actividad formativa sat\u00e9lite, donde un panel de profesionales del \u00e1rea cinematogr\u00e1fica, de Ays\u00e9n y otras latitudes, estar\u00e1n compartiendo sus experiencias en el conversatorio \u201cRegistro audiovisual de m\u00fasica en vivo\u201d.<\/p>\n<p style=\"text-align: justify;\">La invitaci\u00f3n a la comunidad es a participar de las actividades, todas gratuitas. Las melod\u00edas y el arte visual estar\u00e1n presentes en el auditorio del Museo Regional de Ays\u00e9n durante la segunda quincena de agosto, sonando en formato ac\u00fastico y org\u00e1nico, compartiendo y dialogando con el anfitri\u00f3n de siempre, Marco Canto, en una nueva entrega de lo que es considerado por muchos como el escenario musical m\u00e1s relevante de la Regi\u00f3n de Ays\u00e9n.<\/p>\n<\/div><\/section><\/div><div  style='height:50px' class='hr hr-invisible   avia-builder-el-6  el_after_av_one_full  el_before_av_social_share '><span class='hr-inner ' ><span class='hr-inner-style'><\/span><\/span><\/div><\/p>\n<div  class='av-social-sharing-box  avia-builder-el-7  el_after_av_hr  el_before_av_hr  '><div class='av-share-box'><h5 class='av-share-link-description av-no-toc '>Compartir esta noticia<\/h5><ul class='av-share-box-list noLightbox'><li class='av-share-link av-social-link-facebook' ><a target=\"_blank\" aria-label=\"Compartir en Facebook\" href='https:\/\/www.facebook.com\/sharer.php?u=https:\/\/radiorevelacionfm.cl\/?p=33807&#038;t=Anuncian%20nueva%20temporada%20The%20Dark%20Side%20of%20the%20Sur' aria-hidden='false' data-av_icon='\ue8f3' data-av_iconfont='entypo-fontello' title='' data-avia-related-tooltip='Compartir en Facebook' rel=\"noopener\"><span class='avia_hidden_link_text'>Compartir en Facebook<\/span><\/a><\/li><li class='av-share-link av-social-link-twitter' ><a target=\"_blank\" aria-label=\"Compartir en Twitter\" href='https:\/\/twitter.com\/share?text=Anuncian%20nueva%20temporada%20The%20Dark%20Side%20of%20the%20Sur&#038;url=https:\/\/radiorevelacionfm.cl\/?p=33807' aria-hidden='false' data-av_icon='\ue8f1' data-av_iconfont='entypo-fontello' title='' data-avia-related-tooltip='Compartir en Twitter' rel=\"noopener\"><span class='avia_hidden_link_text'>Compartir en Twitter<\/span><\/a><\/li><li class='av-share-link av-social-link-whatsapp' ><a target=\"_blank\" aria-label=\"Compartir en Whatsapp\" href='https:\/\/api.whatsapp.com\/send?text=https:\/\/radiorevelacionfm.cl\/?p=33807' aria-hidden='false' data-av_icon='\uf232' data-av_iconfont='entypo-fontello' title='' data-avia-related-tooltip='Compartir en Whatsapp' rel=\"noopener\"><span class='avia_hidden_link_text'>Compartir en Whatsapp<\/span><\/a><\/li><li class='av-share-link av-social-link-linkedin' ><a target=\"_blank\" aria-label=\"Compartir en LinkedIn\" href='https:\/\/linkedin.com\/shareArticle?mini=true&#038;title=Anuncian%20nueva%20temporada%20The%20Dark%20Side%20of%20the%20Sur&#038;url=https:\/\/radiorevelacionfm.cl\/?p=33807' aria-hidden='false' data-av_icon='\ue8fc' data-av_iconfont='entypo-fontello' title='' data-avia-related-tooltip='Compartir en LinkedIn' rel=\"noopener\"><span class='avia_hidden_link_text'>Compartir en LinkedIn<\/span><\/a><\/li><li class='av-share-link av-social-link-mail' ><a  aria-label=\"Compartir por correo\" href='mailto:?subject=Anuncian%20nueva%20temporada%20The%20Dark%20Side%20of%20the%20Sur&#038;body=https:\/\/radiorevelacionfm.cl\/?p=33807' aria-hidden='false' data-av_icon='\ue805' data-av_iconfont='entypo-fontello' title='' data-avia-related-tooltip='Compartir por correo'><span class='avia_hidden_link_text'>Compartir por correo<\/span><\/a><\/li><\/ul><\/div><\/div>\n<div  style='height:50px' class='hr hr-invisible   avia-builder-el-8  el_after_av_social_share  el_before_av_comments_list '><span class='hr-inner ' ><span class='hr-inner-style'><\/span><\/span><\/div>\n<div  class='av-buildercomment  av-blog-meta-html-info-disabled av-blog-meta-tag-disabled  '><\/div>\n","protected":false},"excerpt":{"rendered":"","protected":false},"author":1,"featured_media":33808,"comment_status":"open","ping_status":"open","sticky":false,"template":"","format":"standard","meta":{"footnotes":""},"categories":[43],"tags":[],"class_list":["post-33807","post","type-post","status-publish","format-standard","has-post-thumbnail","hentry","category-musica"],"jetpack_featured_media_url":"https:\/\/radiorevelacionfm.cl\/wp-content\/uploads\/2023\/08\/image-145-2_optimized.jpg","_links":{"self":[{"href":"https:\/\/radiorevelacionfm.cl\/index.php?rest_route=\/wp\/v2\/posts\/33807","targetHints":{"allow":["GET"]}}],"collection":[{"href":"https:\/\/radiorevelacionfm.cl\/index.php?rest_route=\/wp\/v2\/posts"}],"about":[{"href":"https:\/\/radiorevelacionfm.cl\/index.php?rest_route=\/wp\/v2\/types\/post"}],"author":[{"embeddable":true,"href":"https:\/\/radiorevelacionfm.cl\/index.php?rest_route=\/wp\/v2\/users\/1"}],"replies":[{"embeddable":true,"href":"https:\/\/radiorevelacionfm.cl\/index.php?rest_route=%2Fwp%2Fv2%2Fcomments&post=33807"}],"version-history":[{"count":1,"href":"https:\/\/radiorevelacionfm.cl\/index.php?rest_route=\/wp\/v2\/posts\/33807\/revisions"}],"predecessor-version":[{"id":33809,"href":"https:\/\/radiorevelacionfm.cl\/index.php?rest_route=\/wp\/v2\/posts\/33807\/revisions\/33809"}],"wp:featuredmedia":[{"embeddable":true,"href":"https:\/\/radiorevelacionfm.cl\/index.php?rest_route=\/wp\/v2\/media\/33808"}],"wp:attachment":[{"href":"https:\/\/radiorevelacionfm.cl\/index.php?rest_route=%2Fwp%2Fv2%2Fmedia&parent=33807"}],"wp:term":[{"taxonomy":"category","embeddable":true,"href":"https:\/\/radiorevelacionfm.cl\/index.php?rest_route=%2Fwp%2Fv2%2Fcategories&post=33807"},{"taxonomy":"post_tag","embeddable":true,"href":"https:\/\/radiorevelacionfm.cl\/index.php?rest_route=%2Fwp%2Fv2%2Ftags&post=33807"}],"curies":[{"name":"wp","href":"https:\/\/api.w.org\/{rel}","templated":true}]}}