{"id":33804,"date":"2023-08-10T22:38:07","date_gmt":"2023-08-11T01:38:07","guid":{"rendered":"https:\/\/radiorevelacionfm.cl\/?p=33804"},"modified":"2023-08-10T22:38:07","modified_gmt":"2023-08-11T01:38:07","slug":"julio-nanco-por-rechazo-de-consulta-indigena-nuevamente-los-pueblos-originarios-quedamos-fuera","status":"publish","type":"post","link":"https:\/\/radiorevelacionfm.cl\/?p=33804","title":{"rendered":"Julio \u00d1anco por rechazo de Consulta Indigena: \u201cNuevamente los pueblos originarios quedamos fuera\u201d"},"content":{"rendered":"<div class=\"flex_column av_one_full  flex_column_div av-zero-column-padding first  avia-builder-el-0  el_before_av_one_full  avia-builder-el-first  \" style='border-radius:0px; '><div  class='avia-image-container  av-styling-    avia-builder-el-1  avia-builder-el-no-sibling  avia-align-center '  itemprop=\"image\" itemscope=\"itemscope\" itemtype=\"https:\/\/schema.org\/ImageObject\"  ><div class='avia-image-container-inner'><div class='avia-image-overlay-wrap'><img decoding=\"async\" class='wp-image-33805 avia-img-lazy-loading-not-33805 avia_image' src=\"https:\/\/radiorevelacionfm.cl\/wp-content\/uploads\/2023\/08\/3-2-2.jpeg\" alt='' title='(3)-2-2' height=\"600\" width=\"902\"  itemprop=\"thumbnailUrl\" srcset=\"https:\/\/radiorevelacionfm.cl\/wp-content\/uploads\/2023\/08\/3-2-2.jpeg 902w, https:\/\/radiorevelacionfm.cl\/wp-content\/uploads\/2023\/08\/3-2-2-300x200.jpeg 300w, https:\/\/radiorevelacionfm.cl\/wp-content\/uploads\/2023\/08\/3-2-2-768x511.jpeg 768w, https:\/\/radiorevelacionfm.cl\/wp-content\/uploads\/2023\/08\/3-2-2-705x469.jpeg 705w, https:\/\/radiorevelacionfm.cl\/wp-content\/uploads\/2023\/08\/3-2-2-450x299.jpeg 450w, https:\/\/radiorevelacionfm.cl\/wp-content\/uploads\/2023\/08\/3-2-2-600x399.jpeg 600w\" sizes=\"(max-width: 902px) 100vw, 902px\" \/><\/div><\/div><\/div><\/div><div class=\"flex_column av_one_full  flex_column_div av-zero-column-padding first  avia-builder-el-2  el_after_av_one_full  el_before_av_one_full  column-top-margin\" style='border-radius:0px; '><section class=\"av_textblock_section \"  itemscope=\"itemscope\" itemtype=\"https:\/\/schema.org\/BlogPosting\" itemprop=\"blogPost\" ><div class='avia_textblock  '   itemprop=\"text\" ><p style=\"text-align: center;\"><span style=\"font-size: 18pt;\"><b>Julio \u00d1anco por rechazo de Consulta Indigena: \u201cNuevamente los pueblos originarios quedamos fuera\u201d<\/b><\/span><\/p>\n<div id=\"gtx-trans\" style=\"position: absolute; left: -50px; top: 4.31534px;\">\n<div class=\"gtx-trans-icon\"><\/div>\n<\/div>\n<\/div><\/section><\/div><div class=\"flex_column av_one_full  flex_column_div av-zero-column-padding first  avia-builder-el-4  el_after_av_one_full  el_before_av_hr  column-top-margin\" style='border-radius:0px; '><section class=\"av_textblock_section \"  itemscope=\"itemscope\" itemtype=\"https:\/\/schema.org\/BlogPosting\" itemprop=\"blogPost\" ><div class='avia_textblock  '   itemprop=\"text\" ><p style=\"text-align: justify;\">El Consejero Constitucional por la Regi\u00f3n de Ays\u00e9n, Julio \u00d1anco Antilef, dio a conocer su malestar luego el rechazo de los sectores m\u00e1s conservadores de Chile Vamos, \u00a0para realizar una consulta ind\u00edgena que incluya a los pueblos originarios en el contexto de la discusi\u00f3n constitucional.<\/p>\n<p style=\"text-align: justify;\">En este sentido, \u00d1anco Antilef, integrante de la bancada Unidad Para Chile, mencion\u00f3 que, sin duda, este es un antecedente negativo y de retroceso, adem\u00e1s, dijo que \u201cdesde que se gener\u00f3 este acuerdo en el parlamento no se tuvo en cuenta el cumplimiento del convenio 169. Es lamentable que en este nuevo proceso de reconfiguraci\u00f3n del poder, nuevamente los pueblos ind\u00edgenas queden fuera de acuerdo a los convenios que ha firmado el estado de Chile\u201d.<\/p>\n<p style=\"text-align: justify;\">Actualmente el Consejo Constitucional se encuentra en el debate de enmiendas, instancia que ser\u00e1 clave para poder frenar o atenuar las indicaciones que presente la ultraderecha y que impliquen un retroceso para la sociedad y para la democracia.<\/p>\n<p style=\"text-align: justify;\">Para el bloque progresista es fundamental el acuerdo que se alcanz\u00f3 en la construcci\u00f3n del anteproyecto, ya que, seg\u00fan explica el consejero Julio \u00d1anco, se deja abierta la posibilidad para que los gobiernos venideros y parlamentarios, puedan establecer sus programas.<\/p>\n<p style=\"text-align: justify;\">El representante de la Regi\u00f3n de Ays\u00e9n, dijo que \u201cen este nuevo ejercicio de debate esperamos que esas enmiendas puedan ser retiradas, atenuadas, de modo que podamos hacer un texto inclusivo y que represente la diversidad que hoy somos como pa\u00eds; de lo contrario, es bien complejo el escenario de llamar a votar un texto que no nos representa\u201d<\/p>\n<p style=\"text-align: justify;\">Julio \u00d1anco, finaliz\u00f3 haciendo alusi\u00f3n a que \u00a0\u201cesperamos que podamos avanzar en los restantes que nos interesan y que son fundamentales, que dicen relaci\u00f3n con \u00a0esca\u00f1os y reconocimiento constitucional, para garantizar nuestra participaci\u00f3n dentro de la democracia.<\/p>\n<\/div><\/section><\/div><div  style='height:50px' class='hr hr-invisible   avia-builder-el-6  el_after_av_one_full  el_before_av_social_share '><span class='hr-inner ' ><span class='hr-inner-style'><\/span><\/span><\/div><\/p>\n<div  class='av-social-sharing-box  avia-builder-el-7  el_after_av_hr  el_before_av_hr  '><div class='av-share-box'><h5 class='av-share-link-description av-no-toc '>Compartir esta noticia<\/h5><ul class='av-share-box-list noLightbox'><li class='av-share-link av-social-link-facebook' ><a target=\"_blank\" aria-label=\"Compartir en Facebook\" href='https:\/\/www.facebook.com\/sharer.php?u=https:\/\/radiorevelacionfm.cl\/?p=33804&#038;t=Julio%20%C3%91anco%20por%20rechazo%20de%20Consulta%20Indigena%3A%20%E2%80%9CNuevamente%20los%20pueblos%20originarios%20quedamos%20fuera%E2%80%9D' aria-hidden='false' data-av_icon='\ue8f3' data-av_iconfont='entypo-fontello' title='' data-avia-related-tooltip='Compartir en Facebook' rel=\"noopener\"><span class='avia_hidden_link_text'>Compartir en Facebook<\/span><\/a><\/li><li class='av-share-link av-social-link-twitter' ><a target=\"_blank\" aria-label=\"Compartir en Twitter\" href='https:\/\/twitter.com\/share?text=Julio%20%C3%91anco%20por%20rechazo%20de%20Consulta%20Indigena%3A%20%E2%80%9CNuevamente%20los%20pueblos%20originarios%20quedamos%20fuera%E2%80%9D&#038;url=https:\/\/radiorevelacionfm.cl\/?p=33804' aria-hidden='false' data-av_icon='\ue8f1' data-av_iconfont='entypo-fontello' title='' data-avia-related-tooltip='Compartir en Twitter' rel=\"noopener\"><span class='avia_hidden_link_text'>Compartir en Twitter<\/span><\/a><\/li><li class='av-share-link av-social-link-whatsapp' ><a target=\"_blank\" aria-label=\"Compartir en Whatsapp\" href='https:\/\/api.whatsapp.com\/send?text=https:\/\/radiorevelacionfm.cl\/?p=33804' aria-hidden='false' data-av_icon='\uf232' data-av_iconfont='entypo-fontello' title='' data-avia-related-tooltip='Compartir en Whatsapp' rel=\"noopener\"><span class='avia_hidden_link_text'>Compartir en Whatsapp<\/span><\/a><\/li><li class='av-share-link av-social-link-linkedin' ><a target=\"_blank\" aria-label=\"Compartir en LinkedIn\" href='https:\/\/linkedin.com\/shareArticle?mini=true&#038;title=Julio%20%C3%91anco%20por%20rechazo%20de%20Consulta%20Indigena%3A%20%E2%80%9CNuevamente%20los%20pueblos%20originarios%20quedamos%20fuera%E2%80%9D&#038;url=https:\/\/radiorevelacionfm.cl\/?p=33804' aria-hidden='false' data-av_icon='\ue8fc' data-av_iconfont='entypo-fontello' title='' data-avia-related-tooltip='Compartir en LinkedIn' rel=\"noopener\"><span class='avia_hidden_link_text'>Compartir en LinkedIn<\/span><\/a><\/li><li class='av-share-link av-social-link-mail' ><a  aria-label=\"Compartir por correo\" href='mailto:?subject=Julio%20%C3%91anco%20por%20rechazo%20de%20Consulta%20Indigena%3A%20%E2%80%9CNuevamente%20los%20pueblos%20originarios%20quedamos%20fuera%E2%80%9D&#038;body=https:\/\/radiorevelacionfm.cl\/?p=33804' aria-hidden='false' data-av_icon='\ue805' data-av_iconfont='entypo-fontello' title='' data-avia-related-tooltip='Compartir por correo'><span class='avia_hidden_link_text'>Compartir por correo<\/span><\/a><\/li><\/ul><\/div><\/div>\n<div  style='height:50px' class='hr hr-invisible   avia-builder-el-8  el_after_av_social_share  el_before_av_comments_list '><span class='hr-inner ' ><span class='hr-inner-style'><\/span><\/span><\/div>\n<div  class='av-buildercomment  av-blog-meta-html-info-disabled av-blog-meta-tag-disabled  '><\/div>\n","protected":false},"excerpt":{"rendered":"","protected":false},"author":1,"featured_media":33805,"comment_status":"open","ping_status":"open","sticky":false,"template":"","format":"standard","meta":{"footnotes":""},"categories":[38],"tags":[],"class_list":["post-33804","post","type-post","status-publish","format-standard","has-post-thumbnail","hentry","category-regional"],"jetpack_featured_media_url":"https:\/\/radiorevelacionfm.cl\/wp-content\/uploads\/2023\/08\/3-2-2.jpeg","_links":{"self":[{"href":"https:\/\/radiorevelacionfm.cl\/index.php?rest_route=\/wp\/v2\/posts\/33804","targetHints":{"allow":["GET"]}}],"collection":[{"href":"https:\/\/radiorevelacionfm.cl\/index.php?rest_route=\/wp\/v2\/posts"}],"about":[{"href":"https:\/\/radiorevelacionfm.cl\/index.php?rest_route=\/wp\/v2\/types\/post"}],"author":[{"embeddable":true,"href":"https:\/\/radiorevelacionfm.cl\/index.php?rest_route=\/wp\/v2\/users\/1"}],"replies":[{"embeddable":true,"href":"https:\/\/radiorevelacionfm.cl\/index.php?rest_route=%2Fwp%2Fv2%2Fcomments&post=33804"}],"version-history":[{"count":1,"href":"https:\/\/radiorevelacionfm.cl\/index.php?rest_route=\/wp\/v2\/posts\/33804\/revisions"}],"predecessor-version":[{"id":33806,"href":"https:\/\/radiorevelacionfm.cl\/index.php?rest_route=\/wp\/v2\/posts\/33804\/revisions\/33806"}],"wp:featuredmedia":[{"embeddable":true,"href":"https:\/\/radiorevelacionfm.cl\/index.php?rest_route=\/wp\/v2\/media\/33805"}],"wp:attachment":[{"href":"https:\/\/radiorevelacionfm.cl\/index.php?rest_route=%2Fwp%2Fv2%2Fmedia&parent=33804"}],"wp:term":[{"taxonomy":"category","embeddable":true,"href":"https:\/\/radiorevelacionfm.cl\/index.php?rest_route=%2Fwp%2Fv2%2Fcategories&post=33804"},{"taxonomy":"post_tag","embeddable":true,"href":"https:\/\/radiorevelacionfm.cl\/index.php?rest_route=%2Fwp%2Fv2%2Ftags&post=33804"}],"curies":[{"name":"wp","href":"https:\/\/api.w.org\/{rel}","templated":true}]}}