{"id":33801,"date":"2023-08-10T22:24:11","date_gmt":"2023-08-11T01:24:11","guid":{"rendered":"https:\/\/radiorevelacionfm.cl\/?p=33801"},"modified":"2023-08-10T22:24:11","modified_gmt":"2023-08-11T01:24:11","slug":"fpyme-aysen-promueve-talleres-de-inteligencia-artificial-para-empresas-locales","status":"publish","type":"post","link":"https:\/\/radiorevelacionfm.cl\/?p=33801","title":{"rendered":"Fpyme Ays\u00e9n promueve talleres de inteligencia artificial para empresas locales"},"content":{"rendered":"<div class=\"flex_column av_one_full  flex_column_div av-zero-column-padding first  avia-builder-el-0  el_before_av_one_full  avia-builder-el-first  \" style='border-radius:0px; '><div  class='avia-image-container  av-styling-    avia-builder-el-1  avia-builder-el-no-sibling  avia-align-center '  itemprop=\"image\" itemscope=\"itemscope\" itemtype=\"https:\/\/schema.org\/ImageObject\"  ><div class='avia-image-container-inner'><div class='avia-image-overlay-wrap'><img decoding=\"async\" class='wp-image-33802 avia-img-lazy-loading-not-33802 avia_image' src=\"https:\/\/radiorevelacionfm.cl\/wp-content\/uploads\/2023\/08\/16835453994845-828x552-1656x1104-3312x2208-2_optimized.jpg\" alt='' title='16835453994845-828x552-1656x1104-3312x2208-2_optimized' height=\"600\" width=\"900\"  itemprop=\"thumbnailUrl\" srcset=\"https:\/\/radiorevelacionfm.cl\/wp-content\/uploads\/2023\/08\/16835453994845-828x552-1656x1104-3312x2208-2_optimized.jpg 900w, https:\/\/radiorevelacionfm.cl\/wp-content\/uploads\/2023\/08\/16835453994845-828x552-1656x1104-3312x2208-2_optimized-300x200.jpg 300w, https:\/\/radiorevelacionfm.cl\/wp-content\/uploads\/2023\/08\/16835453994845-828x552-1656x1104-3312x2208-2_optimized-768x512.jpg 768w, https:\/\/radiorevelacionfm.cl\/wp-content\/uploads\/2023\/08\/16835453994845-828x552-1656x1104-3312x2208-2_optimized-705x470.jpg 705w, https:\/\/radiorevelacionfm.cl\/wp-content\/uploads\/2023\/08\/16835453994845-828x552-1656x1104-3312x2208-2_optimized-450x300.jpg 450w, https:\/\/radiorevelacionfm.cl\/wp-content\/uploads\/2023\/08\/16835453994845-828x552-1656x1104-3312x2208-2_optimized-600x400.jpg 600w\" sizes=\"(max-width: 900px) 100vw, 900px\" \/><\/div><\/div><\/div><\/div><div class=\"flex_column av_one_full  flex_column_div av-zero-column-padding first  avia-builder-el-2  el_after_av_one_full  el_before_av_one_full  column-top-margin\" style='border-radius:0px; '><section class=\"av_textblock_section \"  itemscope=\"itemscope\" itemtype=\"https:\/\/schema.org\/BlogPosting\" itemprop=\"blogPost\" ><div class='avia_textblock  '   itemprop=\"text\" ><p style=\"text-align: center;\"><strong><span style=\"font-size: 18pt;\">Fpyme Ays\u00e9n promueve talleres de inteligencia artificial para empresas locales<\/span><\/strong><\/p>\n<div id=\"gtx-trans\" style=\"position: absolute; left: -50px; top: 4.31534px;\">\n<div class=\"gtx-trans-icon\"><\/div>\n<\/div>\n<\/div><\/section><\/div><div class=\"flex_column av_one_full  flex_column_div av-zero-column-padding first  avia-builder-el-4  el_after_av_one_full  el_before_av_hr  column-top-margin\" style='border-radius:0px; '><section class=\"av_textblock_section \"  itemscope=\"itemscope\" itemtype=\"https:\/\/schema.org\/BlogPosting\" itemprop=\"blogPost\" ><div class='avia_textblock  '   itemprop=\"text\" ><p style=\"text-align: justify;\">En el marco de las nuevas tendencias digitales que existen a disposici\u00f3n para las peque\u00f1as empresas, los programas Fortalece Pyme de Ays\u00e9n y Atacama de Corfo, desarrollar\u00e1n dos jornadas online, el pr\u00f3ximo 16 y 17 de agosto de manera online, para fortalecer la competitividad de las pymes locales. En la oportunidad, expertos en Inteligencia Artificial entregar\u00e1n sus conocimientos, ofreciendo a los participantes la oportunidad \u00fanica de aprender a aplicar de manera pr\u00e1ctica conceptos de IA en un contexto empresarial, de manera de poder sistematizar procesos y que estos nos tomen menos tiempo en su ejecuci\u00f3n.<\/p>\n<p style=\"text-align: justify;\">Humberto Mar\u00edn Leiva, director de Corfo Ays\u00e9n, indic\u00f3 que estos talleres son una oportunidad interesante para descubrir c\u00f3mo la IA puede ser un aporte para las pymes. \u201cLa IA es efectiva para mejorar la competitividad de las pymes en Ays\u00e9n debido a su capacidad para automatizar procesos, analizar grandes cantidades de datos y ofrecer insights valiosos. Esto permite a las pymes optimizar sus operaciones, tomar decisiones m\u00e1s informadas y adaptarse r\u00e1pidamente a las demandas del mercado. Adem\u00e1s, la IA puede ayudar a las pymes a identificar oportunidades de crecimiento, mejorar la experiencia del cliente y aumentar su eficiencia en general\u201d.<\/p>\n<p style=\"text-align: justify;\">Mat\u00edas Broussaingaray, gerente del programa destac\u00f3 que \u201clas RRSS hoy en d\u00eda son un <em>desde<\/em> en toda empresa y una nueva carta de presentaci\u00f3n. Por lo general, se dedica mucho tiempo a manejar y crear una estrategia acorde a los lineamientos de cada negocio y gracias a la IA y a aplicaciones como ChatGPT, podemos disminuir los tiempos que nos toma ejecutar estas, y generar estrategias m\u00e1s robustas, en base a miles de empresas que son similares y comparten ciertos par\u00e1metros, todo esto de manera casi instant\u00e1nea, gracias a la IA\u201d.<\/p>\n<p style=\"text-align: justify;\"><strong>TALLERES<\/strong><\/p>\n<p style=\"text-align: justify;\">En la primera jornada de talleres, el jueves 17 de agosto, se abordar\u00e1 la tem\u00e1tica \u00abDescifrando el Futuro: Un Viaje Pr\u00e1ctico a trav\u00e9s de Chat GPT\u00bb. Los asistentes recibir\u00e1n una gu\u00eda pr\u00e1ctica sobre esta herramienta, enfocada en la creaci\u00f3n de relatos y la extracci\u00f3n de informaci\u00f3n relevante para diferentes tipos de negocios de emprendedores.<\/p>\n<p style=\"text-align: justify;\">El mi\u00e9rcoles 16, se realizar\u00e1 la segunda parte de los talleres con la tem\u00e1tica <em>\u201cInteligencia Artificial aplicada a Redes Sociales\u201d. <\/em>Los participantes adquirir\u00e1n conocimientos sobre c\u00f3mo aprovechar la IA para facilitar la gesti\u00f3n de las redes sociales, crear y personalizar contenido, obtener nuevas ideas creativas y descubrir c\u00f3mo esta herramienta puede potenciar las estrategias en l\u00ednea<\/p>\n<p style=\"text-align: justify;\">Los talleres pr\u00e1cticos, est\u00e1n dise\u00f1ados para desbloquear el potencial de la inteligencia artificial en el crecimiento de los negocios. Su formato online est\u00e1 pensado para que empresas de toda la regi\u00f3n puedan sumarse a esta actividad de fortalecimiento y comenzar a utilizar estas herramientas de manera efectiva para fortalecer sus actividades.<\/p>\n<p style=\"text-align: justify;\">Si quieres participar de este taller, realizar tu chequeo digital y enterarte de nuevas actividades de Fpyme, te invitamos a seguir las redes sociales de Facebook e Instagram como fpyme_aysen o visitar la p\u00e1gina web <a href=\"http:\/\/www.fpymeaysen.cl\/\" data-saferedirecturl=\"https:\/\/www.google.com\/url?q=http:\/\/www.fpymeaysen.cl&amp;source=gmail&amp;ust=1691768781088000&amp;usg=AOvVaw05Vzvy0z3x-BG0Ds6MnPeA\">www.fpymeaysen.cl<\/a>.<\/p>\n<\/div><\/section><\/div><div  style='height:50px' class='hr hr-invisible   avia-builder-el-6  el_after_av_one_full  el_before_av_social_share '><span class='hr-inner ' ><span class='hr-inner-style'><\/span><\/span><\/div><\/p>\n<div  class='av-social-sharing-box  avia-builder-el-7  el_after_av_hr  el_before_av_hr  '><div class='av-share-box'><h5 class='av-share-link-description av-no-toc '>Compartir esta noticia<\/h5><ul class='av-share-box-list noLightbox'><li class='av-share-link av-social-link-facebook' ><a target=\"_blank\" aria-label=\"Compartir en Facebook\" href='https:\/\/www.facebook.com\/sharer.php?u=https:\/\/radiorevelacionfm.cl\/?p=33801&#038;t=Fpyme%20Ays%C3%A9n%20promueve%20talleres%20de%20inteligencia%20artificial%20para%20empresas%20locales' aria-hidden='false' data-av_icon='\ue8f3' data-av_iconfont='entypo-fontello' title='' data-avia-related-tooltip='Compartir en Facebook' rel=\"noopener\"><span class='avia_hidden_link_text'>Compartir en Facebook<\/span><\/a><\/li><li class='av-share-link av-social-link-twitter' ><a target=\"_blank\" aria-label=\"Compartir en Twitter\" href='https:\/\/twitter.com\/share?text=Fpyme%20Ays%C3%A9n%20promueve%20talleres%20de%20inteligencia%20artificial%20para%20empresas%20locales&#038;url=https:\/\/radiorevelacionfm.cl\/?p=33801' aria-hidden='false' data-av_icon='\ue8f1' data-av_iconfont='entypo-fontello' title='' data-avia-related-tooltip='Compartir en Twitter' rel=\"noopener\"><span class='avia_hidden_link_text'>Compartir en Twitter<\/span><\/a><\/li><li class='av-share-link av-social-link-whatsapp' ><a target=\"_blank\" aria-label=\"Compartir en Whatsapp\" href='https:\/\/api.whatsapp.com\/send?text=https:\/\/radiorevelacionfm.cl\/?p=33801' aria-hidden='false' data-av_icon='\uf232' data-av_iconfont='entypo-fontello' title='' data-avia-related-tooltip='Compartir en Whatsapp' rel=\"noopener\"><span class='avia_hidden_link_text'>Compartir en Whatsapp<\/span><\/a><\/li><li class='av-share-link av-social-link-linkedin' ><a target=\"_blank\" aria-label=\"Compartir en LinkedIn\" href='https:\/\/linkedin.com\/shareArticle?mini=true&#038;title=Fpyme%20Ays%C3%A9n%20promueve%20talleres%20de%20inteligencia%20artificial%20para%20empresas%20locales&#038;url=https:\/\/radiorevelacionfm.cl\/?p=33801' aria-hidden='false' data-av_icon='\ue8fc' data-av_iconfont='entypo-fontello' title='' data-avia-related-tooltip='Compartir en LinkedIn' rel=\"noopener\"><span class='avia_hidden_link_text'>Compartir en LinkedIn<\/span><\/a><\/li><li class='av-share-link av-social-link-mail' ><a  aria-label=\"Compartir por correo\" href='mailto:?subject=Fpyme%20Ays%C3%A9n%20promueve%20talleres%20de%20inteligencia%20artificial%20para%20empresas%20locales&#038;body=https:\/\/radiorevelacionfm.cl\/?p=33801' aria-hidden='false' data-av_icon='\ue805' data-av_iconfont='entypo-fontello' title='' data-avia-related-tooltip='Compartir por correo'><span class='avia_hidden_link_text'>Compartir por correo<\/span><\/a><\/li><\/ul><\/div><\/div>\n<div  style='height:50px' class='hr hr-invisible   avia-builder-el-8  el_after_av_social_share  el_before_av_comments_list '><span class='hr-inner ' ><span class='hr-inner-style'><\/span><\/span><\/div>\n<div  class='av-buildercomment  av-blog-meta-html-info-disabled av-blog-meta-tag-disabled  '><\/div>\n","protected":false},"excerpt":{"rendered":"","protected":false},"author":1,"featured_media":33802,"comment_status":"open","ping_status":"open","sticky":false,"template":"","format":"standard","meta":{"footnotes":""},"categories":[38],"tags":[],"class_list":["post-33801","post","type-post","status-publish","format-standard","has-post-thumbnail","hentry","category-regional"],"jetpack_featured_media_url":"https:\/\/radiorevelacionfm.cl\/wp-content\/uploads\/2023\/08\/16835453994845-828x552-1656x1104-3312x2208-2_optimized.jpg","_links":{"self":[{"href":"https:\/\/radiorevelacionfm.cl\/index.php?rest_route=\/wp\/v2\/posts\/33801","targetHints":{"allow":["GET"]}}],"collection":[{"href":"https:\/\/radiorevelacionfm.cl\/index.php?rest_route=\/wp\/v2\/posts"}],"about":[{"href":"https:\/\/radiorevelacionfm.cl\/index.php?rest_route=\/wp\/v2\/types\/post"}],"author":[{"embeddable":true,"href":"https:\/\/radiorevelacionfm.cl\/index.php?rest_route=\/wp\/v2\/users\/1"}],"replies":[{"embeddable":true,"href":"https:\/\/radiorevelacionfm.cl\/index.php?rest_route=%2Fwp%2Fv2%2Fcomments&post=33801"}],"version-history":[{"count":1,"href":"https:\/\/radiorevelacionfm.cl\/index.php?rest_route=\/wp\/v2\/posts\/33801\/revisions"}],"predecessor-version":[{"id":33803,"href":"https:\/\/radiorevelacionfm.cl\/index.php?rest_route=\/wp\/v2\/posts\/33801\/revisions\/33803"}],"wp:featuredmedia":[{"embeddable":true,"href":"https:\/\/radiorevelacionfm.cl\/index.php?rest_route=\/wp\/v2\/media\/33802"}],"wp:attachment":[{"href":"https:\/\/radiorevelacionfm.cl\/index.php?rest_route=%2Fwp%2Fv2%2Fmedia&parent=33801"}],"wp:term":[{"taxonomy":"category","embeddable":true,"href":"https:\/\/radiorevelacionfm.cl\/index.php?rest_route=%2Fwp%2Fv2%2Fcategories&post=33801"},{"taxonomy":"post_tag","embeddable":true,"href":"https:\/\/radiorevelacionfm.cl\/index.php?rest_route=%2Fwp%2Fv2%2Ftags&post=33801"}],"curies":[{"name":"wp","href":"https:\/\/api.w.org\/{rel}","templated":true}]}}