{"id":33799,"date":"2023-08-10T16:16:07","date_gmt":"2023-08-10T19:16:07","guid":{"rendered":"https:\/\/radiorevelacionfm.cl\/?p=33799"},"modified":"2023-08-10T16:16:07","modified_gmt":"2023-08-10T19:16:07","slug":"consejero-abello-podemos-evitar-alza-significativa-de-tarifa-electrica-que-afectaria-a-familias-de-villa-ohiggins-islas-huichas-y-amengual-tapera","status":"publish","type":"post","link":"https:\/\/radiorevelacionfm.cl\/?p=33799","title":{"rendered":"Consejero Abello: \u201cPodemos evitar alza significativa de tarifa el\u00e9ctrica que afectar\u00eda a familias de Villa O&#8217;higgins, Islas Huichas y Amengual &#8211; Tapera\u201d"},"content":{"rendered":"<div class=\"flex_column av_one_full  flex_column_div av-zero-column-padding first  avia-builder-el-0  el_before_av_one_full  avia-builder-el-first  \" style='border-radius:0px; '><div  class='avia-image-container  av-styling-    avia-builder-el-1  avia-builder-el-no-sibling  avia-align-center '  itemprop=\"image\" itemscope=\"itemscope\" itemtype=\"https:\/\/schema.org\/ImageObject\"  ><div class='avia-image-container-inner'><div class='avia-image-overlay-wrap'><img decoding=\"async\" class='wp-image-17312 avia-img-lazy-loading-not-17312 avia_image' src=\"https:\/\/radiorevelacionfm.cl\/wp-content\/uploads\/2022\/05\/Abello-2-1.jpg\" alt='' title='Abello (2) (1)' height=\"600\" width=\"817\"  itemprop=\"thumbnailUrl\" srcset=\"https:\/\/radiorevelacionfm.cl\/wp-content\/uploads\/2022\/05\/Abello-2-1.jpg 817w, https:\/\/radiorevelacionfm.cl\/wp-content\/uploads\/2022\/05\/Abello-2-1-300x220.jpg 300w, https:\/\/radiorevelacionfm.cl\/wp-content\/uploads\/2022\/05\/Abello-2-1-768x564.jpg 768w, https:\/\/radiorevelacionfm.cl\/wp-content\/uploads\/2022\/05\/Abello-2-1-705x518.jpg 705w, https:\/\/radiorevelacionfm.cl\/wp-content\/uploads\/2022\/05\/Abello-2-1-600x441.jpg 600w\" sizes=\"(max-width: 817px) 100vw, 817px\" \/><\/div><\/div><\/div><\/div><div class=\"flex_column av_one_full  flex_column_div av-zero-column-padding first  avia-builder-el-2  el_after_av_one_full  el_before_av_one_full  column-top-margin\" style='border-radius:0px; '><section class=\"av_textblock_section \"  itemscope=\"itemscope\" itemtype=\"https:\/\/schema.org\/BlogPosting\" itemprop=\"blogPost\" ><div class='avia_textblock  '   itemprop=\"text\" ><p style=\"text-align: center;\"><strong><span style=\"font-size: 18pt;\">Consejero Abello: \u201cPodemos evitar alza significativa de tarifa el\u00e9ctrica que afectar\u00eda a familias de Villa O&#8217;higgins, Islas Huichas y Amengual &#8211; Tapera\u201d<\/span><\/strong><\/p>\n<div id=\"gtx-trans\" style=\"position: absolute; left: -50px; top: 4.31534px;\">\n<div class=\"gtx-trans-icon\"><\/div>\n<\/div>\n<\/div><\/section><\/div><div class=\"flex_column av_one_full  flex_column_div av-zero-column-padding first  avia-builder-el-4  el_after_av_one_full  el_before_av_hr  column-top-margin\" style='border-radius:0px; '><section class=\"av_textblock_section \"  itemscope=\"itemscope\" itemtype=\"https:\/\/schema.org\/BlogPosting\" itemprop=\"blogPost\" ><div class='avia_textblock  '   itemprop=\"text\" ><p style=\"text-align: justify;\">La Regi\u00f3n de Ays\u00e9n cuenta con tres sistemas de generaci\u00f3n de energ\u00eda el\u00e9ctrica aislados concesionados, los cuales, debido a sus caracter\u00edsticas, la Ley indica que las tarifas y condiciones de servicios el\u00e9ctricos ser\u00e1n acordadas entre el Alcalde de la Municipalidad y la empresa concesionaria de servicio p\u00fablico de distribuci\u00f3n, en este caso Edelaysen. En dicho contexto, los acuerdos tarifarios firmados de estos sistemas aislados se firmaron entre los a\u00f1os 1997 y 2008, encontr\u00e1ndose a la fecha sin vigencia y ad portas de un alza tarifariadado que con el actual acuerdo tarifario los ingresos no alcanzan a cubrir los costos, lo que hace insostenible su operaci\u00f3n y mantenimiento de estos sistemas aislados de Villa O&#8217;higgins &#8211; Islas Huichas y Tapera &#8211; Amengual.<\/p>\n<p style=\"text-align: justify;\">Sobre esta materia se refiri\u00f3 Consejero Abello,quien se\u00f1al\u00f3, \u201cAnte la situaci\u00f3n expuesta por los Alcaldes de Lago Verde y O&#8217;higgins en comisi\u00f3n del Core, solicitamos se considere subsidio a la tarifa el\u00e9ctrica con recursos regionales del FNDR, como medida de equidad y\u00a0 justicia territorial , recordar que hoy\u00a0 ya pagan las tarifas m\u00e1s caras de Chile\u201d.<\/p>\n<p style=\"text-align: justify;\">Destac\u00f3 adem\u00e1s el Consejero Abello \u201cEl trabajo que se ha realizado entre el Gore\/Municipios\/Empresa podr\u00eda significar que adem\u00e1s se reducir\u00eda el peso del gasto energ\u00e9tico en el presupuesto de los hogares de estos territorios al equipararse el costo Kw\/Hora al sistema mediano de Ays\u00e9n, pero ello, en la medida que se priorice y concrete subsidio a la tarifa el\u00e9ctrica de los tres sistemas aislados.<\/p>\n<p style=\"text-align: justify;\">Fiablemente, se\u00f1al\u00f3 el Consejero Jorge Abello, acordamos en base a nuestras atribuciones solicitar en el pleno del Consejo Regional a la Gobernadora Regional implementar este subsidio a la tarifa el\u00e9ctrica de los sistemas aislados de nuestra regi\u00f3n como una acci\u00f3n de inter\u00e9s regional, mientras no se concrete modificaciones legales que les permita acceder a equidad tarifaria.<\/p>\n<\/div><\/section><\/div><div  style='height:50px' class='hr hr-invisible   avia-builder-el-6  el_after_av_one_full  el_before_av_social_share '><span class='hr-inner ' ><span class='hr-inner-style'><\/span><\/span><\/div><\/p>\n<div  class='av-social-sharing-box  avia-builder-el-7  el_after_av_hr  el_before_av_hr  '><div class='av-share-box'><h5 class='av-share-link-description av-no-toc '>Compartir esta noticia<\/h5><ul class='av-share-box-list noLightbox'><li class='av-share-link av-social-link-facebook' ><a target=\"_blank\" aria-label=\"Compartir en Facebook\" href='https:\/\/www.facebook.com\/sharer.php?u=https:\/\/radiorevelacionfm.cl\/?p=33799&#038;t=Consejero%20Abello%3A%20%E2%80%9CPodemos%20evitar%20alza%20significativa%20de%20tarifa%20el%C3%A9ctrica%20que%20afectar%C3%ADa%20a%20familias%20de%20Villa%20O%E2%80%99higgins%2C%20Islas%20Huichas%20y%20Amengual%20%E2%80%93%20Tapera%E2%80%9D' aria-hidden='false' data-av_icon='\ue8f3' data-av_iconfont='entypo-fontello' title='' data-avia-related-tooltip='Compartir en Facebook' rel=\"noopener\"><span class='avia_hidden_link_text'>Compartir en Facebook<\/span><\/a><\/li><li class='av-share-link av-social-link-twitter' ><a target=\"_blank\" aria-label=\"Compartir en Twitter\" href='https:\/\/twitter.com\/share?text=Consejero%20Abello%3A%20%E2%80%9CPodemos%20evitar%20alza%20significativa%20de%20tarifa%20el%C3%A9ctrica%20que%20afectar%C3%ADa%20a%20familias%20de%20Villa%20O%E2%80%99higgins%2C%20Islas%20Huichas%20y%20Amengual%20%E2%80%93%20Tapera%E2%80%9D&#038;url=https:\/\/radiorevelacionfm.cl\/?p=33799' aria-hidden='false' data-av_icon='\ue8f1' data-av_iconfont='entypo-fontello' title='' data-avia-related-tooltip='Compartir en Twitter' rel=\"noopener\"><span class='avia_hidden_link_text'>Compartir en Twitter<\/span><\/a><\/li><li class='av-share-link av-social-link-whatsapp' ><a target=\"_blank\" aria-label=\"Compartir en Whatsapp\" href='https:\/\/api.whatsapp.com\/send?text=https:\/\/radiorevelacionfm.cl\/?p=33799' aria-hidden='false' data-av_icon='\uf232' data-av_iconfont='entypo-fontello' title='' data-avia-related-tooltip='Compartir en Whatsapp' rel=\"noopener\"><span class='avia_hidden_link_text'>Compartir en Whatsapp<\/span><\/a><\/li><li class='av-share-link av-social-link-linkedin' ><a target=\"_blank\" aria-label=\"Compartir en LinkedIn\" href='https:\/\/linkedin.com\/shareArticle?mini=true&#038;title=Consejero%20Abello%3A%20%E2%80%9CPodemos%20evitar%20alza%20significativa%20de%20tarifa%20el%C3%A9ctrica%20que%20afectar%C3%ADa%20a%20familias%20de%20Villa%20O%E2%80%99higgins%2C%20Islas%20Huichas%20y%20Amengual%20%E2%80%93%20Tapera%E2%80%9D&#038;url=https:\/\/radiorevelacionfm.cl\/?p=33799' aria-hidden='false' data-av_icon='\ue8fc' data-av_iconfont='entypo-fontello' title='' data-avia-related-tooltip='Compartir en LinkedIn' rel=\"noopener\"><span class='avia_hidden_link_text'>Compartir en LinkedIn<\/span><\/a><\/li><li class='av-share-link av-social-link-mail' ><a  aria-label=\"Compartir por correo\" href='mailto:?subject=Consejero%20Abello%3A%20%E2%80%9CPodemos%20evitar%20alza%20significativa%20de%20tarifa%20el%C3%A9ctrica%20que%20afectar%C3%ADa%20a%20familias%20de%20Villa%20O%E2%80%99higgins%2C%20Islas%20Huichas%20y%20Amengual%20%E2%80%93%20Tapera%E2%80%9D&#038;body=https:\/\/radiorevelacionfm.cl\/?p=33799' aria-hidden='false' data-av_icon='\ue805' data-av_iconfont='entypo-fontello' title='' data-avia-related-tooltip='Compartir por correo'><span class='avia_hidden_link_text'>Compartir por correo<\/span><\/a><\/li><\/ul><\/div><\/div>\n<div  style='height:50px' class='hr hr-invisible   avia-builder-el-8  el_after_av_social_share  el_before_av_comments_list '><span class='hr-inner ' ><span class='hr-inner-style'><\/span><\/span><\/div>\n<div  class='av-buildercomment  av-blog-meta-html-info-disabled av-blog-meta-tag-disabled  '><\/div>\n","protected":false},"excerpt":{"rendered":"","protected":false},"author":1,"featured_media":17312,"comment_status":"open","ping_status":"open","sticky":false,"template":"","format":"standard","meta":{"footnotes":""},"categories":[38],"tags":[],"class_list":["post-33799","post","type-post","status-publish","format-standard","has-post-thumbnail","hentry","category-regional"],"jetpack_featured_media_url":"https:\/\/radiorevelacionfm.cl\/wp-content\/uploads\/2022\/05\/Abello-2-1.jpg","_links":{"self":[{"href":"https:\/\/radiorevelacionfm.cl\/index.php?rest_route=\/wp\/v2\/posts\/33799","targetHints":{"allow":["GET"]}}],"collection":[{"href":"https:\/\/radiorevelacionfm.cl\/index.php?rest_route=\/wp\/v2\/posts"}],"about":[{"href":"https:\/\/radiorevelacionfm.cl\/index.php?rest_route=\/wp\/v2\/types\/post"}],"author":[{"embeddable":true,"href":"https:\/\/radiorevelacionfm.cl\/index.php?rest_route=\/wp\/v2\/users\/1"}],"replies":[{"embeddable":true,"href":"https:\/\/radiorevelacionfm.cl\/index.php?rest_route=%2Fwp%2Fv2%2Fcomments&post=33799"}],"version-history":[{"count":1,"href":"https:\/\/radiorevelacionfm.cl\/index.php?rest_route=\/wp\/v2\/posts\/33799\/revisions"}],"predecessor-version":[{"id":33800,"href":"https:\/\/radiorevelacionfm.cl\/index.php?rest_route=\/wp\/v2\/posts\/33799\/revisions\/33800"}],"wp:featuredmedia":[{"embeddable":true,"href":"https:\/\/radiorevelacionfm.cl\/index.php?rest_route=\/wp\/v2\/media\/17312"}],"wp:attachment":[{"href":"https:\/\/radiorevelacionfm.cl\/index.php?rest_route=%2Fwp%2Fv2%2Fmedia&parent=33799"}],"wp:term":[{"taxonomy":"category","embeddable":true,"href":"https:\/\/radiorevelacionfm.cl\/index.php?rest_route=%2Fwp%2Fv2%2Fcategories&post=33799"},{"taxonomy":"post_tag","embeddable":true,"href":"https:\/\/radiorevelacionfm.cl\/index.php?rest_route=%2Fwp%2Fv2%2Ftags&post=33799"}],"curies":[{"name":"wp","href":"https:\/\/api.w.org\/{rel}","templated":true}]}}