{"id":33796,"date":"2023-08-10T13:49:42","date_gmt":"2023-08-10T16:49:42","guid":{"rendered":"https:\/\/radiorevelacionfm.cl\/?p=33796"},"modified":"2023-08-10T13:49:42","modified_gmt":"2023-08-10T16:49:42","slug":"raphael-llama-a-aclarar-futuro-de-ip-y-cft-los-lagos-incluida-la-sede-de-coyhaique-tras-casos-de-corrupcion","status":"publish","type":"post","link":"https:\/\/radiorevelacionfm.cl\/?p=33796","title":{"rendered":"Raphael llama a aclarar futuro de IP y CFT Los Lagos incluida la sede de Coyhaique, tras casos de corrupci\u00f3n"},"content":{"rendered":"<div class=\"flex_column av_one_full  flex_column_div av-zero-column-padding first  avia-builder-el-0  el_before_av_one_full  avia-builder-el-first  \" style='border-radius:0px; '><div  class='avia-image-container  av-styling-    avia-builder-el-1  avia-builder-el-no-sibling  avia-align-center '  itemprop=\"image\" itemscope=\"itemscope\" itemtype=\"https:\/\/schema.org\/ImageObject\"  ><div class='avia-image-container-inner'><div class='avia-image-overlay-wrap'><img decoding=\"async\" class='wp-image-33797 avia-img-lazy-loading-not-33797 avia_image' src=\"https:\/\/radiorevelacionfm.cl\/wp-content\/uploads\/2023\/08\/foto-nota-ip-los-lagos-2_optimized-2.jpeg\" alt='' title='foto-nota-ip-los-lagos-2_optimized-2' height=\"598\" width=\"1280\"  itemprop=\"thumbnailUrl\" srcset=\"https:\/\/radiorevelacionfm.cl\/wp-content\/uploads\/2023\/08\/foto-nota-ip-los-lagos-2_optimized-2.jpeg 1280w, https:\/\/radiorevelacionfm.cl\/wp-content\/uploads\/2023\/08\/foto-nota-ip-los-lagos-2_optimized-2-300x140.jpeg 300w, https:\/\/radiorevelacionfm.cl\/wp-content\/uploads\/2023\/08\/foto-nota-ip-los-lagos-2_optimized-2-1030x481.jpeg 1030w, https:\/\/radiorevelacionfm.cl\/wp-content\/uploads\/2023\/08\/foto-nota-ip-los-lagos-2_optimized-2-768x359.jpeg 768w, https:\/\/radiorevelacionfm.cl\/wp-content\/uploads\/2023\/08\/foto-nota-ip-los-lagos-2_optimized-2-705x329.jpeg 705w, https:\/\/radiorevelacionfm.cl\/wp-content\/uploads\/2023\/08\/foto-nota-ip-los-lagos-2_optimized-2-450x210.jpeg 450w, https:\/\/radiorevelacionfm.cl\/wp-content\/uploads\/2023\/08\/foto-nota-ip-los-lagos-2_optimized-2-600x280.jpeg 600w\" sizes=\"(max-width: 1280px) 100vw, 1280px\" \/><\/div><\/div><\/div><\/div><div class=\"flex_column av_one_full  flex_column_div av-zero-column-padding first  avia-builder-el-2  el_after_av_one_full  el_before_av_one_full  column-top-margin\" style='border-radius:0px; '><section class=\"av_textblock_section \"  itemscope=\"itemscope\" itemtype=\"https:\/\/schema.org\/BlogPosting\" itemprop=\"blogPost\" ><div class='avia_textblock  '   itemprop=\"text\" ><p style=\"text-align: center;\"><strong><span style=\"font-size: 18pt;\">Raphael llama a aclarar futuro de IP y CFT Los Lagos incluida la sede de Coyhaique, tras casos de corrupci\u00f3n <\/span><\/strong><\/p>\n<div id=\"gtx-trans\" style=\"position: absolute; left: -50px; top: 4.31534px;\">\n<div class=\"gtx-trans-icon\"><\/div>\n<\/div>\n<\/div><\/section><\/div><div class=\"flex_column av_one_full  flex_column_div av-zero-column-padding first  avia-builder-el-4  el_after_av_one_full  el_before_av_hr  column-top-margin\" style='border-radius:0px; '><section class=\"av_textblock_section \"  itemscope=\"itemscope\" itemtype=\"https:\/\/schema.org\/BlogPosting\" itemprop=\"blogPost\" ><div class='avia_textblock  '   itemprop=\"text\" ><p style=\"text-align: justify;\">Los diputados RN Raphael y Longton se reunieron con estudiantes del IP Los Lagos para solicitar al Ministerio de Educaci\u00f3n y a la casa de estudios un pronunciamiento claro sobre la continuidad de la instituci\u00f3n.<\/p>\n<p style=\"text-align: justify;\">\u201cLamentablemente los alumnos han quedado a la deriva, han quedado invisibilizados y lo que le pedimos al Ministerio de Educaci\u00f3n y a la Superintendencia de Educaci\u00f3n, es que prontamente les d\u00e9 una soluci\u00f3n a los estudiantes, muchos de ellos a punto de titularse, ellos no pueden pagar las consecuencias de estos hechos de corrupci\u00f3n que est\u00e1n empa\u00f1ando a todo el pa\u00eds.\u201d, sentenci\u00f3 el Diputado Andr\u00e9s Longton.<\/p>\n<p style=\"text-align: justify;\">Actualmente, la continuidad del Instituto Profesional y el Centro de Formaci\u00f3n T\u00e9cnica Los Lagos est\u00e1 en duda tras la detenci\u00f3n de Diego Ancalao por presuntos desv\u00edos de recursos fiscales a la casa de estudios. Situaci\u00f3n que tiene en alerta a los estudiantes, quienes temen un posible cierre de la instituci\u00f3n.<\/p>\n<p style=\"text-align: justify;\">En esa l\u00ednea la diputada Marcia Raphael indic\u00f3 que \u201cEs impresionante como hemos sabido d\u00eda a d\u00eda de nuevas transferencias de recursos p\u00fablicos, que en este caso est\u00e1n afectando incluso a j\u00f3venes estudiantes, que debido a la relaci\u00f3n del Instituto y Centro de Formaci\u00f3n T\u00e9cnica Los Lagos con el caso fundaciones, est\u00e1n totalmente a la deriva y con una total incertidumbre sobre la continuidad de sus estudios afectando a todas las sedes a nivel nacional, incluida la sede de Coyhaique\u201d.<\/p>\n<p style=\"text-align: justify;\">Cabe recordar que tanto el Instituto Profesional como el Centro de Formaci\u00f3n T\u00e9cnica fueron adjudicados por la Corporaci\u00f3n Kim\u00fcn, para luego venderlos por un monto muy bajo, a la Fundaci\u00f3n Instituto de Desarrollo y Liderazgo Ind\u00edgena (Fundelin), presidida por Diego Ancalao, el pasado 7 de julio.<\/p>\n<p style=\"text-align: justify;\">Actualmente Kim\u00fcn est\u00e1 siendo investigada por el Caso Convenios, por una transferencia de $1.200 millones del Gobierno Regional de Los Lagos, recursos que estaban destinados a un programa de saneamiento de t\u00edtulos de propiedad. Y de los cuales $900 millones fueron utilizados para pagar deudas del Instituto Profesional y Centro de Formaci\u00f3n T\u00e9cnica. Por otra parte, el instituto habr\u00eda recibido $81 millones por servicios prestados al programa de saneamiento de t\u00edtulos, sin embargo, estas rendiciones fueron rechazadas el GORE.<\/p>\n<p style=\"text-align: justify;\">Ante estos hechos el diputado Andres Longton indic\u00f3 que \u201cNos vemos en la obligaci\u00f3n de expresar nuestra profunda preocupaci\u00f3n por los hechos de corrupci\u00f3n y fraude al fisco que han sido liderados por el se\u00f1or Ancalao en dicha instituci\u00f3n\u201d, en tanto la Diputada Raphael se\u00f1al\u00f3 que \u201dNuestro objetivo es que este esc\u00e1ndalo de corrupci\u00f3n, que est\u00e1 afectando a funcionarios de este gobierno y a miembros de partidos pol\u00edticos, no perjudique a los estudiantes que solo desean terminar sus estudios y que han realizado grandes esfuerzos para poder costearlos.\u201d<\/p>\n<p style=\"text-align: justify;\">En el encuentro los parlamentarios acordaron reunirse con el Subsecretario de Educaci\u00f3n y representantes de los alumnos dentro de esta semana, a la espera de un pronunciamiento formal por parte del IP Los Lagos hacia los estudiantes.<\/p>\n<\/div><\/section><\/div><div  style='height:50px' class='hr hr-invisible   avia-builder-el-6  el_after_av_one_full  el_before_av_social_share '><span class='hr-inner ' ><span class='hr-inner-style'><\/span><\/span><\/div><\/p>\n<div  class='av-social-sharing-box  avia-builder-el-7  el_after_av_hr  el_before_av_hr  '><div class='av-share-box'><h5 class='av-share-link-description av-no-toc '>Compartir esta noticia<\/h5><ul class='av-share-box-list noLightbox'><li class='av-share-link av-social-link-facebook' ><a target=\"_blank\" aria-label=\"Compartir en Facebook\" href='https:\/\/www.facebook.com\/sharer.php?u=https:\/\/radiorevelacionfm.cl\/?p=33796&#038;t=Raphael%20llama%20a%20aclarar%20futuro%20de%20IP%20y%20CFT%20Los%20Lagos%20incluida%20la%20sede%20de%20Coyhaique%2C%20tras%20casos%20de%20corrupci%C3%B3n' aria-hidden='false' data-av_icon='\ue8f3' data-av_iconfont='entypo-fontello' title='' data-avia-related-tooltip='Compartir en Facebook' rel=\"noopener\"><span class='avia_hidden_link_text'>Compartir en Facebook<\/span><\/a><\/li><li class='av-share-link av-social-link-twitter' ><a target=\"_blank\" aria-label=\"Compartir en Twitter\" href='https:\/\/twitter.com\/share?text=Raphael%20llama%20a%20aclarar%20futuro%20de%20IP%20y%20CFT%20Los%20Lagos%20incluida%20la%20sede%20de%20Coyhaique%2C%20tras%20casos%20de%20corrupci%C3%B3n&#038;url=https:\/\/radiorevelacionfm.cl\/?p=33796' aria-hidden='false' data-av_icon='\ue8f1' data-av_iconfont='entypo-fontello' title='' data-avia-related-tooltip='Compartir en Twitter' rel=\"noopener\"><span class='avia_hidden_link_text'>Compartir en Twitter<\/span><\/a><\/li><li class='av-share-link av-social-link-whatsapp' ><a target=\"_blank\" aria-label=\"Compartir en Whatsapp\" href='https:\/\/api.whatsapp.com\/send?text=https:\/\/radiorevelacionfm.cl\/?p=33796' aria-hidden='false' data-av_icon='\uf232' data-av_iconfont='entypo-fontello' title='' data-avia-related-tooltip='Compartir en Whatsapp' rel=\"noopener\"><span class='avia_hidden_link_text'>Compartir en Whatsapp<\/span><\/a><\/li><li class='av-share-link av-social-link-linkedin' ><a target=\"_blank\" aria-label=\"Compartir en LinkedIn\" href='https:\/\/linkedin.com\/shareArticle?mini=true&#038;title=Raphael%20llama%20a%20aclarar%20futuro%20de%20IP%20y%20CFT%20Los%20Lagos%20incluida%20la%20sede%20de%20Coyhaique%2C%20tras%20casos%20de%20corrupci%C3%B3n&#038;url=https:\/\/radiorevelacionfm.cl\/?p=33796' aria-hidden='false' data-av_icon='\ue8fc' data-av_iconfont='entypo-fontello' title='' data-avia-related-tooltip='Compartir en LinkedIn' rel=\"noopener\"><span class='avia_hidden_link_text'>Compartir en LinkedIn<\/span><\/a><\/li><li class='av-share-link av-social-link-mail' ><a  aria-label=\"Compartir por correo\" href='mailto:?subject=Raphael%20llama%20a%20aclarar%20futuro%20de%20IP%20y%20CFT%20Los%20Lagos%20incluida%20la%20sede%20de%20Coyhaique%2C%20tras%20casos%20de%20corrupci%C3%B3n&#038;body=https:\/\/radiorevelacionfm.cl\/?p=33796' aria-hidden='false' data-av_icon='\ue805' data-av_iconfont='entypo-fontello' title='' data-avia-related-tooltip='Compartir por correo'><span class='avia_hidden_link_text'>Compartir por correo<\/span><\/a><\/li><\/ul><\/div><\/div>\n<div  style='height:50px' class='hr hr-invisible   avia-builder-el-8  el_after_av_social_share  el_before_av_comments_list '><span class='hr-inner ' ><span class='hr-inner-style'><\/span><\/span><\/div>\n<div  class='av-buildercomment  av-blog-meta-html-info-disabled av-blog-meta-tag-disabled  '><\/div>\n","protected":false},"excerpt":{"rendered":"","protected":false},"author":1,"featured_media":33797,"comment_status":"open","ping_status":"open","sticky":false,"template":"","format":"standard","meta":{"footnotes":""},"categories":[35],"tags":[],"class_list":["post-33796","post","type-post","status-publish","format-standard","has-post-thumbnail","hentry","category-politica"],"jetpack_featured_media_url":"https:\/\/radiorevelacionfm.cl\/wp-content\/uploads\/2023\/08\/foto-nota-ip-los-lagos-2_optimized-2.jpeg","_links":{"self":[{"href":"https:\/\/radiorevelacionfm.cl\/index.php?rest_route=\/wp\/v2\/posts\/33796","targetHints":{"allow":["GET"]}}],"collection":[{"href":"https:\/\/radiorevelacionfm.cl\/index.php?rest_route=\/wp\/v2\/posts"}],"about":[{"href":"https:\/\/radiorevelacionfm.cl\/index.php?rest_route=\/wp\/v2\/types\/post"}],"author":[{"embeddable":true,"href":"https:\/\/radiorevelacionfm.cl\/index.php?rest_route=\/wp\/v2\/users\/1"}],"replies":[{"embeddable":true,"href":"https:\/\/radiorevelacionfm.cl\/index.php?rest_route=%2Fwp%2Fv2%2Fcomments&post=33796"}],"version-history":[{"count":1,"href":"https:\/\/radiorevelacionfm.cl\/index.php?rest_route=\/wp\/v2\/posts\/33796\/revisions"}],"predecessor-version":[{"id":33798,"href":"https:\/\/radiorevelacionfm.cl\/index.php?rest_route=\/wp\/v2\/posts\/33796\/revisions\/33798"}],"wp:featuredmedia":[{"embeddable":true,"href":"https:\/\/radiorevelacionfm.cl\/index.php?rest_route=\/wp\/v2\/media\/33797"}],"wp:attachment":[{"href":"https:\/\/radiorevelacionfm.cl\/index.php?rest_route=%2Fwp%2Fv2%2Fmedia&parent=33796"}],"wp:term":[{"taxonomy":"category","embeddable":true,"href":"https:\/\/radiorevelacionfm.cl\/index.php?rest_route=%2Fwp%2Fv2%2Fcategories&post=33796"},{"taxonomy":"post_tag","embeddable":true,"href":"https:\/\/radiorevelacionfm.cl\/index.php?rest_route=%2Fwp%2Fv2%2Ftags&post=33796"}],"curies":[{"name":"wp","href":"https:\/\/api.w.org\/{rel}","templated":true}]}}