{"id":33790,"date":"2023-08-10T21:40:51","date_gmt":"2023-08-11T00:40:51","guid":{"rendered":"https:\/\/radiorevelacionfm.cl\/?p=33790"},"modified":"2023-08-10T21:40:51","modified_gmt":"2023-08-11T00:40:51","slug":"seremi-de-la-mujer-lidera-primera-jornada-de-reflexion-y-trabajo-de-la-red-institucional-de-genero-en-aysen","status":"publish","type":"post","link":"https:\/\/radiorevelacionfm.cl\/?p=33790","title":{"rendered":"Seremi de la Mujer lidera primera jornada de reflexi\u00f3n y trabajo de la Red Institucional de G\u00e9nero en Ays\u00e9n"},"content":{"rendered":"<div class=\"flex_column av_one_full  flex_column_div av-zero-column-padding first  avia-builder-el-0  el_before_av_one_full  avia-builder-el-first  \" style='border-radius:0px; '><div  class='avia-image-container  av-styling-    avia-builder-el-1  avia-builder-el-no-sibling  avia-align-center '  itemprop=\"image\" itemscope=\"itemscope\" itemtype=\"https:\/\/schema.org\/ImageObject\"  ><div class='avia-image-container-inner'><div class='avia-image-overlay-wrap'><img decoding=\"async\" class='wp-image-33791 avia-img-lazy-loading-not-33791 avia_image' src=\"https:\/\/radiorevelacionfm.cl\/wp-content\/uploads\/2023\/08\/Fotografia.-2-2.jpeg\" alt='' title='Fotografia.-2-2' height=\"600\" width=\"900\"  itemprop=\"thumbnailUrl\" srcset=\"https:\/\/radiorevelacionfm.cl\/wp-content\/uploads\/2023\/08\/Fotografia.-2-2.jpeg 900w, https:\/\/radiorevelacionfm.cl\/wp-content\/uploads\/2023\/08\/Fotografia.-2-2-300x200.jpeg 300w, https:\/\/radiorevelacionfm.cl\/wp-content\/uploads\/2023\/08\/Fotografia.-2-2-768x512.jpeg 768w, https:\/\/radiorevelacionfm.cl\/wp-content\/uploads\/2023\/08\/Fotografia.-2-2-705x470.jpeg 705w, https:\/\/radiorevelacionfm.cl\/wp-content\/uploads\/2023\/08\/Fotografia.-2-2-450x300.jpeg 450w, https:\/\/radiorevelacionfm.cl\/wp-content\/uploads\/2023\/08\/Fotografia.-2-2-600x400.jpeg 600w\" sizes=\"(max-width: 900px) 100vw, 900px\" \/><\/div><\/div><\/div><\/div><div class=\"flex_column av_one_full  flex_column_div av-zero-column-padding first  avia-builder-el-2  el_after_av_one_full  el_before_av_one_full  column-top-margin\" style='border-radius:0px; '><section class=\"av_textblock_section \"  itemscope=\"itemscope\" itemtype=\"https:\/\/schema.org\/BlogPosting\" itemprop=\"blogPost\" ><div class='avia_textblock  '   itemprop=\"text\" ><p style=\"text-align: center;\"><strong><span style=\"font-size: 18pt;\">Seremi de la Mujer lidera primera jornada de reflexi\u00f3n y trabajo de la Red Institucional de G\u00e9nero en Ays\u00e9n\u00a0<\/span><\/strong><\/p>\n<div id=\"gtx-trans\" style=\"position: absolute; left: -50px; top: 4.31534px;\">\n<div class=\"gtx-trans-icon\"><\/div>\n<\/div>\n<\/div><\/section><\/div><div class=\"flex_column av_one_full  flex_column_div av-zero-column-padding first  avia-builder-el-4  el_after_av_one_full  el_before_av_hr  column-top-margin\" style='border-radius:0px; '><section class=\"av_textblock_section \"  itemscope=\"itemscope\" itemtype=\"https:\/\/schema.org\/BlogPosting\" itemprop=\"blogPost\" ><div class='avia_textblock  '   itemprop=\"text\" ><p style=\"text-align: justify;\">En Coyhaique se realiz\u00f3 la primera Jornada de Reflexi\u00f3n y Trabajo de la Red Institucional de G\u00e9nero, actividad liderada por la Seremi de la Mujer y la Equidad de G\u00e9nero Ays\u00e9n, Andrea M\u00e9ndez Valenzuela y que cont\u00f3 con la presencia de la directora regional (s) de SernamEG, Marta Godoy Carvajal y la directora regional de PRODEMU, Ingrid Osorio Santana.<\/p>\n<p style=\"text-align: justify;\">La actividad consisti\u00f3 en una exposici\u00f3n en materia de g\u00e9nero para cerca de 30 funcionarios y funcionarias de SernamEG y de PRODEMU, la que incluy\u00f3 presentaci\u00f3n de conceptos, evaluaci\u00f3n de gesti\u00f3n, desaf\u00edos y experiencias virtuosas. Adem\u00e1s, desarrollaron trabajo grupal en torno a la importancia de la red institucional de g\u00e9nero, motivaci\u00f3n y estrategias de articulaci\u00f3n.<\/p>\n<p style=\"text-align: justify;\">Al respecto, la seremi M\u00e9ndez se\u00f1al\u00f3: \u201cEl ministerio debe ser un ente articulador de la red institucional de g\u00e9nero, debe tener puentes de reconocimiento, dialogo y trabajo colaborativo. Y debe hacerlo sin distinci\u00f3n del gobierno de turno, pues la institucionalidad de g\u00e9nero es un deber del Estado de Chile y los m\u00e1s importantes es un derecho de las mujeres de nuestro pa\u00eds. Y en una Democracia, los derechos se deben promover y defender sin distinci\u00f3n, haci\u00e9ndolo de manera permanente y en todo el territorio, pues la institucionalidad de g\u00e9nero es una conquista de las mujeres para las mujeres\u201d, expres\u00f3 invitando a los y las funcionarias a tender puentes de comunicaci\u00f3n y colaboraci\u00f3n, reconociendo el trabajo realizado y poniendo en el centro siempre a las mujeres de la regi\u00f3n.<\/p>\n<p style=\"text-align: justify;\">La autoridad regional destac\u00f3 que desde el inicio se estableci\u00f3 que es un gobierno centrado en atender con urgencia demandas hist\u00f3ricas de las mujeres, el cual implica que todas las acciones del Estado est\u00e9n enfocadas en la paridad de g\u00e9nero e igualdad tanto en los espacios institucionales como en la pol\u00edtica, as\u00ed como en la importancia de incorporar la perspectiva de g\u00e9nero en todas las pol\u00edticas que tengan relaci\u00f3n con la vida de las mujeres y diversidades. Lo anterior, en coherencia con la l\u00ednea descentralizadora del gobierno, exige revisar la respuesta regional que estamos brindando, es por ello que se ha resuelto la realizaci\u00f3n del primer encuentro de la red institucional de g\u00e9nero de Ays\u00e9n.<\/p>\n<p style=\"text-align: justify;\">Al respecto la directora regional de PRODEMU dijo, \u201cEste primer encuentro de la red institucional de g\u00e9nero en la regi\u00f3n nos permite como Fundaci\u00f3n PRODEMU proyectar un trabajo colaborativo con las instituciones del Estado que est\u00e1n en la misma l\u00ednea de prop\u00f3sitos que la nuestra y de esta manera potenciar el alcance las ofertas institucionales. Permitirnos un espacio de reflexi\u00f3n tambi\u00e9n nos invita a revisar los alcances de cada sector e instalar un trabajo virtuoso entre los equipos de la Seremia de la Mujer y Equidad de G\u00e9nero y Sernameg. Agradecemos esta iniciativa que lidera hoy la Seremi Andrea M\u00e9ndez y que sin duda viene a fortalecer el trabajo en red que tanto se requiere en este territorio\u201d, agreg\u00f3.<\/p>\n<p style=\"text-align: justify;\">Por su parte al Directora (s) de SernamEG, Marta Godoy Carvajal, indic\u00f3: \u201cHemos tenido un grato encuentro las tres instituciones vinculadas a la cartera de g\u00e9nero, participaron todos nuestros equipos de profesionales y nos permiti\u00f3 compartir informaci\u00f3n. As\u00ed que nos va a permitir entregar un mejor servicio a la ciudadan\u00eda. Para el Servicio Nacional de la Mujer y la Equidad de G\u00e9nero ha sido una experiencia muy importante\u201d.<\/p>\n<p style=\"text-align: justify;\">A partir del trabajo desarrollado a trav\u00e9s de la jornada, y las propuestas de trabajo interinstitucional propuesto por las y los funcionarias de los distintos estamentos, es que la Seremi Andrea M\u00e9ndez junto a las directoras, idear\u00e1n y dise\u00f1ar\u00e1n acciones de mejora de gesti\u00f3n que permitan mejorar los tiempos de respuestas en oferta de g\u00e9nero.<\/p>\n<\/div><\/section><\/div><div  style='height:50px' class='hr hr-invisible   avia-builder-el-6  el_after_av_one_full  el_before_av_social_share '><span class='hr-inner ' ><span class='hr-inner-style'><\/span><\/span><\/div><\/p>\n<div  class='av-social-sharing-box  avia-builder-el-7  el_after_av_hr  el_before_av_hr  '><div class='av-share-box'><h5 class='av-share-link-description av-no-toc '>Compartir esta noticia<\/h5><ul class='av-share-box-list noLightbox'><li class='av-share-link av-social-link-facebook' ><a target=\"_blank\" aria-label=\"Compartir en Facebook\" href='https:\/\/www.facebook.com\/sharer.php?u=https:\/\/radiorevelacionfm.cl\/?p=33790&#038;t=Seremi%20de%20la%20Mujer%20lidera%20primera%20jornada%20de%20reflexi%C3%B3n%20y%20trabajo%20de%20la%20Red%20Institucional%20de%20G%C3%A9nero%20en%20Ays%C3%A9n' aria-hidden='false' data-av_icon='\ue8f3' data-av_iconfont='entypo-fontello' title='' data-avia-related-tooltip='Compartir en Facebook' rel=\"noopener\"><span class='avia_hidden_link_text'>Compartir en Facebook<\/span><\/a><\/li><li class='av-share-link av-social-link-twitter' ><a target=\"_blank\" aria-label=\"Compartir en Twitter\" href='https:\/\/twitter.com\/share?text=Seremi%20de%20la%20Mujer%20lidera%20primera%20jornada%20de%20reflexi%C3%B3n%20y%20trabajo%20de%20la%20Red%20Institucional%20de%20G%C3%A9nero%20en%20Ays%C3%A9n&#038;url=https:\/\/radiorevelacionfm.cl\/?p=33790' aria-hidden='false' data-av_icon='\ue8f1' data-av_iconfont='entypo-fontello' title='' data-avia-related-tooltip='Compartir en Twitter' rel=\"noopener\"><span class='avia_hidden_link_text'>Compartir en Twitter<\/span><\/a><\/li><li class='av-share-link av-social-link-whatsapp' ><a target=\"_blank\" aria-label=\"Compartir en Whatsapp\" href='https:\/\/api.whatsapp.com\/send?text=https:\/\/radiorevelacionfm.cl\/?p=33790' aria-hidden='false' data-av_icon='\uf232' data-av_iconfont='entypo-fontello' title='' data-avia-related-tooltip='Compartir en Whatsapp' rel=\"noopener\"><span class='avia_hidden_link_text'>Compartir en Whatsapp<\/span><\/a><\/li><li class='av-share-link av-social-link-linkedin' ><a target=\"_blank\" aria-label=\"Compartir en LinkedIn\" href='https:\/\/linkedin.com\/shareArticle?mini=true&#038;title=Seremi%20de%20la%20Mujer%20lidera%20primera%20jornada%20de%20reflexi%C3%B3n%20y%20trabajo%20de%20la%20Red%20Institucional%20de%20G%C3%A9nero%20en%20Ays%C3%A9n&#038;url=https:\/\/radiorevelacionfm.cl\/?p=33790' aria-hidden='false' data-av_icon='\ue8fc' data-av_iconfont='entypo-fontello' title='' data-avia-related-tooltip='Compartir en LinkedIn' rel=\"noopener\"><span class='avia_hidden_link_text'>Compartir en LinkedIn<\/span><\/a><\/li><li class='av-share-link av-social-link-mail' ><a  aria-label=\"Compartir por correo\" href='mailto:?subject=Seremi%20de%20la%20Mujer%20lidera%20primera%20jornada%20de%20reflexi%C3%B3n%20y%20trabajo%20de%20la%20Red%20Institucional%20de%20G%C3%A9nero%20en%20Ays%C3%A9n&#038;body=https:\/\/radiorevelacionfm.cl\/?p=33790' aria-hidden='false' data-av_icon='\ue805' data-av_iconfont='entypo-fontello' title='' data-avia-related-tooltip='Compartir por correo'><span class='avia_hidden_link_text'>Compartir por correo<\/span><\/a><\/li><\/ul><\/div><\/div>\n<div  style='height:50px' class='hr hr-invisible   avia-builder-el-8  el_after_av_social_share  el_before_av_comments_list '><span class='hr-inner ' ><span class='hr-inner-style'><\/span><\/span><\/div>\n<div  class='av-buildercomment  av-blog-meta-html-info-disabled av-blog-meta-tag-disabled  '><\/div>\n","protected":false},"excerpt":{"rendered":"","protected":false},"author":1,"featured_media":33791,"comment_status":"open","ping_status":"open","sticky":false,"template":"","format":"standard","meta":{"footnotes":""},"categories":[38],"tags":[],"class_list":["post-33790","post","type-post","status-publish","format-standard","has-post-thumbnail","hentry","category-regional"],"jetpack_featured_media_url":"https:\/\/radiorevelacionfm.cl\/wp-content\/uploads\/2023\/08\/Fotografia.-2-2.jpeg","_links":{"self":[{"href":"https:\/\/radiorevelacionfm.cl\/index.php?rest_route=\/wp\/v2\/posts\/33790","targetHints":{"allow":["GET"]}}],"collection":[{"href":"https:\/\/radiorevelacionfm.cl\/index.php?rest_route=\/wp\/v2\/posts"}],"about":[{"href":"https:\/\/radiorevelacionfm.cl\/index.php?rest_route=\/wp\/v2\/types\/post"}],"author":[{"embeddable":true,"href":"https:\/\/radiorevelacionfm.cl\/index.php?rest_route=\/wp\/v2\/users\/1"}],"replies":[{"embeddable":true,"href":"https:\/\/radiorevelacionfm.cl\/index.php?rest_route=%2Fwp%2Fv2%2Fcomments&post=33790"}],"version-history":[{"count":1,"href":"https:\/\/radiorevelacionfm.cl\/index.php?rest_route=\/wp\/v2\/posts\/33790\/revisions"}],"predecessor-version":[{"id":33792,"href":"https:\/\/radiorevelacionfm.cl\/index.php?rest_route=\/wp\/v2\/posts\/33790\/revisions\/33792"}],"wp:featuredmedia":[{"embeddable":true,"href":"https:\/\/radiorevelacionfm.cl\/index.php?rest_route=\/wp\/v2\/media\/33791"}],"wp:attachment":[{"href":"https:\/\/radiorevelacionfm.cl\/index.php?rest_route=%2Fwp%2Fv2%2Fmedia&parent=33790"}],"wp:term":[{"taxonomy":"category","embeddable":true,"href":"https:\/\/radiorevelacionfm.cl\/index.php?rest_route=%2Fwp%2Fv2%2Fcategories&post=33790"},{"taxonomy":"post_tag","embeddable":true,"href":"https:\/\/radiorevelacionfm.cl\/index.php?rest_route=%2Fwp%2Fv2%2Ftags&post=33790"}],"curies":[{"name":"wp","href":"https:\/\/api.w.org\/{rel}","templated":true}]}}