{"id":33786,"date":"2023-08-10T10:47:42","date_gmt":"2023-08-10T13:47:42","guid":{"rendered":"https:\/\/radiorevelacionfm.cl\/?p=33786"},"modified":"2023-08-10T10:47:42","modified_gmt":"2023-08-10T13:47:42","slug":"en-el-marco-de-sus-44-anos-el-servicio-de-salud-aysen-destaco-trayectoria-de-funcionarios-y-funcionarias","status":"publish","type":"post","link":"https:\/\/radiorevelacionfm.cl\/?p=33786","title":{"rendered":"En el marco de sus 44 a\u00f1os el Servicio de Salud Ays\u00e9n destac\u00f3 trayectoria de funcionarios y funcionarias"},"content":{"rendered":"<div class=\"flex_column av_one_full  flex_column_div av-zero-column-padding first  avia-builder-el-0  el_before_av_one_full  avia-builder-el-first  \" style='border-radius:0px; '><div  class='avia-image-container  av-styling-    avia-builder-el-1  avia-builder-el-no-sibling  avia-align-center '  itemprop=\"image\" itemscope=\"itemscope\" itemtype=\"https:\/\/schema.org\/ImageObject\"  ><div class='avia-image-container-inner'><div class='avia-image-overlay-wrap'><img decoding=\"async\" class='wp-image-33787 avia-img-lazy-loading-not-33787 avia_image' src=\"https:\/\/radiorevelacionfm.cl\/wp-content\/uploads\/2023\/08\/ANIVERSARIO-6-2-2.jpeg\" alt='' title='ANIVERSARIO (6)-2-2' height=\"600\" width=\"800\"  itemprop=\"thumbnailUrl\" srcset=\"https:\/\/radiorevelacionfm.cl\/wp-content\/uploads\/2023\/08\/ANIVERSARIO-6-2-2.jpeg 800w, https:\/\/radiorevelacionfm.cl\/wp-content\/uploads\/2023\/08\/ANIVERSARIO-6-2-2-300x225.jpeg 300w, https:\/\/radiorevelacionfm.cl\/wp-content\/uploads\/2023\/08\/ANIVERSARIO-6-2-2-768x576.jpeg 768w, https:\/\/radiorevelacionfm.cl\/wp-content\/uploads\/2023\/08\/ANIVERSARIO-6-2-2-705x529.jpeg 705w, https:\/\/radiorevelacionfm.cl\/wp-content\/uploads\/2023\/08\/ANIVERSARIO-6-2-2-450x338.jpeg 450w, https:\/\/radiorevelacionfm.cl\/wp-content\/uploads\/2023\/08\/ANIVERSARIO-6-2-2-600x450.jpeg 600w\" sizes=\"(max-width: 800px) 100vw, 800px\" \/><\/div><\/div><\/div><\/div><div class=\"flex_column av_one_full  flex_column_div av-zero-column-padding first  avia-builder-el-2  el_after_av_one_full  el_before_av_one_full  column-top-margin\" style='border-radius:0px; '><section class=\"av_textblock_section \"  itemscope=\"itemscope\" itemtype=\"https:\/\/schema.org\/BlogPosting\" itemprop=\"blogPost\" ><div class='avia_textblock  '   itemprop=\"text\" ><p style=\"text-align: center;\"><span style=\"font-size: 18pt;\"><b><span lang=\"ES\">En el marco de sus 44 a\u00f1os el Servicio de Salud Ays\u00e9n destac\u00f3 trayectoria de funcionarios y funcionarias<\/span><\/b><\/span><\/p>\n<div id=\"gtx-trans\" style=\"position: absolute; left: -50px; top: 4.31534px;\">\n<div class=\"gtx-trans-icon\"><\/div>\n<\/div>\n<\/div><\/section><\/div><div class=\"flex_column av_one_full  flex_column_div av-zero-column-padding first  avia-builder-el-4  el_after_av_one_full  el_before_av_hr  column-top-margin\" style='border-radius:0px; '><section class=\"av_textblock_section \"  itemscope=\"itemscope\" itemtype=\"https:\/\/schema.org\/BlogPosting\" itemprop=\"blogPost\" ><div class='avia_textblock  '   itemprop=\"text\" ><p style=\"text-align: justify;\">En una ceremonia realizada en el auditorio del Servicio de Salud Ays\u00e9n (SSA), esta instituci\u00f3n p\u00fablica reconoci\u00f3 a los trabajadores y trabajadoras con 20, 30 y 35 a\u00f1os de servicio, quienes fueron homenajeados por sus pares y por las autoridades institucionales.<\/p>\n<p style=\"text-align: justify;\">\u201cReconocer la labor de muchos funcionarios y hacer una pausa para ver c\u00f3mo estamos como servicio y seguir avanzando, tenemos muchos, m\u00faltiples desaf\u00edos, pero lo importante es que estamos avanzando y lo estamos haciendo en forma mancomunada, integrada por los diferentes actores del sector e inter sector y eso nos da esperanza para acercar de mejor forma la salud en nuestra regi\u00f3n\u201d, se\u00f1al\u00f3 Mauricio Cort\u00e9s Molina, director (S) del Servicio de Salud Ays\u00e9n.<\/p>\n<p style=\"text-align: justify;\">En la ceremonia se record\u00f3 que los\u00a0servicios\u00a0de salud en nuestro pa\u00eds existen luego que se dictara el Decreto Ley 2.763 el 3 de agosto de 1979, que reestructur\u00f3 al Ministerio de Salud y cre\u00f3 el Sistema Nacional de Salud y establece los organismos dependientes, entre ellos el ISP, Fonasa y Central de Abastecimiento (Cenabast) estableciendo la nueva forma en c\u00f3mo ir enfrentando las pol\u00edticas sanitarias del pa\u00eds.<\/p>\n<p style=\"text-align: justify;\">\u201cAprovechar la instancia para hacerles un llamado a los colegas de la red asistencial que traten de entregar lo mejor de cada uno para sentirnos orgullosos de nuestro trabajo y reiterar el llamado a la jefatura y autoridades que sepan cuidar a su gente y sacar lo mejor de cada uno para tener un trabajo final que es entregar bienestar a la poblaci\u00f3n y una mejor salud a toda la gente de esta regi\u00f3n\u201d, se\u00f1al\u00f3 por su parte Alejandro Riscal, quien cumpli\u00f3 20 a\u00f1os de servicio.<\/p>\n<p style=\"text-align: justify;\">En total se reconoci\u00f3 la trayectoria laboral de quince funcionarios de distintas dependencias del Servicio de Salud.<\/p>\n<\/div><\/section><\/div><div  style='height:50px' class='hr hr-invisible   avia-builder-el-6  el_after_av_one_full  el_before_av_social_share '><span class='hr-inner ' ><span class='hr-inner-style'><\/span><\/span><\/div><\/p>\n<div  class='av-social-sharing-box  avia-builder-el-7  el_after_av_hr  el_before_av_hr  '><div class='av-share-box'><h5 class='av-share-link-description av-no-toc '>Compartir esta noticia<\/h5><ul class='av-share-box-list noLightbox'><li class='av-share-link av-social-link-facebook' ><a target=\"_blank\" aria-label=\"Compartir en Facebook\" href='https:\/\/www.facebook.com\/sharer.php?u=https:\/\/radiorevelacionfm.cl\/?p=33786&#038;t=En%20el%20marco%20de%20sus%2044%20a%C3%B1os%20el%20Servicio%20de%20Salud%20Ays%C3%A9n%20destac%C3%B3%20trayectoria%20de%20funcionarios%20y%20funcionarias' aria-hidden='false' data-av_icon='\ue8f3' data-av_iconfont='entypo-fontello' title='' data-avia-related-tooltip='Compartir en Facebook' rel=\"noopener\"><span class='avia_hidden_link_text'>Compartir en Facebook<\/span><\/a><\/li><li class='av-share-link av-social-link-twitter' ><a target=\"_blank\" aria-label=\"Compartir en Twitter\" href='https:\/\/twitter.com\/share?text=En%20el%20marco%20de%20sus%2044%20a%C3%B1os%20el%20Servicio%20de%20Salud%20Ays%C3%A9n%20destac%C3%B3%20trayectoria%20de%20funcionarios%20y%20funcionarias&#038;url=https:\/\/radiorevelacionfm.cl\/?p=33786' aria-hidden='false' data-av_icon='\ue8f1' data-av_iconfont='entypo-fontello' title='' data-avia-related-tooltip='Compartir en Twitter' rel=\"noopener\"><span class='avia_hidden_link_text'>Compartir en Twitter<\/span><\/a><\/li><li class='av-share-link av-social-link-whatsapp' ><a target=\"_blank\" aria-label=\"Compartir en Whatsapp\" href='https:\/\/api.whatsapp.com\/send?text=https:\/\/radiorevelacionfm.cl\/?p=33786' aria-hidden='false' data-av_icon='\uf232' data-av_iconfont='entypo-fontello' title='' data-avia-related-tooltip='Compartir en Whatsapp' rel=\"noopener\"><span class='avia_hidden_link_text'>Compartir en Whatsapp<\/span><\/a><\/li><li class='av-share-link av-social-link-linkedin' ><a target=\"_blank\" aria-label=\"Compartir en LinkedIn\" href='https:\/\/linkedin.com\/shareArticle?mini=true&#038;title=En%20el%20marco%20de%20sus%2044%20a%C3%B1os%20el%20Servicio%20de%20Salud%20Ays%C3%A9n%20destac%C3%B3%20trayectoria%20de%20funcionarios%20y%20funcionarias&#038;url=https:\/\/radiorevelacionfm.cl\/?p=33786' aria-hidden='false' data-av_icon='\ue8fc' data-av_iconfont='entypo-fontello' title='' data-avia-related-tooltip='Compartir en LinkedIn' rel=\"noopener\"><span class='avia_hidden_link_text'>Compartir en LinkedIn<\/span><\/a><\/li><li class='av-share-link av-social-link-mail' ><a  aria-label=\"Compartir por correo\" href='mailto:?subject=En%20el%20marco%20de%20sus%2044%20a%C3%B1os%20el%20Servicio%20de%20Salud%20Ays%C3%A9n%20destac%C3%B3%20trayectoria%20de%20funcionarios%20y%20funcionarias&#038;body=https:\/\/radiorevelacionfm.cl\/?p=33786' aria-hidden='false' data-av_icon='\ue805' data-av_iconfont='entypo-fontello' title='' data-avia-related-tooltip='Compartir por correo'><span class='avia_hidden_link_text'>Compartir por correo<\/span><\/a><\/li><\/ul><\/div><\/div>\n<div  style='height:50px' class='hr hr-invisible   avia-builder-el-8  el_after_av_social_share  el_before_av_comments_list '><span class='hr-inner ' ><span class='hr-inner-style'><\/span><\/span><\/div>\n<div  class='av-buildercomment  av-blog-meta-html-info-disabled av-blog-meta-tag-disabled  '><\/div>\n","protected":false},"excerpt":{"rendered":"","protected":false},"author":1,"featured_media":33787,"comment_status":"open","ping_status":"open","sticky":false,"template":"","format":"standard","meta":{"footnotes":""},"categories":[46],"tags":[],"class_list":["post-33786","post","type-post","status-publish","format-standard","has-post-thumbnail","hentry","category-salud"],"jetpack_featured_media_url":"https:\/\/radiorevelacionfm.cl\/wp-content\/uploads\/2023\/08\/ANIVERSARIO-6-2-2.jpeg","_links":{"self":[{"href":"https:\/\/radiorevelacionfm.cl\/index.php?rest_route=\/wp\/v2\/posts\/33786","targetHints":{"allow":["GET"]}}],"collection":[{"href":"https:\/\/radiorevelacionfm.cl\/index.php?rest_route=\/wp\/v2\/posts"}],"about":[{"href":"https:\/\/radiorevelacionfm.cl\/index.php?rest_route=\/wp\/v2\/types\/post"}],"author":[{"embeddable":true,"href":"https:\/\/radiorevelacionfm.cl\/index.php?rest_route=\/wp\/v2\/users\/1"}],"replies":[{"embeddable":true,"href":"https:\/\/radiorevelacionfm.cl\/index.php?rest_route=%2Fwp%2Fv2%2Fcomments&post=33786"}],"version-history":[{"count":1,"href":"https:\/\/radiorevelacionfm.cl\/index.php?rest_route=\/wp\/v2\/posts\/33786\/revisions"}],"predecessor-version":[{"id":33789,"href":"https:\/\/radiorevelacionfm.cl\/index.php?rest_route=\/wp\/v2\/posts\/33786\/revisions\/33789"}],"wp:featuredmedia":[{"embeddable":true,"href":"https:\/\/radiorevelacionfm.cl\/index.php?rest_route=\/wp\/v2\/media\/33787"}],"wp:attachment":[{"href":"https:\/\/radiorevelacionfm.cl\/index.php?rest_route=%2Fwp%2Fv2%2Fmedia&parent=33786"}],"wp:term":[{"taxonomy":"category","embeddable":true,"href":"https:\/\/radiorevelacionfm.cl\/index.php?rest_route=%2Fwp%2Fv2%2Fcategories&post=33786"},{"taxonomy":"post_tag","embeddable":true,"href":"https:\/\/radiorevelacionfm.cl\/index.php?rest_route=%2Fwp%2Fv2%2Ftags&post=33786"}],"curies":[{"name":"wp","href":"https:\/\/api.w.org\/{rel}","templated":true}]}}