{"id":33778,"date":"2023-08-10T11:30:57","date_gmt":"2023-08-10T14:30:57","guid":{"rendered":"https:\/\/radiorevelacionfm.cl\/?p=33778"},"modified":"2023-08-10T11:30:57","modified_gmt":"2023-08-10T14:30:57","slug":"invitan-a-la-comunidad-regional-a-sumarse-al-congreso-pedagogico-y-curricular-la-educacion-es-el-tema","status":"publish","type":"post","link":"https:\/\/radiorevelacionfm.cl\/?p=33778","title":{"rendered":"Invitan a la comunidad regional a sumarse al Congreso Pedag\u00f3gico y Curricular \u00abLa Educaci\u00f3n es el Tema\u00bb"},"content":{"rendered":"<div class=\"flex_column av_one_full  flex_column_div av-zero-column-padding first  avia-builder-el-0  el_before_av_one_full  avia-builder-el-first  \" style='border-radius:0px; '><div  class='avia-image-container  av-styling-    avia-builder-el-1  avia-builder-el-no-sibling  avia-align-center '  itemprop=\"image\" itemscope=\"itemscope\" itemtype=\"https:\/\/schema.org\/ImageObject\"  ><div class='avia-image-container-inner'><div class='avia-image-overlay-wrap'><img decoding=\"async\" class='wp-image-33779 avia-img-lazy-loading-not-33779 avia_image' src=\"https:\/\/radiorevelacionfm.cl\/wp-content\/uploads\/2023\/08\/img_2620-2-2_optimized.jpg\" alt='' title='img_2620-2-2_optimized' height=\"600\" width=\"800\"  itemprop=\"thumbnailUrl\" srcset=\"https:\/\/radiorevelacionfm.cl\/wp-content\/uploads\/2023\/08\/img_2620-2-2_optimized.jpg 800w, https:\/\/radiorevelacionfm.cl\/wp-content\/uploads\/2023\/08\/img_2620-2-2_optimized-300x225.jpg 300w, https:\/\/radiorevelacionfm.cl\/wp-content\/uploads\/2023\/08\/img_2620-2-2_optimized-768x576.jpg 768w, https:\/\/radiorevelacionfm.cl\/wp-content\/uploads\/2023\/08\/img_2620-2-2_optimized-705x529.jpg 705w, https:\/\/radiorevelacionfm.cl\/wp-content\/uploads\/2023\/08\/img_2620-2-2_optimized-450x338.jpg 450w, https:\/\/radiorevelacionfm.cl\/wp-content\/uploads\/2023\/08\/img_2620-2-2_optimized-600x450.jpg 600w\" sizes=\"(max-width: 800px) 100vw, 800px\" \/><\/div><\/div><\/div><\/div><div class=\"flex_column av_one_full  flex_column_div av-zero-column-padding first  avia-builder-el-2  el_after_av_one_full  el_before_av_one_full  column-top-margin\" style='border-radius:0px; '><section class=\"av_textblock_section \"  itemscope=\"itemscope\" itemtype=\"https:\/\/schema.org\/BlogPosting\" itemprop=\"blogPost\" ><div class='avia_textblock  '   itemprop=\"text\" ><p style=\"text-align: center;\"><strong><span style=\"font-size: 18pt;\">Invitan a la comunidad regional a sumarse al Congreso Pedag\u00f3gico y Curricular \u00abLa Educaci\u00f3n es el Tema\u00bb<\/span><\/strong><\/p>\n<div id=\"gtx-trans\" style=\"position: absolute; left: -50px; top: 4.31534px;\">\n<div class=\"gtx-trans-icon\"><\/div>\n<\/div>\n<\/div><\/section><\/div><div class=\"flex_column av_one_full  flex_column_div av-zero-column-padding first  avia-builder-el-4  el_after_av_one_full  el_before_av_hr  column-top-margin\" style='border-radius:0px; '><section class=\"av_textblock_section \"  itemscope=\"itemscope\" itemtype=\"https:\/\/schema.org\/BlogPosting\" itemprop=\"blogPost\" ><div class='avia_textblock  '   itemprop=\"text\" ><p class=\"v1MsoNormal\" style=\"text-align: justify;\">Hoy mi\u00e9rcoles 9 de agosto en el hall del Gobierno Regional de Ays\u00e9n en Coyhaique y con la presencia de autoridades regionales, representantes de establecimientos educacionales organizaciones civiles, universidades y ONGs, la SEREMI de Educaci\u00f3n Isabel Garrido Casassa\u00a0 lider\u00f3 el lanzamiento del Congreso Pedag\u00f3gico y Curricular: \u00abLa educaci\u00f3n es el tema\u00bb, que invita a la ciudadan\u00eda a aportar en la construcci\u00f3n de un gran acuerdo que oriente el desarrollo de las pol\u00edticas educativas, en especial en el proceso de actualizaci\u00f3n del Curr\u00edculum Nacional entre 1\u00b0 b\u00e1sico y II medio.<\/p>\n<p class=\"v1MsoNormal\" style=\"text-align: justify;\">El Congreso Pedag\u00f3gico y Curricular: La educaci\u00f3n es el tema, es un proceso participativo promovido por el Ministerio de Educaci\u00f3n de Chile y coorganizado con la Oficina Regional de Educaci\u00f3n para Am\u00e9rica Latina y el Caribe (OREALC\/UNESCO Santiago), En el contexto de la reactivaci\u00f3n educativa, es de gran relevancia abrir estos espacios de di\u00e1logo que permitan abordar las necesidades presentes y futuras de la educaci\u00f3n.<\/p>\n<p class=\"v1MsoNormal\" style=\"text-align: justify;\">En la presentaci\u00f3n de la iniciativa estuvieron presentes la Gobernadora Andrea Mac\u00edas Palma, la Directora de la Superintendencia de Educaci\u00f3n Pamela Adriazola, el Director Ejecutivo del Slep Ays\u00e9n Sebasti\u00e1n Gonz\u00e1lez, entre otros. Tambi\u00e9n se sumaron las alumnas del Taller de Danza Folcl\u00f3rica del Liceo T\u00e9cnico Profesional Juan Pablo II de la capital regional.<\/p>\n<p class=\"v1MsoNormal\" style=\"text-align: justify;\">En su exposici\u00f3n, Isabel Garrido destac\u00f3 que \u00abEl Congreso Pedag\u00f3gico y Curricular es un compromiso del programa de gobierno del Presidente Gabriel Boric y tambi\u00e9n una inquietud que nace de las propias comunidades educativas, de las y los profesores de repensar la educaci\u00f3n para el siglo XXI e incorporar los aprendizajes que nos dej\u00f3 la pandemia, sobre el uso de la tecnolog\u00eda, incorporar aprendizajes significativos que se hagan cargo de las problem\u00e1ticas de la comunidad en que vivimos. Una educaci\u00f3n que no contribuya o profundice el agobio laboral docente, sino que avancemos en una Jornada Escolar Completa que de cuenta que una educaci\u00f3n integral. Todo ese tipo de inquietudes las queremos recoger en el Congreso Pedag\u00f3gico y Curricular, al que esperamos convocar a toda la sociedad civil, a las escuelas, a las y los padres y apoderados. La invitaci\u00f3n es a dialogar sobre qu\u00e9 queremos aprender, c\u00f3mo queremos aprender, y en qu\u00e9 tiempo es m\u00e1s adecuado aprenderlo; as\u00ed que esperamos desarrollar este di\u00e1logo durante agosto, ingresando a la p\u00e1gina <a href=\"http:\/\/www.congresopedagogico.mineduc.cl\/\" target=\"_blank\" rel=\"noopener noreferrer\">www.congresopedagogico.mineduc.cl<\/a> y descargar la metodolog\u00eda, realizar los di\u00e1logos autoconvocadas, subir a la plataforma las actas que posteriormente ser\u00e1n sistematizadas y generar un insumo que nos permita actualizar nuestras bases curriculares con la participaci\u00f3n de todas y todos\u00bb.<\/p>\n<p class=\"v1MsoNormal\" style=\"text-align: justify;\">Por su parte, la Gobernadora Andrea Mac\u00edas reflexion\u00f3 sobre que \u00abTodos tenemos responsabilidad en la educaci\u00f3n de nuestras hijas e hijos, los profesores pero tambi\u00e9n las familias y esperamos que este sea un espacio que permita ir m\u00e1s all\u00e1 de lo curricular y nos permita mirar a esos otros actores. Estoy convencida de que necesitamos buscar las estrategias que nos permitan intervenir en apoyo de las familias, incluyendo a todas y todos en el di\u00e1logo para mejorar nuestra pol\u00edtica educacional y hacer efectiva y \u00fatil la Jornada Escolar Completa por ejemplo y deseamos que este Congreso Pedag\u00f3gico sea el espacio para aquello\u00bb.<\/p>\n<p class=\"v1MsoNormal\" style=\"text-align: justify;\">En tanto, el Director del Liceo T\u00e9cnico Profesional Juan Pablo II Marcelo Cer\u00f3n se\u00f1al\u00f3 que \u00abNuestra expectativa frente a esta invitaci\u00f3n se centra en recoger informaci\u00f3n a trav\u00e9s de este di\u00e1logo propuesto con todos los actores de nuestra comunidad educativa respecto a lo que queremos en relaci\u00f3n curr\u00edculo. Hist\u00f3ricamente estos siempre han sido r\u00edgidos en sus contenidos y por eso tener una instancia para abordarlos es muy importante, eso o valoramos mucho y creemos que el resultado de esto va a permitir conocer el deseo que tienen los estudiantes y sus familias sobre lo que quieren aprender en el colegio\u00bb.<\/p>\n<p class=\"v1MsoNormal\" style=\"text-align: justify;\"><b>En agosto se realizar\u00e1n los di\u00e1logos por el Congreso<\/b><\/p>\n<p class=\"v1MsoNormal\" style=\"text-align: justify;\">El Congreso se llevar\u00e1 a cabo a trav\u00e9s de di\u00e1logos participativos a efectuarse durante agosto, Es una invitaci\u00f3n amplia y flexible, que cada comunidad educativa puede adecuar a su propia realidad, organizando\u00a0 di\u00e1logos y encuentros centrados en conversar sobre \u00bfqu\u00e9 aprender?, \u00bfc\u00f3mo aprender? y \u00bfcu\u00e1ndo y d\u00f3nde aprender? tres preguntas que permiten abordar importantes desaf\u00edos relacionados con el curr\u00edculum que organiza los contenidos que se ense\u00f1an en el sistema educacional del pa\u00eds.<\/p>\n<p class=\"v1MsoNormal\" style=\"text-align: justify;\">El llamado es a que participen ampliamente tanto las y los docentes, asistentes y profesionales de la educaci\u00f3n, como padres, madres, apoderados, apoderadas y estudiantes desde el nivel medio mayor hasta cuarto medio y la ciudadan\u00eda en su conjunto. Sus visiones ser\u00e1n incorporadas como otra fuente de informaci\u00f3n al proceso de actualizaci\u00f3n de las Bases Curriculares de los pr\u00f3ximos a\u00f1os que como Ministerio le propondremos al Consejo Nacional de Educaci\u00f3n. Toda la informaci\u00f3n sobre c\u00f3mo organizar y participar en esta conversaci\u00f3n, de car\u00e1cter nacional, se encuentra disponible en https:\/\/congresopedagogico.mineduc.cl\/<\/p>\n<p class=\"v1MsoNormal\" style=\"text-align: justify;\">Adem\u00e1s, se extiende este llamado a las organizaciones de la sociedad civil de la regi\u00f3n, para que organicen sus propios encuentros. Tambi\u00e9n, en el mismo sitio web https:\/\/congresopedagogico.mineduc.cl\/, existe un formulario que permite la participaci\u00f3n individual de nuestros ciudadanos y ciudadanas.<\/p>\n<\/div><\/section><\/div><div  style='height:50px' class='hr hr-invisible   avia-builder-el-6  el_after_av_one_full  el_before_av_social_share '><span class='hr-inner ' ><span class='hr-inner-style'><\/span><\/span><\/div><\/p>\n<div  class='av-social-sharing-box  avia-builder-el-7  el_after_av_hr  el_before_av_hr  '><div class='av-share-box'><h5 class='av-share-link-description av-no-toc '>Compartir esta noticia<\/h5><ul class='av-share-box-list noLightbox'><li class='av-share-link av-social-link-facebook' ><a target=\"_blank\" aria-label=\"Compartir en Facebook\" href='https:\/\/www.facebook.com\/sharer.php?u=https:\/\/radiorevelacionfm.cl\/?p=33778&#038;t=Invitan%20a%20la%20comunidad%20regional%20a%20sumarse%20al%20Congreso%20Pedag%C3%B3gico%20y%20Curricular%20%C2%ABLa%20Educaci%C3%B3n%20es%20el%20Tema%C2%BB' aria-hidden='false' data-av_icon='\ue8f3' data-av_iconfont='entypo-fontello' title='' data-avia-related-tooltip='Compartir en Facebook' rel=\"noopener\"><span class='avia_hidden_link_text'>Compartir en Facebook<\/span><\/a><\/li><li class='av-share-link av-social-link-twitter' ><a target=\"_blank\" aria-label=\"Compartir en Twitter\" href='https:\/\/twitter.com\/share?text=Invitan%20a%20la%20comunidad%20regional%20a%20sumarse%20al%20Congreso%20Pedag%C3%B3gico%20y%20Curricular%20%C2%ABLa%20Educaci%C3%B3n%20es%20el%20Tema%C2%BB&#038;url=https:\/\/radiorevelacionfm.cl\/?p=33778' aria-hidden='false' data-av_icon='\ue8f1' data-av_iconfont='entypo-fontello' title='' data-avia-related-tooltip='Compartir en Twitter' rel=\"noopener\"><span class='avia_hidden_link_text'>Compartir en Twitter<\/span><\/a><\/li><li class='av-share-link av-social-link-whatsapp' ><a target=\"_blank\" aria-label=\"Compartir en Whatsapp\" href='https:\/\/api.whatsapp.com\/send?text=https:\/\/radiorevelacionfm.cl\/?p=33778' aria-hidden='false' data-av_icon='\uf232' data-av_iconfont='entypo-fontello' title='' data-avia-related-tooltip='Compartir en Whatsapp' rel=\"noopener\"><span class='avia_hidden_link_text'>Compartir en Whatsapp<\/span><\/a><\/li><li class='av-share-link av-social-link-linkedin' ><a target=\"_blank\" aria-label=\"Compartir en LinkedIn\" href='https:\/\/linkedin.com\/shareArticle?mini=true&#038;title=Invitan%20a%20la%20comunidad%20regional%20a%20sumarse%20al%20Congreso%20Pedag%C3%B3gico%20y%20Curricular%20%C2%ABLa%20Educaci%C3%B3n%20es%20el%20Tema%C2%BB&#038;url=https:\/\/radiorevelacionfm.cl\/?p=33778' aria-hidden='false' data-av_icon='\ue8fc' data-av_iconfont='entypo-fontello' title='' data-avia-related-tooltip='Compartir en LinkedIn' rel=\"noopener\"><span class='avia_hidden_link_text'>Compartir en LinkedIn<\/span><\/a><\/li><li class='av-share-link av-social-link-mail' ><a  aria-label=\"Compartir por correo\" href='mailto:?subject=Invitan%20a%20la%20comunidad%20regional%20a%20sumarse%20al%20Congreso%20Pedag%C3%B3gico%20y%20Curricular%20%C2%ABLa%20Educaci%C3%B3n%20es%20el%20Tema%C2%BB&#038;body=https:\/\/radiorevelacionfm.cl\/?p=33778' aria-hidden='false' data-av_icon='\ue805' data-av_iconfont='entypo-fontello' title='' data-avia-related-tooltip='Compartir por correo'><span class='avia_hidden_link_text'>Compartir por correo<\/span><\/a><\/li><\/ul><\/div><\/div>\n<div  style='height:50px' class='hr hr-invisible   avia-builder-el-8  el_after_av_social_share  el_before_av_comments_list '><span class='hr-inner ' ><span class='hr-inner-style'><\/span><\/span><\/div>\n<div  class='av-buildercomment  av-blog-meta-html-info-disabled av-blog-meta-tag-disabled  '><\/div>\n","protected":false},"excerpt":{"rendered":"","protected":false},"author":1,"featured_media":33779,"comment_status":"open","ping_status":"open","sticky":false,"template":"","format":"standard","meta":{"footnotes":""},"categories":[49],"tags":[],"class_list":["post-33778","post","type-post","status-publish","format-standard","has-post-thumbnail","hentry","category-educacion"],"jetpack_featured_media_url":"https:\/\/radiorevelacionfm.cl\/wp-content\/uploads\/2023\/08\/img_2620-2-2_optimized.jpg","_links":{"self":[{"href":"https:\/\/radiorevelacionfm.cl\/index.php?rest_route=\/wp\/v2\/posts\/33778","targetHints":{"allow":["GET"]}}],"collection":[{"href":"https:\/\/radiorevelacionfm.cl\/index.php?rest_route=\/wp\/v2\/posts"}],"about":[{"href":"https:\/\/radiorevelacionfm.cl\/index.php?rest_route=\/wp\/v2\/types\/post"}],"author":[{"embeddable":true,"href":"https:\/\/radiorevelacionfm.cl\/index.php?rest_route=\/wp\/v2\/users\/1"}],"replies":[{"embeddable":true,"href":"https:\/\/radiorevelacionfm.cl\/index.php?rest_route=%2Fwp%2Fv2%2Fcomments&post=33778"}],"version-history":[{"count":1,"href":"https:\/\/radiorevelacionfm.cl\/index.php?rest_route=\/wp\/v2\/posts\/33778\/revisions"}],"predecessor-version":[{"id":33780,"href":"https:\/\/radiorevelacionfm.cl\/index.php?rest_route=\/wp\/v2\/posts\/33778\/revisions\/33780"}],"wp:featuredmedia":[{"embeddable":true,"href":"https:\/\/radiorevelacionfm.cl\/index.php?rest_route=\/wp\/v2\/media\/33779"}],"wp:attachment":[{"href":"https:\/\/radiorevelacionfm.cl\/index.php?rest_route=%2Fwp%2Fv2%2Fmedia&parent=33778"}],"wp:term":[{"taxonomy":"category","embeddable":true,"href":"https:\/\/radiorevelacionfm.cl\/index.php?rest_route=%2Fwp%2Fv2%2Fcategories&post=33778"},{"taxonomy":"post_tag","embeddable":true,"href":"https:\/\/radiorevelacionfm.cl\/index.php?rest_route=%2Fwp%2Fv2%2Ftags&post=33778"}],"curies":[{"name":"wp","href":"https:\/\/api.w.org\/{rel}","templated":true}]}}