{"id":33775,"date":"2023-08-09T20:42:31","date_gmt":"2023-08-09T23:42:31","guid":{"rendered":"https:\/\/radiorevelacionfm.cl\/?p=33775"},"modified":"2023-08-09T20:42:31","modified_gmt":"2023-08-09T23:42:31","slug":"gobernadora-y-recurso-de-proteccion-contra-zonas-contiguas-lo-importante-es-que-las-decisiones-se-tomen-en-la-region-de-aysen","status":"publish","type":"post","link":"https:\/\/radiorevelacionfm.cl\/?p=33775","title":{"rendered":"Gobernadora y recurso de protecci\u00f3n contra Zonas Contiguas: \u00abLo importante es que las decisiones se tomen en la Regi\u00f3n de Ays\u00e9n\u00bb"},"content":{"rendered":"<div class=\"flex_column av_one_full  flex_column_div av-zero-column-padding first  avia-builder-el-0  el_before_av_one_full  avia-builder-el-first  \" style='border-radius:0px; '><div  class='avia-image-container  av-styling-    avia-builder-el-1  avia-builder-el-no-sibling  avia-align-center '  itemprop=\"image\" itemscope=\"itemscope\" itemtype=\"https:\/\/schema.org\/ImageObject\"  ><div class='avia-image-container-inner'><div class='avia-image-overlay-wrap'><img decoding=\"async\" class='wp-image-33776 avia-img-lazy-loading-not-33776 avia_image' src=\"https:\/\/radiorevelacionfm.cl\/wp-content\/uploads\/2023\/08\/zonas-contiguas-1-2-2.jpeg\" alt='' title='zonas contiguas 1-2-2' height=\"600\" width=\"1178\"  itemprop=\"thumbnailUrl\" srcset=\"https:\/\/radiorevelacionfm.cl\/wp-content\/uploads\/2023\/08\/zonas-contiguas-1-2-2.jpeg 1178w, https:\/\/radiorevelacionfm.cl\/wp-content\/uploads\/2023\/08\/zonas-contiguas-1-2-2-300x153.jpeg 300w, https:\/\/radiorevelacionfm.cl\/wp-content\/uploads\/2023\/08\/zonas-contiguas-1-2-2-1030x525.jpeg 1030w, https:\/\/radiorevelacionfm.cl\/wp-content\/uploads\/2023\/08\/zonas-contiguas-1-2-2-768x391.jpeg 768w, https:\/\/radiorevelacionfm.cl\/wp-content\/uploads\/2023\/08\/zonas-contiguas-1-2-2-705x359.jpeg 705w, https:\/\/radiorevelacionfm.cl\/wp-content\/uploads\/2023\/08\/zonas-contiguas-1-2-2-450x229.jpeg 450w, https:\/\/radiorevelacionfm.cl\/wp-content\/uploads\/2023\/08\/zonas-contiguas-1-2-2-600x306.jpeg 600w\" sizes=\"(max-width: 1178px) 100vw, 1178px\" \/><\/div><\/div><\/div><\/div><div class=\"flex_column av_one_full  flex_column_div av-zero-column-padding first  avia-builder-el-2  el_after_av_one_full  el_before_av_one_full  column-top-margin\" style='border-radius:0px; '><section class=\"av_textblock_section \"  itemscope=\"itemscope\" itemtype=\"https:\/\/schema.org\/BlogPosting\" itemprop=\"blogPost\" ><div class='avia_textblock  '   itemprop=\"text\" ><p style=\"text-align: center;\"><strong><span style=\"font-size: 18pt;\">Gobernadora y recurso de protecci\u00f3n contra Zonas Contiguas: \u00abLo importante es que las decisiones se tomen en la Regi\u00f3n de Ays\u00e9n\u00bb<\/span><\/strong><\/p>\n<div id=\"gtx-trans\" style=\"position: absolute; left: -50px; top: 4.31534px;\">\n<div class=\"gtx-trans-icon\"><\/div>\n<\/div>\n<\/div><\/section><\/div><div class=\"flex_column av_one_full  flex_column_div av-zero-column-padding first  avia-builder-el-4  el_after_av_one_full  el_before_av_hr  column-top-margin\" style='border-radius:0px; '><section class=\"av_textblock_section \"  itemscope=\"itemscope\" itemtype=\"https:\/\/schema.org\/BlogPosting\" itemprop=\"blogPost\" ><div class='avia_textblock  '   itemprop=\"text\" ><p dir=\"ltr\" style=\"text-align: justify;\">A principios de julio la Corte de Apelaciones de Coyhaique acogi\u00f3 a tr\u00e1mite un recurso de protecci\u00f3n presentado por los pescadores de la comuna de Ays\u00e9n contra el denominado Acuerdo de Zonas Contiguas, que permite el ingreso de flota de la d\u00e9cima regi\u00f3n hacia Ays\u00e9n para extraer recursos bent\u00f3nicos \u2013Luga Roja, Almeja y Erizo- a cambio de una compensaci\u00f3n econ\u00f3mica.<\/p>\n<p dir=\"ltr\" style=\"text-align: justify;\">En este contexto, este martes dirigentes de los pescadores de Ays\u00e9n llegaron hasta el Gobierno Regional para exponer ante el Consejo sus argumentos para presentar este recurso de protecci\u00f3n contra la resoluci\u00f3n emitida por la Subsecretar\u00eda de Pesca y Acuicultura \u2014tras la votaci\u00f3n de Zonas Contiguas en la regi\u00f3n\u2014, que permite a los pescadores de Los Lagos extraer recursos en la zona mar\u00edtima de Ays\u00e9n.<\/p>\n<p dir=\"ltr\" style=\"text-align: justify;\">Tras la presentaci\u00f3n de los pescadores, la Gobernadora Regional de Ays\u00e9n, Andrea Mac\u00edas Palma, se refiri\u00f3 a este tema y a la nueva Ley de Pesca que se tramita en el Congreso, espec\u00edficamente a la intenci\u00f3n de establecer macrozonas de pesca, lo que para la m\u00e1xima autoridad de la onceava regi\u00f3n significa \u00abterminar de depredar los recursos\u00a0 que hoy existen en el mar y que sustentan la vida en las comunidades\u00bb.<\/p>\n<p dir=\"ltr\" style=\"text-align: justify;\">\u00abComo regi\u00f3n vamos a seguir apoyando y vamos a avanzar en todo lo que sea necesario para alcanzar un modelo de gobernanza que permita poner en valor los recursos que tiene el territorio. Esto no se trata de no querer trabajar con otras regiones y otros sectores, aqu\u00ed lo importante es que las decisiones, y la forma y el c\u00f3mo, tienen que ser decisiones que se tomen en la Regi\u00f3n de Ays\u00e9n\u00bb, indic\u00f3 la Gobernadora.<\/p>\n<p dir=\"ltr\" style=\"text-align: justify;\">El recurso de protecci\u00f3n y la solicitud de no innovar fueron presentados por el abogado de la Municipalidad de Ays\u00e9n con el objetivo de suspender la autorizaci\u00f3n otorgada por la Subpesca. Como la causa fue admitida, el ingreso de la flota de Los Lagos a territorio aysenino se encuentra actualmente paralizado.<\/p>\n<p dir=\"ltr\" style=\"text-align: justify;\">\u00abSe habla mucho de poder regionalizar los recursos pesqueros, donde las decisiones sean tomadas desde la regi\u00f3n y no desde el nivel central, ni desde la Subsecretar\u00eda de Pesca. Eso es en lo que vamos a estar nosotros como Consejo Regional, decididos a apoyar los intereses de los recursos pesqueros de la Regi\u00f3n de Ays\u00e9n\u00bb, estableci\u00f3 el Consejero Omar Mu\u00f1oz, quien preside la Comisi\u00f3n de Fomento Productivo.<\/p>\n<p dir=\"ltr\" style=\"text-align: justify;\">La principal raz\u00f3n que dieron las y los pescadores de Ays\u00e9n para recurrir fue que no fueron considerados en el proceso de consulta de las Zonas Contiguas y que la compensaci\u00f3n que entrega Los Lagos no se condice con el valor de la totalidad de productos que se extraen del maritorio aysenino. Adem\u00e1s, alegan que la resoluci\u00f3n de Subpesca, que permite que se contin\u00fae con este mecanismo, contravendr\u00eda la norma vigente puesto que permite esta modalidad de acuerdo a\u00fan cuando los planes de manejo de los territorios no est\u00e9n actualizados, como el de Ays\u00e9n que data del a\u00f1o 2005.<\/p>\n<p dir=\"ltr\" style=\"text-align: justify;\">\u00abEstamos haciendo un trabajo con el Gobierno Regional y esperamos que esto se concrete m\u00e1s, y podamos fortalecer y defender nuestra regi\u00f3n. Estamos dispuestos, y lo hemos dicho siempre, a poder darle una mano a los compa\u00f1eros de la d\u00e9cima regi\u00f3n, estamos dispuestos a seguir ayud\u00e1ndolos, pero a lo que no estamos dispuestos es a entregarles la lleva de nuestra regi\u00f3n. De ninguna manera vamos a aceptar que pescadores de otra regi\u00f3n decidan sobre los recursos de nuestra regi\u00f3n, eso es inaceptable\u00bb, manifest\u00f3 tajante Renato Flores, representante de los pescadores de la comuna de Ays\u00e9n y presidente de la AG Ays\u00e9n Mar Sustentable.<\/p>\n<\/div><\/section><\/div><div  style='height:50px' class='hr hr-invisible   avia-builder-el-6  el_after_av_one_full  el_before_av_social_share '><span class='hr-inner ' ><span class='hr-inner-style'><\/span><\/span><\/div><\/p>\n<div  class='av-social-sharing-box  avia-builder-el-7  el_after_av_hr  el_before_av_hr  '><div class='av-share-box'><h5 class='av-share-link-description av-no-toc '>Compartir esta noticia<\/h5><ul class='av-share-box-list noLightbox'><li class='av-share-link av-social-link-facebook' ><a target=\"_blank\" aria-label=\"Compartir en Facebook\" href='https:\/\/www.facebook.com\/sharer.php?u=https:\/\/radiorevelacionfm.cl\/?p=33775&#038;t=Gobernadora%20y%20recurso%20de%20protecci%C3%B3n%20contra%20Zonas%20Contiguas%3A%20%C2%ABLo%20importante%20es%20que%20las%20decisiones%20se%20tomen%20en%20la%20Regi%C3%B3n%20de%20Ays%C3%A9n%C2%BB' aria-hidden='false' data-av_icon='\ue8f3' data-av_iconfont='entypo-fontello' title='' data-avia-related-tooltip='Compartir en Facebook' rel=\"noopener\"><span class='avia_hidden_link_text'>Compartir en Facebook<\/span><\/a><\/li><li class='av-share-link av-social-link-twitter' ><a target=\"_blank\" aria-label=\"Compartir en Twitter\" href='https:\/\/twitter.com\/share?text=Gobernadora%20y%20recurso%20de%20protecci%C3%B3n%20contra%20Zonas%20Contiguas%3A%20%C2%ABLo%20importante%20es%20que%20las%20decisiones%20se%20tomen%20en%20la%20Regi%C3%B3n%20de%20Ays%C3%A9n%C2%BB&#038;url=https:\/\/radiorevelacionfm.cl\/?p=33775' aria-hidden='false' data-av_icon='\ue8f1' data-av_iconfont='entypo-fontello' title='' data-avia-related-tooltip='Compartir en Twitter' rel=\"noopener\"><span class='avia_hidden_link_text'>Compartir en Twitter<\/span><\/a><\/li><li class='av-share-link av-social-link-whatsapp' ><a target=\"_blank\" aria-label=\"Compartir en Whatsapp\" href='https:\/\/api.whatsapp.com\/send?text=https:\/\/radiorevelacionfm.cl\/?p=33775' aria-hidden='false' data-av_icon='\uf232' data-av_iconfont='entypo-fontello' title='' data-avia-related-tooltip='Compartir en Whatsapp' rel=\"noopener\"><span class='avia_hidden_link_text'>Compartir en Whatsapp<\/span><\/a><\/li><li class='av-share-link av-social-link-linkedin' ><a target=\"_blank\" aria-label=\"Compartir en LinkedIn\" href='https:\/\/linkedin.com\/shareArticle?mini=true&#038;title=Gobernadora%20y%20recurso%20de%20protecci%C3%B3n%20contra%20Zonas%20Contiguas%3A%20%C2%ABLo%20importante%20es%20que%20las%20decisiones%20se%20tomen%20en%20la%20Regi%C3%B3n%20de%20Ays%C3%A9n%C2%BB&#038;url=https:\/\/radiorevelacionfm.cl\/?p=33775' aria-hidden='false' data-av_icon='\ue8fc' data-av_iconfont='entypo-fontello' title='' data-avia-related-tooltip='Compartir en LinkedIn' rel=\"noopener\"><span class='avia_hidden_link_text'>Compartir en LinkedIn<\/span><\/a><\/li><li class='av-share-link av-social-link-mail' ><a  aria-label=\"Compartir por correo\" href='mailto:?subject=Gobernadora%20y%20recurso%20de%20protecci%C3%B3n%20contra%20Zonas%20Contiguas%3A%20%C2%ABLo%20importante%20es%20que%20las%20decisiones%20se%20tomen%20en%20la%20Regi%C3%B3n%20de%20Ays%C3%A9n%C2%BB&#038;body=https:\/\/radiorevelacionfm.cl\/?p=33775' aria-hidden='false' data-av_icon='\ue805' data-av_iconfont='entypo-fontello' title='' data-avia-related-tooltip='Compartir por correo'><span class='avia_hidden_link_text'>Compartir por correo<\/span><\/a><\/li><\/ul><\/div><\/div>\n<div  style='height:50px' class='hr hr-invisible   avia-builder-el-8  el_after_av_social_share  el_before_av_comments_list '><span class='hr-inner ' ><span class='hr-inner-style'><\/span><\/span><\/div>\n<div  class='av-buildercomment  av-blog-meta-html-info-disabled av-blog-meta-tag-disabled  '><\/div>\n","protected":false},"excerpt":{"rendered":"","protected":false},"author":1,"featured_media":33776,"comment_status":"open","ping_status":"open","sticky":false,"template":"","format":"standard","meta":{"footnotes":""},"categories":[60],"tags":[],"class_list":["post-33775","post","type-post","status-publish","format-standard","has-post-thumbnail","hentry","category-pesca"],"jetpack_featured_media_url":"https:\/\/radiorevelacionfm.cl\/wp-content\/uploads\/2023\/08\/zonas-contiguas-1-2-2.jpeg","_links":{"self":[{"href":"https:\/\/radiorevelacionfm.cl\/index.php?rest_route=\/wp\/v2\/posts\/33775","targetHints":{"allow":["GET"]}}],"collection":[{"href":"https:\/\/radiorevelacionfm.cl\/index.php?rest_route=\/wp\/v2\/posts"}],"about":[{"href":"https:\/\/radiorevelacionfm.cl\/index.php?rest_route=\/wp\/v2\/types\/post"}],"author":[{"embeddable":true,"href":"https:\/\/radiorevelacionfm.cl\/index.php?rest_route=\/wp\/v2\/users\/1"}],"replies":[{"embeddable":true,"href":"https:\/\/radiorevelacionfm.cl\/index.php?rest_route=%2Fwp%2Fv2%2Fcomments&post=33775"}],"version-history":[{"count":1,"href":"https:\/\/radiorevelacionfm.cl\/index.php?rest_route=\/wp\/v2\/posts\/33775\/revisions"}],"predecessor-version":[{"id":33777,"href":"https:\/\/radiorevelacionfm.cl\/index.php?rest_route=\/wp\/v2\/posts\/33775\/revisions\/33777"}],"wp:featuredmedia":[{"embeddable":true,"href":"https:\/\/radiorevelacionfm.cl\/index.php?rest_route=\/wp\/v2\/media\/33776"}],"wp:attachment":[{"href":"https:\/\/radiorevelacionfm.cl\/index.php?rest_route=%2Fwp%2Fv2%2Fmedia&parent=33775"}],"wp:term":[{"taxonomy":"category","embeddable":true,"href":"https:\/\/radiorevelacionfm.cl\/index.php?rest_route=%2Fwp%2Fv2%2Fcategories&post=33775"},{"taxonomy":"post_tag","embeddable":true,"href":"https:\/\/radiorevelacionfm.cl\/index.php?rest_route=%2Fwp%2Fv2%2Ftags&post=33775"}],"curies":[{"name":"wp","href":"https:\/\/api.w.org\/{rel}","templated":true}]}}