{"id":33769,"date":"2023-08-10T12:48:57","date_gmt":"2023-08-10T15:48:57","guid":{"rendered":"https:\/\/radiorevelacionfm.cl\/?p=33769"},"modified":"2023-08-10T12:48:57","modified_gmt":"2023-08-10T15:48:57","slug":"presentan-proyecto-a-gremios-de-aysen-y-coyhaique-sobre-ampliacion-de-parque-eolico-alto-baguales","status":"publish","type":"post","link":"https:\/\/radiorevelacionfm.cl\/?p=33769","title":{"rendered":"Presentan proyecto a gremios de Ays\u00e9n y Coyhaique sobre ampliaci\u00f3n de parque e\u00f3lico alto baguales"},"content":{"rendered":"<div class=\"flex_column av_one_full  flex_column_div av-zero-column-padding first  avia-builder-el-0  el_before_av_one_full  avia-builder-el-first  \" style='border-radius:0px; '><div  class='avia-image-container  av-styling-    avia-builder-el-1  avia-builder-el-no-sibling  avia-align-center '  itemprop=\"image\" itemscope=\"itemscope\" itemtype=\"https:\/\/schema.org\/ImageObject\"  ><div class='avia-image-container-inner'><div class='avia-image-overlay-wrap'><img decoding=\"async\" class='wp-image-33770 avia-img-lazy-loading-not-33770 avia_image' src=\"https:\/\/radiorevelacionfm.cl\/wp-content\/uploads\/2023\/08\/DIFUSION-BAGUALES-CONCEJO-AYSEN-2-2.jpeg\" alt='' title='DIFUSI\u00d3N BAGUALES CONCEJO AYSEN-2-2' height=\"600\" width=\"800\"  itemprop=\"thumbnailUrl\" srcset=\"https:\/\/radiorevelacionfm.cl\/wp-content\/uploads\/2023\/08\/DIFUSION-BAGUALES-CONCEJO-AYSEN-2-2.jpeg 800w, https:\/\/radiorevelacionfm.cl\/wp-content\/uploads\/2023\/08\/DIFUSION-BAGUALES-CONCEJO-AYSEN-2-2-300x225.jpeg 300w, https:\/\/radiorevelacionfm.cl\/wp-content\/uploads\/2023\/08\/DIFUSION-BAGUALES-CONCEJO-AYSEN-2-2-768x576.jpeg 768w, https:\/\/radiorevelacionfm.cl\/wp-content\/uploads\/2023\/08\/DIFUSION-BAGUALES-CONCEJO-AYSEN-2-2-705x529.jpeg 705w, https:\/\/radiorevelacionfm.cl\/wp-content\/uploads\/2023\/08\/DIFUSION-BAGUALES-CONCEJO-AYSEN-2-2-450x338.jpeg 450w, https:\/\/radiorevelacionfm.cl\/wp-content\/uploads\/2023\/08\/DIFUSION-BAGUALES-CONCEJO-AYSEN-2-2-600x450.jpeg 600w\" sizes=\"(max-width: 800px) 100vw, 800px\" \/><\/div><\/div><\/div><\/div><div class=\"flex_column av_one_full  flex_column_div av-zero-column-padding first  avia-builder-el-2  el_after_av_one_full  el_before_av_one_full  column-top-margin\" style='border-radius:0px; '><section class=\"av_textblock_section \"  itemscope=\"itemscope\" itemtype=\"https:\/\/schema.org\/BlogPosting\" itemprop=\"blogPost\" ><div class='avia_textblock  '   itemprop=\"text\" ><p style=\"text-align: center;\"><strong><span style=\"font-size: 18pt;\">Presentan proyecto a gremios de Ays\u00e9n y Coyhaique sobre ampliaci\u00f3n de parque e\u00f3lico alto baguales<\/span><\/strong><\/p>\n<div id=\"gtx-trans\" style=\"position: absolute; left: -50px; top: 4.31534px;\">\n<div class=\"gtx-trans-icon\"><\/div>\n<\/div>\n<\/div><\/section><\/div><div class=\"flex_column av_one_full  flex_column_div av-zero-column-padding first  avia-builder-el-4  el_after_av_one_full  el_before_av_hr  column-top-margin\" style='border-radius:0px; '><section class=\"av_textblock_section \"  itemscope=\"itemscope\" itemtype=\"https:\/\/schema.org\/BlogPosting\" itemprop=\"blogPost\" ><div class='avia_textblock  '   itemprop=\"text\" ><p style=\"text-align: justify;\">Con el prop\u00f3sito de aumentar la generaci\u00f3n el\u00e9ctrica renovable en 32,2 MW para la Regi\u00f3n de Ays\u00e9n y ofrecer energ\u00eda m\u00e1s limpia, Edelaysen contempla iniciar a fines de este a\u00f1o la ampliaci\u00f3n del Parque E\u00f3lico Alto Baguales, ubicado a casi 7 kil\u00f3metros de la ciudad de Coyhaique.<\/p>\n<p style=\"text-align: justify;\">Por ello, durante los \u00faltimos d\u00edas, representantes de Edelaysen, encabezados por su gerente zonal, Leonardo Mor\u00e1n, sostuvieron distintas reuniones con la Multigremial de Ays\u00e9n, la C\u00e1mara Chilena de la Construcci\u00f3n (CCHC), el Concejo Municipal de Puerto Ays\u00e9n, el Servicio Nacional de Prevenci\u00f3n y Respuesta ante Desastres (Senapred) y el Servicio Nacional de Turismo (Sernatur), con el objeto de darles a conocer los beneficios e implicancias del proyecto, el cual, adem\u00e1s, permitir\u00e1 sostener tarifas adecuadas para climatizaci\u00f3n y calefacci\u00f3n el\u00e9ctrica.<\/p>\n<p style=\"text-align: justify;\">En cada reuni\u00f3n, Leonardo Mor\u00e1n, explic\u00f3 los alcances de esta iniciativa, que recientemente obtuvo una calificaci\u00f3n favorable por parte de la Comisi\u00f3n de Evaluaci\u00f3n Ambiental de la regi\u00f3n.<\/p>\n<p style=\"text-align: justify;\">El lunes 31 de julio, Edelaysen sostuvo una reuni\u00f3n con representantes de la Multigremial de Ays\u00e9n, entre ellos, el presidente de la Asociaci\u00f3n Gremial Agr\u00edcola y Ganadera Austral (Ogana) Pablo Mata, quien destac\u00f3: \u201cFue una conversaci\u00f3n de corte t\u00e9cnico y muy bien presentada que nos permiti\u00f3 informarnos mejor con respecto a las alternativas de generaci\u00f3n e\u00f3lica, las dificultades t\u00e9cnicas, el dise\u00f1o y los procesos para asegurar y respetar las normativas vigentes -no solo del punto de vista ingenieril-, sino tambi\u00e9n del medio ambiente. Nos parece un proyecto interesante que va en l\u00ednea con las tendencias modernas\u201d.<\/p>\n<p style=\"text-align: justify;\">Luego, el mi\u00e9rcoles 2 de agosto, socios y representantes de la CCHC de Coyhaique tambi\u00e9n se interiorizaron del proyecto, con quienes se abordaron temas t\u00e9cnicos relacionados a la ingenier\u00eda y caracter\u00edsticas espec\u00edficas que esta iniciativa conlleva.<\/p>\n<p style=\"text-align: justify;\">Al d\u00eda siguiente, profesionales de Edelaysen se reunieron con el Concejo Municipal de Ays\u00e9n, presidido por su alcalde, Julio Uribe. Tanto el edil como los concejales Rosa Gonz\u00e1lez y Alejandro Soto, valoraron la socializaci\u00f3n que se est\u00e1 realizando en torno a la iniciativa. \u201cEsperamos que el proyecto funcione de la mejor forma, que no nos afecte como comunidad y que se pueda seguir modernizando nuestra central el\u00e9ctrica\u201d, dijo el alcalde Uribe. Por su parte, la concejal Gonz\u00e1lez agreg\u00f3 que \u201ctodo lo que venga a hacer soporte de lo que tenemos en la actualidad, sin duda va a mejorar la calidad de vida de los vecinos\u201d.<\/p>\n<p style=\"text-align: justify;\">Sobre el traslado, tiempos de trabajo y emergencias, la empresa el\u00e9ctrica sostuvo reuniones con el director de SENAPRED, Sidi Bravo, a quien se le inform\u00f3 cu\u00e1les ser\u00e1n las medidas de mitigaci\u00f3n en caso de ser requeridos por parte de los equipos de emergencia en la carretera entre Chacabuco y Coyhaique, en el sector de Mirador Marchant. \u201cHa sido muy importante y satisfactoria la informaci\u00f3n que nos ha entregado Edelaysen. Acordamos agendar una reuni\u00f3n en conjunto con los distintos estamentos del ABC, principalmente con las jefaturas del SAMU, para tener un plan de acci\u00f3n en caso de que se requieran nuestros servicios, durante el traslado de los aerogeneradores\u201d, se\u00f1al\u00f3 el director regional de SENAPRED.<\/p>\n<p style=\"text-align: justify;\">A mediados de julio, representantes de Sernatur, tambi\u00e9n se reunieron con Edelaysen para conocer y aclarar dudas sobre el impacto que tendr\u00eda el proyecto en el turismo de la regi\u00f3n. En la oportunidad, Sandra Navarro, directora regional (S) del organismo se\u00f1al\u00f3: \u201cfue una reuni\u00f3n muy fruct\u00edfera porque se despejan todas las dudas y mitos que circulan en redes sociales. Lo importante ahora es que todos los gremios, incluidos Sernatur, podamos bajar esta informaci\u00f3n y compartirla para tener una opini\u00f3n informada\u201d. Asimismo, Ana Mar\u00eda Carrera, presidenta de la C\u00e1mara de Turismo de Coyhaique, agreg\u00f3 que \u201cestamos desmitificando situaciones y hechos que se daban por concreto, cosas que realmente no son. Eso nos tiene muy tranquilos\u201d.<\/p>\n<p style=\"text-align: justify;\">Finalmente, Leonardo Mor\u00e1n destac\u00f3 lo importante de estas reuniones porque \u201cnos acercamos a distintos gremios y organizaciones para presentar el proyecto en todos sus \u00e1mbitos, aclarar dudas y, sobre todo, desmitificar informaciones falsas que circulan. Queremos hacer un trabajo transparente, informado y cercano con todos los actores relacionados\u201d. El ejecutivo agreg\u00f3 finalmente que \u201ccon este proyecto estaremos generando m\u00e1s energ\u00eda limpia y sustentable para sostener tarifas adecuadas de climatizaci\u00f3n el\u00e9ctrica, agua caliente sanitaria y electromovilidad, adem\u00e1s de seguir apoyando el avance en el reemplazo de la le\u00f1a para la descontaminaci\u00f3n de Coyhaique y Puerto Ays\u00e9n. A esto tambi\u00e9n se suma el banco de bater\u00edas que aportar\u00e1 a mejorar la estabilidad del sistema mediano de Ays\u00e9n completo\u201d.<\/p>\n<\/div><\/section><\/div><div  style='height:50px' class='hr hr-invisible   avia-builder-el-6  el_after_av_one_full  el_before_av_social_share '><span class='hr-inner ' ><span class='hr-inner-style'><\/span><\/span><\/div><\/p>\n<div  class='av-social-sharing-box  avia-builder-el-7  el_after_av_hr  el_before_av_hr  '><div class='av-share-box'><h5 class='av-share-link-description av-no-toc '>Compartir esta noticia<\/h5><ul class='av-share-box-list noLightbox'><li class='av-share-link av-social-link-facebook' ><a target=\"_blank\" aria-label=\"Compartir en Facebook\" href='https:\/\/www.facebook.com\/sharer.php?u=https:\/\/radiorevelacionfm.cl\/?p=33769&#038;t=Presentan%20proyecto%20a%20gremios%20de%20Ays%C3%A9n%20y%20Coyhaique%20sobre%20ampliaci%C3%B3n%20de%20parque%20e%C3%B3lico%20alto%20baguales' aria-hidden='false' data-av_icon='\ue8f3' data-av_iconfont='entypo-fontello' title='' data-avia-related-tooltip='Compartir en Facebook' rel=\"noopener\"><span class='avia_hidden_link_text'>Compartir en Facebook<\/span><\/a><\/li><li class='av-share-link av-social-link-twitter' ><a target=\"_blank\" aria-label=\"Compartir en Twitter\" href='https:\/\/twitter.com\/share?text=Presentan%20proyecto%20a%20gremios%20de%20Ays%C3%A9n%20y%20Coyhaique%20sobre%20ampliaci%C3%B3n%20de%20parque%20e%C3%B3lico%20alto%20baguales&#038;url=https:\/\/radiorevelacionfm.cl\/?p=33769' aria-hidden='false' data-av_icon='\ue8f1' data-av_iconfont='entypo-fontello' title='' data-avia-related-tooltip='Compartir en Twitter' rel=\"noopener\"><span class='avia_hidden_link_text'>Compartir en Twitter<\/span><\/a><\/li><li class='av-share-link av-social-link-whatsapp' ><a target=\"_blank\" aria-label=\"Compartir en Whatsapp\" href='https:\/\/api.whatsapp.com\/send?text=https:\/\/radiorevelacionfm.cl\/?p=33769' aria-hidden='false' data-av_icon='\uf232' data-av_iconfont='entypo-fontello' title='' data-avia-related-tooltip='Compartir en Whatsapp' rel=\"noopener\"><span class='avia_hidden_link_text'>Compartir en Whatsapp<\/span><\/a><\/li><li class='av-share-link av-social-link-linkedin' ><a target=\"_blank\" aria-label=\"Compartir en LinkedIn\" href='https:\/\/linkedin.com\/shareArticle?mini=true&#038;title=Presentan%20proyecto%20a%20gremios%20de%20Ays%C3%A9n%20y%20Coyhaique%20sobre%20ampliaci%C3%B3n%20de%20parque%20e%C3%B3lico%20alto%20baguales&#038;url=https:\/\/radiorevelacionfm.cl\/?p=33769' aria-hidden='false' data-av_icon='\ue8fc' data-av_iconfont='entypo-fontello' title='' data-avia-related-tooltip='Compartir en LinkedIn' rel=\"noopener\"><span class='avia_hidden_link_text'>Compartir en LinkedIn<\/span><\/a><\/li><li class='av-share-link av-social-link-mail' ><a  aria-label=\"Compartir por correo\" href='mailto:?subject=Presentan%20proyecto%20a%20gremios%20de%20Ays%C3%A9n%20y%20Coyhaique%20sobre%20ampliaci%C3%B3n%20de%20parque%20e%C3%B3lico%20alto%20baguales&#038;body=https:\/\/radiorevelacionfm.cl\/?p=33769' aria-hidden='false' data-av_icon='\ue805' data-av_iconfont='entypo-fontello' title='' data-avia-related-tooltip='Compartir por correo'><span class='avia_hidden_link_text'>Compartir por correo<\/span><\/a><\/li><\/ul><\/div><\/div>\n<div  style='height:50px' class='hr hr-invisible   avia-builder-el-8  el_after_av_social_share  el_before_av_comments_list '><span class='hr-inner ' ><span class='hr-inner-style'><\/span><\/span><\/div>\n<div  class='av-buildercomment  av-blog-meta-html-info-disabled av-blog-meta-tag-disabled  '><\/div>\n","protected":false},"excerpt":{"rendered":"","protected":false},"author":1,"featured_media":33770,"comment_status":"open","ping_status":"open","sticky":false,"template":"","format":"standard","meta":{"footnotes":""},"categories":[38],"tags":[],"class_list":["post-33769","post","type-post","status-publish","format-standard","has-post-thumbnail","hentry","category-regional"],"jetpack_featured_media_url":"https:\/\/radiorevelacionfm.cl\/wp-content\/uploads\/2023\/08\/DIFUSION-BAGUALES-CONCEJO-AYSEN-2-2.jpeg","_links":{"self":[{"href":"https:\/\/radiorevelacionfm.cl\/index.php?rest_route=\/wp\/v2\/posts\/33769","targetHints":{"allow":["GET"]}}],"collection":[{"href":"https:\/\/radiorevelacionfm.cl\/index.php?rest_route=\/wp\/v2\/posts"}],"about":[{"href":"https:\/\/radiorevelacionfm.cl\/index.php?rest_route=\/wp\/v2\/types\/post"}],"author":[{"embeddable":true,"href":"https:\/\/radiorevelacionfm.cl\/index.php?rest_route=\/wp\/v2\/users\/1"}],"replies":[{"embeddable":true,"href":"https:\/\/radiorevelacionfm.cl\/index.php?rest_route=%2Fwp%2Fv2%2Fcomments&post=33769"}],"version-history":[{"count":1,"href":"https:\/\/radiorevelacionfm.cl\/index.php?rest_route=\/wp\/v2\/posts\/33769\/revisions"}],"predecessor-version":[{"id":33771,"href":"https:\/\/radiorevelacionfm.cl\/index.php?rest_route=\/wp\/v2\/posts\/33769\/revisions\/33771"}],"wp:featuredmedia":[{"embeddable":true,"href":"https:\/\/radiorevelacionfm.cl\/index.php?rest_route=\/wp\/v2\/media\/33770"}],"wp:attachment":[{"href":"https:\/\/radiorevelacionfm.cl\/index.php?rest_route=%2Fwp%2Fv2%2Fmedia&parent=33769"}],"wp:term":[{"taxonomy":"category","embeddable":true,"href":"https:\/\/radiorevelacionfm.cl\/index.php?rest_route=%2Fwp%2Fv2%2Fcategories&post=33769"},{"taxonomy":"post_tag","embeddable":true,"href":"https:\/\/radiorevelacionfm.cl\/index.php?rest_route=%2Fwp%2Fv2%2Ftags&post=33769"}],"curies":[{"name":"wp","href":"https:\/\/api.w.org\/{rel}","templated":true}]}}