{"id":33761,"date":"2023-08-09T22:10:52","date_gmt":"2023-08-10T01:10:52","guid":{"rendered":"https:\/\/radiorevelacionfm.cl\/?p=33761"},"modified":"2023-08-09T22:10:52","modified_gmt":"2023-08-10T01:10:52","slug":"senadora-ximena-ordenes-el-deficit-de-vitamina-d-es-un-problema-de-salud-publica-en-chile","status":"publish","type":"post","link":"https:\/\/radiorevelacionfm.cl\/?p=33761","title":{"rendered":"Senadora Ximena \u00d3rdenes: el d\u00e9ficit de vitamina D es un problema de Salud P\u00fablica en Chile"},"content":{"rendered":"<div class=\"flex_column av_one_full  flex_column_div av-zero-column-padding first  avia-builder-el-0  el_before_av_one_full  avia-builder-el-first  \" style='border-radius:0px; '><div  class='avia-image-container  av-styling-    avia-builder-el-1  avia-builder-el-no-sibling  avia-align-center '  itemprop=\"image\" itemscope=\"itemscope\" itemtype=\"https:\/\/schema.org\/ImageObject\"  ><div class='avia-image-container-inner'><div class='avia-image-overlay-wrap'><img decoding=\"async\" class='wp-image-33762 avia-img-lazy-loading-not-33762 avia_image' src=\"https:\/\/radiorevelacionfm.cl\/wp-content\/uploads\/2023\/08\/COMISION-DE-SALUD-XIMENA-ORDENES-1-2-2.jpeg\" alt='' title='COMISI\u00d3N DE SALUD XIMENA \u00d3RDENES 1-2-2' height=\"600\" width=\"901\"  itemprop=\"thumbnailUrl\" srcset=\"https:\/\/radiorevelacionfm.cl\/wp-content\/uploads\/2023\/08\/COMISION-DE-SALUD-XIMENA-ORDENES-1-2-2.jpeg 901w, https:\/\/radiorevelacionfm.cl\/wp-content\/uploads\/2023\/08\/COMISION-DE-SALUD-XIMENA-ORDENES-1-2-2-300x200.jpeg 300w, https:\/\/radiorevelacionfm.cl\/wp-content\/uploads\/2023\/08\/COMISION-DE-SALUD-XIMENA-ORDENES-1-2-2-768x511.jpeg 768w, https:\/\/radiorevelacionfm.cl\/wp-content\/uploads\/2023\/08\/COMISION-DE-SALUD-XIMENA-ORDENES-1-2-2-705x469.jpeg 705w, https:\/\/radiorevelacionfm.cl\/wp-content\/uploads\/2023\/08\/COMISION-DE-SALUD-XIMENA-ORDENES-1-2-2-450x300.jpeg 450w, https:\/\/radiorevelacionfm.cl\/wp-content\/uploads\/2023\/08\/COMISION-DE-SALUD-XIMENA-ORDENES-1-2-2-600x400.jpeg 600w\" sizes=\"(max-width: 901px) 100vw, 901px\" \/><\/div><\/div><\/div><\/div><div class=\"flex_column av_one_full  flex_column_div av-zero-column-padding first  avia-builder-el-2  el_after_av_one_full  el_before_av_one_full  column-top-margin\" style='border-radius:0px; '><section class=\"av_textblock_section \"  itemscope=\"itemscope\" itemtype=\"https:\/\/schema.org\/BlogPosting\" itemprop=\"blogPost\" ><div class='avia_textblock  '   itemprop=\"text\" ><p style=\"text-align: center;\"><span style=\"font-size: 18pt;\"><strong>Senadora Ximena \u00d3rdenes: el d\u00e9ficit de vitamina D es un problema de Salud P\u00fablica en Chile<\/strong><\/span><\/p>\n<div id=\"gtx-trans\" style=\"position: absolute; left: -50px; top: 4.31534px;\">\n<div class=\"gtx-trans-icon\"><\/div>\n<\/div>\n<\/div><\/section><\/div><div class=\"flex_column av_one_full  flex_column_div av-zero-column-padding first  avia-builder-el-4  el_after_av_one_full  el_before_av_hr  column-top-margin\" style='border-radius:0px; '><section class=\"av_textblock_section \"  itemscope=\"itemscope\" itemtype=\"https:\/\/schema.org\/BlogPosting\" itemprop=\"blogPost\" ><div class='avia_textblock  '   itemprop=\"text\" ><p style=\"text-align: justify;\"><em>Los integrantes de la Comisi\u00f3n de Salud del Senado, en la cual participa la senadora de la regi\u00f3n de Ays\u00e9n, Ximena \u00d3rdenes, ya aprobaron en general un proyecto de norma que dispone la obligaci\u00f3n de fortificar ciertos alimentos con vitamina D.<\/em><\/p>\n<p style=\"text-align: justify;\">El principal rol de la vitamina D es ayudar a absorber el calcio del intestino para regular cu\u00e1nto calcio y f\u00f3sforo deben almacenarse en los huesos y cu\u00e1nto expulsarse del cuerpo por medio de los ri\u00f1ones. De acuerdo con los Centros para el Control y la Prevenci\u00f3n de Enfermedades, la medida est\u00e1ndar establece que son suficientes los niveles de 20 nanogramos por mil\u00edmetro de vitamina D, punto de referencia que utilizan diversos investigadores en el mundo -como en la Universidad Ban-Ilan y el Centro M\u00e9dico Galilee-.<\/p>\n<p style=\"text-align: justify;\">\u201cAproximadamente un 16% -seg\u00fan la ENS 1016-2017- de la poblaci\u00f3n en Chile tiene un d\u00e9ficit severo de vitamina D, por eso consideramos que es un problema de salud p\u00fablica del cual debemos hacernos cargo. La falta de vitaminas y otros minerales afecta a toda la poblaci\u00f3n por igual, partiendo por los ni\u00f1os, ni\u00f1as y adolescentes y produce graves consecuencias. Esta norma tiene el objetivo de que ciertos alimentos, como la leche, harinas, cereales y aceites vegetales est\u00e9n fortificadas con estas vitaminas y minerales, especialmente de vitamina D\u201d, indic\u00f3 la senadora \u00d3rdenes.<\/p>\n<p style=\"text-align: justify;\">La Encuesta Nacional de Salud -ENS- 2016-2017, primer estudio poblacional en Chile sobre vitamina D, evidenci\u00f3 tambi\u00e9n que el 84% de las mujeres entre 14 y 49 a\u00f1os muestra indicadores insuficientes y un 13% alcanza una deficiencia severa. Del mismo modo, un estudio realizado en Israel estableci\u00f3 que el 82% de los pacientes que hab\u00edan contra\u00eddo el Covid-19, presentaba un d\u00e9ficit de la vitamina en la sangre, siendo un problema muy abordado durante la pandemia en diferentes pa\u00edses en el mundo.<\/p>\n<p style=\"text-align: justify;\">Sin embargo, los riesgos del d\u00e9ficit de esta vitamina ya se estaban estudiando desde antes -como en el caso de la ENS- y la legislaci\u00f3n comparada que se hace cargo de esta falta es abundante. Pa\u00edses como Estados Unidos, Canad\u00e1, India, Finlandia, Australia, Nueva Zelanda, entre otros, tienen una estrategia de fortificaci\u00f3n de alimentos, mientras que pa\u00edses como Finlandia, Reino Unido, Islandia, Suecia o Irlanda, desarrollan campa\u00f1as de suplementaci\u00f3n de la vitamina en su poblaci\u00f3n, con una fortificaci\u00f3n sistem\u00e1tica de los alimentos de consumo habitual.<\/p>\n<p style=\"text-align: justify;\">En la Comisi\u00f3n de Salud del mi\u00e9rcoles 8 de agosto, la senadora expuso su inter\u00e9s en que esta norma pueda avanzar, evidenciando legislaciones que promueven la fortificaci\u00f3n de alimentos en otros pa\u00edses. La experiencia comparada y los estudios sobre los riesgos sanitarios, de presentar d\u00e9ficit de algunas vitaminas y minerales, son parte de la inspiraci\u00f3n de este proyecto, en el cual participan los senadores Francisco Chahu\u00e1n, los exparlamentarios Carlos Bianchi, Guido Girardi y Radindranath Quinteros, junto con la senadora de la regi\u00f3n de Ays\u00e9n Ximena \u00d3rdenes. La norma, que se encuentra en su primer tr\u00e1mite, ya ha sido analizada por especialistas, quienes han valorado esta propuesta.<\/p>\n<\/div><\/section><\/div><div  style='height:50px' class='hr hr-invisible   avia-builder-el-6  el_after_av_one_full  el_before_av_social_share '><span class='hr-inner ' ><span class='hr-inner-style'><\/span><\/span><\/div><\/p>\n<div  class='av-social-sharing-box  avia-builder-el-7  el_after_av_hr  el_before_av_hr  '><div class='av-share-box'><h5 class='av-share-link-description av-no-toc '>Compartir esta noticia<\/h5><ul class='av-share-box-list noLightbox'><li class='av-share-link av-social-link-facebook' ><a target=\"_blank\" aria-label=\"Compartir en Facebook\" href='https:\/\/www.facebook.com\/sharer.php?u=https:\/\/radiorevelacionfm.cl\/?p=33761&#038;t=Senadora%20Ximena%20%C3%93rdenes%3A%20el%20d%C3%A9ficit%20de%20vitamina%20D%20es%20un%20problema%20de%20Salud%20P%C3%BAblica%20en%20Chile' aria-hidden='false' data-av_icon='\ue8f3' data-av_iconfont='entypo-fontello' title='' data-avia-related-tooltip='Compartir en Facebook' rel=\"noopener\"><span class='avia_hidden_link_text'>Compartir en Facebook<\/span><\/a><\/li><li class='av-share-link av-social-link-twitter' ><a target=\"_blank\" aria-label=\"Compartir en Twitter\" href='https:\/\/twitter.com\/share?text=Senadora%20Ximena%20%C3%93rdenes%3A%20el%20d%C3%A9ficit%20de%20vitamina%20D%20es%20un%20problema%20de%20Salud%20P%C3%BAblica%20en%20Chile&#038;url=https:\/\/radiorevelacionfm.cl\/?p=33761' aria-hidden='false' data-av_icon='\ue8f1' data-av_iconfont='entypo-fontello' title='' data-avia-related-tooltip='Compartir en Twitter' rel=\"noopener\"><span class='avia_hidden_link_text'>Compartir en Twitter<\/span><\/a><\/li><li class='av-share-link av-social-link-whatsapp' ><a target=\"_blank\" aria-label=\"Compartir en Whatsapp\" href='https:\/\/api.whatsapp.com\/send?text=https:\/\/radiorevelacionfm.cl\/?p=33761' aria-hidden='false' data-av_icon='\uf232' data-av_iconfont='entypo-fontello' title='' data-avia-related-tooltip='Compartir en Whatsapp' rel=\"noopener\"><span class='avia_hidden_link_text'>Compartir en Whatsapp<\/span><\/a><\/li><li class='av-share-link av-social-link-linkedin' ><a target=\"_blank\" aria-label=\"Compartir en LinkedIn\" href='https:\/\/linkedin.com\/shareArticle?mini=true&#038;title=Senadora%20Ximena%20%C3%93rdenes%3A%20el%20d%C3%A9ficit%20de%20vitamina%20D%20es%20un%20problema%20de%20Salud%20P%C3%BAblica%20en%20Chile&#038;url=https:\/\/radiorevelacionfm.cl\/?p=33761' aria-hidden='false' data-av_icon='\ue8fc' data-av_iconfont='entypo-fontello' title='' data-avia-related-tooltip='Compartir en LinkedIn' rel=\"noopener\"><span class='avia_hidden_link_text'>Compartir en LinkedIn<\/span><\/a><\/li><li class='av-share-link av-social-link-mail' ><a  aria-label=\"Compartir por correo\" href='mailto:?subject=Senadora%20Ximena%20%C3%93rdenes%3A%20el%20d%C3%A9ficit%20de%20vitamina%20D%20es%20un%20problema%20de%20Salud%20P%C3%BAblica%20en%20Chile&#038;body=https:\/\/radiorevelacionfm.cl\/?p=33761' aria-hidden='false' data-av_icon='\ue805' data-av_iconfont='entypo-fontello' title='' data-avia-related-tooltip='Compartir por correo'><span class='avia_hidden_link_text'>Compartir por correo<\/span><\/a><\/li><\/ul><\/div><\/div>\n<div  style='height:50px' class='hr hr-invisible   avia-builder-el-8  el_after_av_social_share  el_before_av_comments_list '><span class='hr-inner ' ><span class='hr-inner-style'><\/span><\/span><\/div>\n<div  class='av-buildercomment  av-blog-meta-html-info-disabled av-blog-meta-tag-disabled  '><\/div>\n","protected":false},"excerpt":{"rendered":"","protected":false},"author":1,"featured_media":33762,"comment_status":"open","ping_status":"open","sticky":false,"template":"","format":"standard","meta":{"footnotes":""},"categories":[35],"tags":[],"class_list":["post-33761","post","type-post","status-publish","format-standard","has-post-thumbnail","hentry","category-politica"],"jetpack_featured_media_url":"https:\/\/radiorevelacionfm.cl\/wp-content\/uploads\/2023\/08\/COMISION-DE-SALUD-XIMENA-ORDENES-1-2-2.jpeg","_links":{"self":[{"href":"https:\/\/radiorevelacionfm.cl\/index.php?rest_route=\/wp\/v2\/posts\/33761","targetHints":{"allow":["GET"]}}],"collection":[{"href":"https:\/\/radiorevelacionfm.cl\/index.php?rest_route=\/wp\/v2\/posts"}],"about":[{"href":"https:\/\/radiorevelacionfm.cl\/index.php?rest_route=\/wp\/v2\/types\/post"}],"author":[{"embeddable":true,"href":"https:\/\/radiorevelacionfm.cl\/index.php?rest_route=\/wp\/v2\/users\/1"}],"replies":[{"embeddable":true,"href":"https:\/\/radiorevelacionfm.cl\/index.php?rest_route=%2Fwp%2Fv2%2Fcomments&post=33761"}],"version-history":[{"count":1,"href":"https:\/\/radiorevelacionfm.cl\/index.php?rest_route=\/wp\/v2\/posts\/33761\/revisions"}],"predecessor-version":[{"id":33763,"href":"https:\/\/radiorevelacionfm.cl\/index.php?rest_route=\/wp\/v2\/posts\/33761\/revisions\/33763"}],"wp:featuredmedia":[{"embeddable":true,"href":"https:\/\/radiorevelacionfm.cl\/index.php?rest_route=\/wp\/v2\/media\/33762"}],"wp:attachment":[{"href":"https:\/\/radiorevelacionfm.cl\/index.php?rest_route=%2Fwp%2Fv2%2Fmedia&parent=33761"}],"wp:term":[{"taxonomy":"category","embeddable":true,"href":"https:\/\/radiorevelacionfm.cl\/index.php?rest_route=%2Fwp%2Fv2%2Fcategories&post=33761"},{"taxonomy":"post_tag","embeddable":true,"href":"https:\/\/radiorevelacionfm.cl\/index.php?rest_route=%2Fwp%2Fv2%2Ftags&post=33761"}],"curies":[{"name":"wp","href":"https:\/\/api.w.org\/{rel}","templated":true}]}}