{"id":3376,"date":"2021-04-22T11:29:43","date_gmt":"2021-04-22T14:29:43","guid":{"rendered":"https:\/\/radiorevelacionfm.cl\/?p=3376"},"modified":"2021-04-22T11:29:43","modified_gmt":"2021-04-22T14:29:43","slug":"mindep-e-ind-entregan-implementos-de-ejercicios-y-motricidad-a-jardines-infantiles-de-integra-y-junji","status":"publish","type":"post","link":"https:\/\/radiorevelacionfm.cl\/?p=3376","title":{"rendered":"Mindep e IND entregan implementos de ejercicios y motricidad a jardines infantiles de Integra y Junji"},"content":{"rendered":"<div class=\"flex_column av_one_full  flex_column_div av-zero-column-padding first  avia-builder-el-0  el_before_av_one_full  avia-builder-el-first  \" style='border-radius:0px; '><div  class='avia-image-container  av-styling-    avia-builder-el-1  avia-builder-el-no-sibling  avia-align-center '  itemprop=\"image\" itemscope=\"itemscope\" itemtype=\"https:\/\/schema.org\/ImageObject\"  ><div class='avia-image-container-inner'><div class='avia-image-overlay-wrap'><img decoding=\"async\" class='wp-image-0 avia-img-lazy-loading-not-0 avia_image' src=\"https:\/\/radiorevelacionfm.cl\/wp-content\/uploads\/2021\/04\/14_optimized.jpeg\" alt='' title=''   itemprop=\"thumbnailUrl\"  \/><\/div><\/div><\/div><\/div>\n<div class=\"flex_column av_one_full  flex_column_div av-zero-column-padding first  avia-builder-el-2  el_after_av_one_full  el_before_av_one_full  column-top-margin\" style='border-radius:0px; '><section class=\"av_textblock_section \"  itemscope=\"itemscope\" itemtype=\"https:\/\/schema.org\/BlogPosting\" itemprop=\"blogPost\" ><div class='avia_textblock  '   itemprop=\"text\" ><p style=\"text-align: center;\"><strong><span style=\"font-size: 18pt;\">Mindep e IND entregan implementos de ejercicios y motricidad a jardines infantiles de Integra y Junji<\/span><\/strong><\/p>\n<div id=\"gtx-trans\" style=\"position: absolute; left: -50px; top: 4.31534px;\">\n<div class=\"gtx-trans-icon\"><\/div>\n<\/div>\n<\/div><\/section><\/div><div class=\"flex_column av_one_full  flex_column_div av-zero-column-padding first  avia-builder-el-4  el_after_av_one_full  el_before_av_hr  column-top-margin\" style='border-radius:0px; '><section class=\"av_textblock_section \"  itemscope=\"itemscope\" itemtype=\"https:\/\/schema.org\/BlogPosting\" itemprop=\"blogPost\" ><div class='avia_textblock  '   itemprop=\"text\" ><p style=\"text-align: justify;\">La iniciativa \u00a0se enmarca dentro del Programa Crecer en Movimiento a trav\u00e9s del subcomponente Jugar y Aprender \u00a0para que \u00a0ni\u00f1as y ni\u00f1os entre 2 y 6 a\u00f1os aumenten la pr\u00e1ctica sistem\u00e1tica de actividad f\u00edsica a trav\u00e9s del juego y la exploraci\u00f3n.<\/p>\n<p style=\"text-align: justify;\">Como un importante aporte al desarrollo y estimulaci\u00f3n de los menores, evaluaron las educadoras del Jard\u00edn Infantil Mart\u00edn Pescador el aporte al desarrollo f\u00edsico y motriz que esta semana realiz\u00f3 el Seremi del Deporte junto al Director Regional del IND y cuyo objetivo principal es \u00a0promover la pr\u00e1ctica de actividad f\u00edsica desde desde la infancia.<\/p>\n<p style=\"text-align: justify;\">Durante la ceremonia a la que tambi\u00e9n \u00a0asisti\u00f3 el \u00a0Director Regional JUNJI Ays\u00e9n Sergio Herrara y la\u00a0 Subsecretaria de Calidad Educativa Mar\u00eda Isabel Parada, las educadoras de p\u00e1rvulos realizaron una actividad de demostraci\u00f3n junto\u00a0 a los menores quienes utilizaron \u00a0cada uno de los elementos entregados. Al respecto el Seremi del Deporte, Rodrigo Cubilla Retamal se\u00f1al\u00f3 \u00abcontinuamos con el compromiso del gobierno del Presidente Sebasti\u00e1n \u00a0Pi\u00f1era en el sentido de\u00a0 de reactivar la actividad f\u00edsica tambi\u00e9n con los m\u00e1s peque\u00f1os ya que son ellos quienes necesitan un mejor futuro saludable \u00a0y deportivo por lo que seguiremos trabajando junto al Ind, Junji e Integra entregando este material en diversos jardines infantiles, generado de esta forma el h\u00e1bito del deporte a trav\u00e9s de del juego y la entretenci\u00f3n\u00bb<\/p>\n<p style=\"text-align: justify;\">Asimismo, Sergio Herrara, Director Regional JUNJI Ays\u00e9n precis\u00f3: \u00abson muchos los beneficios que tienen los ni\u00f1os y ni\u00f1as en base al trabajo y a la pr\u00e1ctica deportiva y de psicomotricidad que desarrollan en jardines infantiles.\u00a0\u00a0Y en eso se basa el desarrollo cognitivo, el mejoramiento en la salud, en las relaciones interpersonales que vayan a tener con los dem\u00e1s ni\u00f1os y ni\u00f1as y lo primordial que sean m\u00e1s felices a trav\u00e9s del juego y del deporte. Agradecer al Seremi el Deporte, al director regional de IND por entregarnos herramientas que le permiten a nuestro equipo, en este caso el Jard\u00edn Infantil Mart\u00edn Pescador, desarrollar de mejor manera habilidades psicomotrices y cognitivas, estamos plantando una semilla para el fomento del deporte y la vida sana.\u00bb<\/p>\n<p style=\"text-align: justify;\">El acta de entrega firmada por el Director Regional de Ind, Jos\u00e9 Manuel Sep\u00falveda incluye set de 32 piezas\u00a0 de actividad con conos motrices, escalera de equilibrio,\u00a0 pelotas de sala cuna,\u00a0 set de psicomotricidad, bases para hilar,\u00a0 zancos,\u00a0 juegos de patio interior,\u00a0 poleras y balonera.<\/p>\n<p style=\"text-align: justify;\">Se espera que durante los pr\u00f3ximos d\u00edas se sumen a esta iniciativa los jardines JUNJI Arco Iris, Kau Kalem, Lobito Feroz, Creciendo Contentos y Cuncunita de Coyhaique, Puerto Ays\u00e9n y Cisnes respectivamente, continuando con los jardines INTEGRA Ayel\u00e9n y Mackay de Coyhaique, Los Chilcos de Puerto Ays\u00e9n y Lobito Marino de Guaitecas<\/p>\n<\/div><\/section><\/div><\/p>\n<div  style='height:50px' class='hr hr-invisible   avia-builder-el-6  el_after_av_one_full  el_before_av_social_share '><span class='hr-inner ' ><span class='hr-inner-style'><\/span><\/span><\/div>\n<div  class='av-social-sharing-box  avia-builder-el-7  el_after_av_hr  el_before_av_hr  '><div class='av-share-box'><h5 class='av-share-link-description av-no-toc '>Compartir esta noticia<\/h5><ul class='av-share-box-list noLightbox'><li class='av-share-link av-social-link-facebook' ><a target=\"_blank\" aria-label=\"Compartir en Facebook\" href='https:\/\/www.facebook.com\/sharer.php?u=https:\/\/radiorevelacionfm.cl\/?p=3376&#038;t=Mindep%20e%20IND%20entregan%20implementos%20de%20ejercicios%20y%20motricidad%20a%20jardines%20infantiles%20de%20Integra%20y%20Junji' aria-hidden='false' data-av_icon='\ue8f3' data-av_iconfont='entypo-fontello' title='' data-avia-related-tooltip='Compartir en Facebook' rel=\"noopener\"><span class='avia_hidden_link_text'>Compartir en Facebook<\/span><\/a><\/li><li class='av-share-link av-social-link-twitter' ><a target=\"_blank\" aria-label=\"Compartir en Twitter\" href='https:\/\/twitter.com\/share?text=Mindep%20e%20IND%20entregan%20implementos%20de%20ejercicios%20y%20motricidad%20a%20jardines%20infantiles%20de%20Integra%20y%20Junji&#038;url=https:\/\/radiorevelacionfm.cl\/?p=3376' aria-hidden='false' data-av_icon='\ue8f1' data-av_iconfont='entypo-fontello' title='' data-avia-related-tooltip='Compartir en Twitter' rel=\"noopener\"><span class='avia_hidden_link_text'>Compartir en Twitter<\/span><\/a><\/li><li class='av-share-link av-social-link-whatsapp' ><a target=\"_blank\" aria-label=\"Compartir en Whatsapp\" href='https:\/\/api.whatsapp.com\/send?text=https:\/\/radiorevelacionfm.cl\/?p=3376' aria-hidden='false' data-av_icon='\uf232' data-av_iconfont='entypo-fontello' title='' data-avia-related-tooltip='Compartir en Whatsapp' rel=\"noopener\"><span class='avia_hidden_link_text'>Compartir en Whatsapp<\/span><\/a><\/li><li class='av-share-link av-social-link-linkedin' ><a target=\"_blank\" aria-label=\"Compartir en LinkedIn\" href='https:\/\/linkedin.com\/shareArticle?mini=true&#038;title=Mindep%20e%20IND%20entregan%20implementos%20de%20ejercicios%20y%20motricidad%20a%20jardines%20infantiles%20de%20Integra%20y%20Junji&#038;url=https:\/\/radiorevelacionfm.cl\/?p=3376' aria-hidden='false' data-av_icon='\ue8fc' data-av_iconfont='entypo-fontello' title='' data-avia-related-tooltip='Compartir en LinkedIn' rel=\"noopener\"><span class='avia_hidden_link_text'>Compartir en LinkedIn<\/span><\/a><\/li><li class='av-share-link av-social-link-mail' ><a  aria-label=\"Compartir por correo\" href='mailto:?subject=Mindep%20e%20IND%20entregan%20implementos%20de%20ejercicios%20y%20motricidad%20a%20jardines%20infantiles%20de%20Integra%20y%20Junji&#038;body=https:\/\/radiorevelacionfm.cl\/?p=3376' aria-hidden='false' data-av_icon='\ue805' data-av_iconfont='entypo-fontello' title='' data-avia-related-tooltip='Compartir por correo'><span class='avia_hidden_link_text'>Compartir por correo<\/span><\/a><\/li><\/ul><\/div><\/div>\n<div  style='height:50px' class='hr hr-invisible   avia-builder-el-8  el_after_av_social_share  el_before_av_comments_list '><span class='hr-inner ' ><span class='hr-inner-style'><\/span><\/span><\/div>\n<div  class='av-buildercomment  av-blog-meta-html-info-disabled av-blog-meta-tag-disabled  '><\/div>\n","protected":false},"excerpt":{"rendered":"","protected":false},"author":1,"featured_media":0,"comment_status":"open","ping_status":"open","sticky":false,"template":"","format":"standard","meta":{"footnotes":""},"categories":[40],"tags":[],"class_list":["post-3376","post","type-post","status-publish","format-standard","hentry","category-deportes"],"jetpack_featured_media_url":"","_links":{"self":[{"href":"https:\/\/radiorevelacionfm.cl\/index.php?rest_route=\/wp\/v2\/posts\/3376","targetHints":{"allow":["GET"]}}],"collection":[{"href":"https:\/\/radiorevelacionfm.cl\/index.php?rest_route=\/wp\/v2\/posts"}],"about":[{"href":"https:\/\/radiorevelacionfm.cl\/index.php?rest_route=\/wp\/v2\/types\/post"}],"author":[{"embeddable":true,"href":"https:\/\/radiorevelacionfm.cl\/index.php?rest_route=\/wp\/v2\/users\/1"}],"replies":[{"embeddable":true,"href":"https:\/\/radiorevelacionfm.cl\/index.php?rest_route=%2Fwp%2Fv2%2Fcomments&post=3376"}],"version-history":[{"count":2,"href":"https:\/\/radiorevelacionfm.cl\/index.php?rest_route=\/wp\/v2\/posts\/3376\/revisions"}],"predecessor-version":[{"id":3388,"href":"https:\/\/radiorevelacionfm.cl\/index.php?rest_route=\/wp\/v2\/posts\/3376\/revisions\/3388"}],"wp:attachment":[{"href":"https:\/\/radiorevelacionfm.cl\/index.php?rest_route=%2Fwp%2Fv2%2Fmedia&parent=3376"}],"wp:term":[{"taxonomy":"category","embeddable":true,"href":"https:\/\/radiorevelacionfm.cl\/index.php?rest_route=%2Fwp%2Fv2%2Fcategories&post=3376"},{"taxonomy":"post_tag","embeddable":true,"href":"https:\/\/radiorevelacionfm.cl\/index.php?rest_route=%2Fwp%2Fv2%2Ftags&post=3376"}],"curies":[{"name":"wp","href":"https:\/\/api.w.org\/{rel}","templated":true}]}}