{"id":33752,"date":"2023-08-09T20:07:05","date_gmt":"2023-08-09T23:07:05","guid":{"rendered":"https:\/\/radiorevelacionfm.cl\/?p=33752"},"modified":"2023-08-09T20:14:50","modified_gmt":"2023-08-09T23:14:50","slug":"transfieren-once-terrenos-fiscales-para-la-futura-construccion-de-viviendas-sociales-en-la-region","status":"publish","type":"post","link":"https:\/\/radiorevelacionfm.cl\/?p=33752","title":{"rendered":"Transfieren once terrenos fiscales para futura construcci\u00f3n de viviendas sociales en la regi\u00f3n"},"content":{"rendered":"<div class=\"flex_column av_one_full  flex_column_div av-zero-column-padding first  avia-builder-el-0  el_before_av_one_full  avia-builder-el-first  \" style='border-radius:0px; '><div  class='avia-image-container  av-styling-    avia-builder-el-1  avia-builder-el-no-sibling  avia-align-center '  itemprop=\"image\" itemscope=\"itemscope\" itemtype=\"https:\/\/schema.org\/ImageObject\"  ><div class='avia-image-container-inner'><div class='avia-image-overlay-wrap'><img decoding=\"async\" class='wp-image-33753 avia-img-lazy-loading-not-33753 avia_image' src=\"https:\/\/radiorevelacionfm.cl\/wp-content\/uploads\/2023\/08\/whatsapp-image-2023-05-22-at-14_optimized.34.14-7-2-2.jpeg\" alt='' title='whatsapp-image-2023-05-22-at-14_optimized.34.14-(7)-2-2' height=\"600\" width=\"800\"  itemprop=\"thumbnailUrl\" srcset=\"https:\/\/radiorevelacionfm.cl\/wp-content\/uploads\/2023\/08\/whatsapp-image-2023-05-22-at-14_optimized.34.14-7-2-2.jpeg 800w, https:\/\/radiorevelacionfm.cl\/wp-content\/uploads\/2023\/08\/whatsapp-image-2023-05-22-at-14_optimized.34.14-7-2-2-300x225.jpeg 300w, https:\/\/radiorevelacionfm.cl\/wp-content\/uploads\/2023\/08\/whatsapp-image-2023-05-22-at-14_optimized.34.14-7-2-2-768x576.jpeg 768w, https:\/\/radiorevelacionfm.cl\/wp-content\/uploads\/2023\/08\/whatsapp-image-2023-05-22-at-14_optimized.34.14-7-2-2-705x529.jpeg 705w, https:\/\/radiorevelacionfm.cl\/wp-content\/uploads\/2023\/08\/whatsapp-image-2023-05-22-at-14_optimized.34.14-7-2-2-450x338.jpeg 450w, https:\/\/radiorevelacionfm.cl\/wp-content\/uploads\/2023\/08\/whatsapp-image-2023-05-22-at-14_optimized.34.14-7-2-2-600x450.jpeg 600w\" sizes=\"(max-width: 800px) 100vw, 800px\" \/><\/div><\/div><\/div><\/div>\n<div class=\"flex_column av_one_full  flex_column_div av-zero-column-padding first  avia-builder-el-2  el_after_av_one_full  el_before_av_one_full  column-top-margin\" style='border-radius:0px; '><section class=\"av_textblock_section \"  itemscope=\"itemscope\" itemtype=\"https:\/\/schema.org\/BlogPosting\" itemprop=\"blogPost\" ><div class='avia_textblock  '   itemprop=\"text\" ><p style=\"text-align: center;\"><strong><span style=\"font-size: 18pt;\">Transfieren once terrenos fiscales para futura construcci\u00f3n de viviendas sociales en la regi\u00f3n<\/span><\/strong><\/p>\n<div id=\"gtx-trans\" style=\"position: absolute; left: -50px; top: 4.31534px;\">\n<div class=\"gtx-trans-icon\"><\/div>\n<\/div>\n<\/div><\/section><\/div><div class=\"flex_column av_one_full  flex_column_div av-zero-column-padding first  avia-builder-el-4  el_after_av_one_full  el_before_av_hr  column-top-margin\" style='border-radius:0px; '><section class=\"av_textblock_section \"  itemscope=\"itemscope\" itemtype=\"https:\/\/schema.org\/BlogPosting\" itemprop=\"blogPost\" ><div class='avia_textblock  '   itemprop=\"text\" ><p style=\"text-align: justify;\">Aproximadamente 41 hect\u00e1reas de inmuebles fiscales ha transferido gratuitamente el Ministerio de Bienes Nacionales al Servicio de Vivienda y Urbanismo de Ays\u00e9n, Serviu, para la futura construcci\u00f3n de viviendas sociales en siete comunas de la regi\u00f3n de Ays\u00e9n, noticia que quiso relevar la secretaria regional ministerial de la cartera, Irina Morend Valdebenito, quien, al asumir la administraci\u00f3n solicit\u00f3 acelerar estos procesos de enajenaci\u00f3n de terrenos con el fin de contribuir en la disposici\u00f3n de suelo fiscal para enfrentar el d\u00e9ficit habitacional de la regi\u00f3n, tramitaciones que hace poco llegaron a su etapa final.<\/p>\n<p style=\"text-align: justify;\">Es as\u00ed que, Morend Valdebenito destac\u00f3 la acci\u00f3n del Ministerio de Bienes Nacionales en la disposici\u00f3n de suelo desde la gran propiedad fiscal de la regi\u00f3n, se\u00f1alando que \u201cEstas tramitaciones son parte del trabajo para contribuir al Plan de Emergencia Habitacional, en el cual, el Ministerio de Bienes Nacionales transfiere terrenos a Serviu Ays\u00e9n para que, por una parte, pueda iniciar obras, y por otra parte, tambi\u00e9n robustecer el banco de suelos para el Ministerio de Vivienda. Como Bienes Nacionales estamos muy comprometidos con esta contribuci\u00f3n de suelo para futuras soluciones habitacionales, y es parte del mandato de nuestra Ministra Javiera Toro y de nuestro Presidente Gabriel Boric, donde contribuimos para que a futuro se pueda reducir el d\u00e9ficit habitacional no solo a nivel pa\u00eds, sino que tambi\u00e9n, a nivel regional\u201d.<\/p>\n<p style=\"text-align: justify;\">En esa l\u00ednea, la autoridad regional detall\u00f3 que, de quince terrenos fiscales solicitados por Serviu Ays\u00e9n a la Seremi de Bienes Nacionales, ya se han finalizado once tramitaciones, lo que beneficiar\u00e1 directamente a m\u00e1s de mil familias organizadas en diferentes comit\u00e9s de vivienda presentes en territorios como Melinka, Tortel, Lago Verde, Cochrane, Coyhaique, Bah\u00eda Murta, Chile Chico y Valle Simpson, destacando adem\u00e1s la disposici\u00f3n descentralizada de suelo fiscal, \u201ces importante se\u00f1alar que el aporte que hacemos como Ministerio de Bienes Nacionales hacia Serviu, a trav\u00e9s de las transferencias gratuitas para futuras soluciones habitacionales, no solo se realiza en las comunas de Coyhaique o Ays\u00e9n, que son las m\u00e1s grandes de la regi\u00f3n, tambi\u00e9n estamos realizando estas transferencias en sectores m\u00e1s aislados y comunas m\u00e1s peque\u00f1as, porque la necesidad habitacional ocurre en distintos lugares y es nuestro rol como ministerio aportar con este activo fijo, para, por una parte generar ahorro al propio fisco y que pueda invertir en las viviendas sociales, pero tambi\u00e9n es un beneficio que llega directamente a las familias desde el punto de vista del costo\u201d, indic\u00f3 Irina Morend, quien en su relato, tambi\u00e9n quiso \u201cdar un dato importante\u2026,solo en los inmuebles transferidos en sector alto de Coyhaique, lo que corresponde a la chacra G2, nosotros estamos transfiriendo 25, 48 hect\u00e1reas, que, si lo vemos desde el punto de vista del valor comercial del suelo, esto equivale a 2.305 millones de pesos, y esto da cuenta de que efectivamente, nuestra contribuci\u00f3n es relevante para la construcci\u00f3n de viviendas sociales, que sabemos es s\u00faper importante que sean accesibles para las familias\u201d, afirm\u00f3.<\/p>\n<p style=\"text-align: justify;\">Para finalizar, la autoridad recalc\u00f3 el compromiso de continuar priorizando la disposici\u00f3n de suelo para soluciones habitacionales, trabajo en conjunto que se desarrolla con Serviu y Seremi de Vivienda de Ays\u00e9n, quienes, contando con la demanda organizada, acuden a Bienes Nacionales para solicitar la transferencia gratuita de inmuebles fiscales que cuenten con especificaciones t\u00e9cnicas de factibilidad, figura que coloca en ventaja a Ays\u00e9n por sobre las dem\u00e1s regiones, donde el suelo fiscal es un bien escaso y los comit\u00e9s de vivienda deben esperar m\u00e1s tiempo para la adquisici\u00f3n de terrenos particulares.<\/p>\n<p style=\"text-align: justify;\">De 15 expedientes tramitados, ya se han transferido 11 inmuebles fiscales, beneficiando a un total de en 8 comunas de la regi\u00f3n; de estas, ya se ha concluido con las transferencias de Melinka, Cochrane, Bah\u00eda Murta, Chile Chico, Lago Verde, Tortel, Valle Simpson y Chacra G2 Lotes E y C de Coyhaique, sumatoria de aproximadamente 41 hect\u00e1reas, las que superan el monto\u00a025,4 hect\u00e1reas en Coyhaique.<\/p>\n<\/div><\/section><\/div><\/p>\n<div  style='height:50px' class='hr hr-invisible   avia-builder-el-6  el_after_av_one_full  el_before_av_social_share '><span class='hr-inner ' ><span class='hr-inner-style'><\/span><\/span><\/div>\n<div  class='av-social-sharing-box  avia-builder-el-7  el_after_av_hr  el_before_av_hr  '><div class='av-share-box'><h5 class='av-share-link-description av-no-toc '>Compartir esta noticia<\/h5><ul class='av-share-box-list noLightbox'><li class='av-share-link av-social-link-facebook' ><a target=\"_blank\" aria-label=\"Compartir en Facebook\" href='https:\/\/www.facebook.com\/sharer.php?u=https:\/\/radiorevelacionfm.cl\/?p=33752&#038;t=Transfieren%20once%20terrenos%20fiscales%20para%20futura%20construcci%C3%B3n%20de%20viviendas%20sociales%20en%20la%20regi%C3%B3n' aria-hidden='false' data-av_icon='\ue8f3' data-av_iconfont='entypo-fontello' title='' data-avia-related-tooltip='Compartir en Facebook' rel=\"noopener\"><span class='avia_hidden_link_text'>Compartir en Facebook<\/span><\/a><\/li><li class='av-share-link av-social-link-twitter' ><a target=\"_blank\" aria-label=\"Compartir en Twitter\" href='https:\/\/twitter.com\/share?text=Transfieren%20once%20terrenos%20fiscales%20para%20futura%20construcci%C3%B3n%20de%20viviendas%20sociales%20en%20la%20regi%C3%B3n&#038;url=https:\/\/radiorevelacionfm.cl\/?p=33752' aria-hidden='false' data-av_icon='\ue8f1' data-av_iconfont='entypo-fontello' title='' data-avia-related-tooltip='Compartir en Twitter' rel=\"noopener\"><span class='avia_hidden_link_text'>Compartir en Twitter<\/span><\/a><\/li><li class='av-share-link av-social-link-whatsapp' ><a target=\"_blank\" aria-label=\"Compartir en Whatsapp\" href='https:\/\/api.whatsapp.com\/send?text=https:\/\/radiorevelacionfm.cl\/?p=33752' aria-hidden='false' data-av_icon='\uf232' data-av_iconfont='entypo-fontello' title='' data-avia-related-tooltip='Compartir en Whatsapp' rel=\"noopener\"><span class='avia_hidden_link_text'>Compartir en Whatsapp<\/span><\/a><\/li><li class='av-share-link av-social-link-linkedin' ><a target=\"_blank\" aria-label=\"Compartir en LinkedIn\" href='https:\/\/linkedin.com\/shareArticle?mini=true&#038;title=Transfieren%20once%20terrenos%20fiscales%20para%20futura%20construcci%C3%B3n%20de%20viviendas%20sociales%20en%20la%20regi%C3%B3n&#038;url=https:\/\/radiorevelacionfm.cl\/?p=33752' aria-hidden='false' data-av_icon='\ue8fc' data-av_iconfont='entypo-fontello' title='' data-avia-related-tooltip='Compartir en LinkedIn' rel=\"noopener\"><span class='avia_hidden_link_text'>Compartir en LinkedIn<\/span><\/a><\/li><li class='av-share-link av-social-link-mail' ><a  aria-label=\"Compartir por correo\" href='mailto:?subject=Transfieren%20once%20terrenos%20fiscales%20para%20futura%20construcci%C3%B3n%20de%20viviendas%20sociales%20en%20la%20regi%C3%B3n&#038;body=https:\/\/radiorevelacionfm.cl\/?p=33752' aria-hidden='false' data-av_icon='\ue805' data-av_iconfont='entypo-fontello' title='' data-avia-related-tooltip='Compartir por correo'><span class='avia_hidden_link_text'>Compartir por correo<\/span><\/a><\/li><\/ul><\/div><\/div>\n<div  style='height:50px' class='hr hr-invisible   avia-builder-el-8  el_after_av_social_share  el_before_av_comments_list '><span class='hr-inner ' ><span class='hr-inner-style'><\/span><\/span><\/div>\n<div  class='av-buildercomment  av-blog-meta-html-info-disabled av-blog-meta-tag-disabled  '><\/div>\n","protected":false},"excerpt":{"rendered":"","protected":false},"author":1,"featured_media":33753,"comment_status":"open","ping_status":"open","sticky":false,"template":"","format":"standard","meta":{"footnotes":""},"categories":[38],"tags":[],"class_list":["post-33752","post","type-post","status-publish","format-standard","has-post-thumbnail","hentry","category-regional"],"jetpack_featured_media_url":"https:\/\/radiorevelacionfm.cl\/wp-content\/uploads\/2023\/08\/whatsapp-image-2023-05-22-at-14_optimized.34.14-7-2-2.jpeg","_links":{"self":[{"href":"https:\/\/radiorevelacionfm.cl\/index.php?rest_route=\/wp\/v2\/posts\/33752","targetHints":{"allow":["GET"]}}],"collection":[{"href":"https:\/\/radiorevelacionfm.cl\/index.php?rest_route=\/wp\/v2\/posts"}],"about":[{"href":"https:\/\/radiorevelacionfm.cl\/index.php?rest_route=\/wp\/v2\/types\/post"}],"author":[{"embeddable":true,"href":"https:\/\/radiorevelacionfm.cl\/index.php?rest_route=\/wp\/v2\/users\/1"}],"replies":[{"embeddable":true,"href":"https:\/\/radiorevelacionfm.cl\/index.php?rest_route=%2Fwp%2Fv2%2Fcomments&post=33752"}],"version-history":[{"count":2,"href":"https:\/\/radiorevelacionfm.cl\/index.php?rest_route=\/wp\/v2\/posts\/33752\/revisions"}],"predecessor-version":[{"id":33768,"href":"https:\/\/radiorevelacionfm.cl\/index.php?rest_route=\/wp\/v2\/posts\/33752\/revisions\/33768"}],"wp:featuredmedia":[{"embeddable":true,"href":"https:\/\/radiorevelacionfm.cl\/index.php?rest_route=\/wp\/v2\/media\/33753"}],"wp:attachment":[{"href":"https:\/\/radiorevelacionfm.cl\/index.php?rest_route=%2Fwp%2Fv2%2Fmedia&parent=33752"}],"wp:term":[{"taxonomy":"category","embeddable":true,"href":"https:\/\/radiorevelacionfm.cl\/index.php?rest_route=%2Fwp%2Fv2%2Fcategories&post=33752"},{"taxonomy":"post_tag","embeddable":true,"href":"https:\/\/radiorevelacionfm.cl\/index.php?rest_route=%2Fwp%2Fv2%2Ftags&post=33752"}],"curies":[{"name":"wp","href":"https:\/\/api.w.org\/{rel}","templated":true}]}}