{"id":33749,"date":"2023-08-09T18:42:33","date_gmt":"2023-08-09T21:42:33","guid":{"rendered":"https:\/\/radiorevelacionfm.cl\/?p=33749"},"modified":"2023-08-09T18:42:33","modified_gmt":"2023-08-09T21:42:33","slug":"mas-de-20-patologias-ya-son-definidas-en-laboratorio-de-biologia-molecular-del-hospital-regional-coyhaique","status":"publish","type":"post","link":"https:\/\/radiorevelacionfm.cl\/?p=33749","title":{"rendered":"M\u00e1s de 20 patolog\u00edas ya son definidas en Laboratorio de Biolog\u00eda Molecular del Hospital Regional Coyhaique"},"content":{"rendered":"<div class=\"flex_column av_one_full  flex_column_div av-zero-column-padding first  avia-builder-el-0  el_before_av_one_full  avia-builder-el-first  \" style='border-radius:0px; '><div  class='avia-image-container  av-styling-    avia-builder-el-1  avia-builder-el-no-sibling  avia-align-center '  itemprop=\"image\" itemscope=\"itemscope\" itemtype=\"https:\/\/schema.org\/ImageObject\"  ><div class='avia-image-container-inner'><div class='avia-image-overlay-wrap'><img decoding=\"async\" class='wp-image-33750 avia-img-lazy-loading-not-33750 avia_image' src=\"https:\/\/radiorevelacionfm.cl\/wp-content\/uploads\/2023\/08\/WhatsApp-Image-2023-08-07-at-5.23.51-PM-1-2-2.jpeg\" alt='' title='WhatsApp Image 2023-08-07 at 5.23.51 PM (1)-2-2' height=\"600\" width=\"901\"  itemprop=\"thumbnailUrl\" srcset=\"https:\/\/radiorevelacionfm.cl\/wp-content\/uploads\/2023\/08\/WhatsApp-Image-2023-08-07-at-5.23.51-PM-1-2-2.jpeg 901w, https:\/\/radiorevelacionfm.cl\/wp-content\/uploads\/2023\/08\/WhatsApp-Image-2023-08-07-at-5.23.51-PM-1-2-2-300x200.jpeg 300w, https:\/\/radiorevelacionfm.cl\/wp-content\/uploads\/2023\/08\/WhatsApp-Image-2023-08-07-at-5.23.51-PM-1-2-2-768x511.jpeg 768w, https:\/\/radiorevelacionfm.cl\/wp-content\/uploads\/2023\/08\/WhatsApp-Image-2023-08-07-at-5.23.51-PM-1-2-2-705x469.jpeg 705w, https:\/\/radiorevelacionfm.cl\/wp-content\/uploads\/2023\/08\/WhatsApp-Image-2023-08-07-at-5.23.51-PM-1-2-2-450x300.jpeg 450w, https:\/\/radiorevelacionfm.cl\/wp-content\/uploads\/2023\/08\/WhatsApp-Image-2023-08-07-at-5.23.51-PM-1-2-2-600x400.jpeg 600w\" sizes=\"(max-width: 901px) 100vw, 901px\" \/><\/div><\/div><\/div><\/div><div class=\"flex_column av_one_full  flex_column_div av-zero-column-padding first  avia-builder-el-2  el_after_av_one_full  el_before_av_one_full  column-top-margin\" style='border-radius:0px; '><section class=\"av_textblock_section \"  itemscope=\"itemscope\" itemtype=\"https:\/\/schema.org\/BlogPosting\" itemprop=\"blogPost\" ><div class='avia_textblock  '   itemprop=\"text\" ><p style=\"text-align: center;\"><span style=\"font-size: 18pt;\"><strong>M\u00e1s de 20 patolog\u00edas ya son definidas en Laboratorio\u00a0<\/strong><strong>de Biolog\u00eda Molecular del Hospital Regional Coyhaique<\/strong><\/span><\/p>\n<div id=\"gtx-trans\" style=\"position: absolute; left: -50px; top: 4.31534px;\">\n<div class=\"gtx-trans-icon\"><\/div>\n<\/div>\n<\/div><\/section><\/div><div class=\"flex_column av_one_full  flex_column_div av-zero-column-padding first  avia-builder-el-4  el_after_av_one_full  el_before_av_hr  column-top-margin\" style='border-radius:0px; '><section class=\"av_textblock_section \"  itemscope=\"itemscope\" itemtype=\"https:\/\/schema.org\/BlogPosting\" itemprop=\"blogPost\" ><div class='avia_textblock  '   itemprop=\"text\" ><p style=\"text-align: justify;\"><em>El Delegado Presidencial, Rodrigo Araya, la seremi de Salud, Carmen Monsalve, y el director (s) del centro asistencial Daniel Jara, recorrieron la unidad destacando la reducci\u00f3n en tiempos de respuesta de la salud p\u00fablica regional.<\/em><\/p>\n<p style=\"text-align: justify;\">M\u00e1s de 20 patolog\u00edas que implican diagn\u00f3stico a trav\u00e9s de un Laboratorio de Biolog\u00eda Molecular, son actualmente resueltas en el Hospital Regional Coyhaique, con tres a\u00f1os de funcionamiento desde su entrada en operaciones a mediados de 2020 a ra\u00edz de la pandemia por Covid-19.<\/p>\n<p style=\"text-align: justify;\">Su principal objetivo es identificar microorganismos que producen enfermedades infecciosas, determinar patolog\u00edas, estimaci\u00f3n de riesgo de enfermedades, pron\u00f3stico y monitorizaci\u00f3n de virus hanta, adenovirus e influenza, entre otros.<\/p>\n<p style=\"text-align: justify;\">As\u00ed lo explic\u00f3 Marcelo Lazcano, bioqu\u00edmico y jefe del Laboratorio en el recorrido junto al Delegado Presidencial Regional, Rodrigo Araya, la seremi de Salud, Carmen Monsalve, y el director (s) del centro asistencial, Daniel Jara, en el marco del trabajo de la Mesa de Hanta Virus.<\/p>\n<p style=\"text-align: justify;\">Rodrigo Araya destac\u00f3 la mejora de los tiempos de respuesta y calidad de la atenci\u00f3n que entrega la salud p\u00fablica regional, contribuyendo a diagn\u00f3sticos y tratamientos tempranos para las personas.<\/p>\n<p style=\"text-align: justify;\">\u201cEs un tremendo trabajo que est\u00e1n realizando, signific\u00f3 una implementaci\u00f3n importante, el equipamiento es de \u00faltima tecnolog\u00eda, el personal altamente capacitado y tenemos la posibilidad de seguir creciendo seg\u00fan las nuevas necesidades que tenemos, para instalar otras t\u00e9cnicas y detectar otros agentes\u201d, indic\u00f3.<\/p>\n<p style=\"text-align: justify;\">La seremi Carmen Monsalve, coincidi\u00f3 en se\u00f1alar que \u201cestamos viendo un desarrollo progresivo de las capacidades de respuesta de nuestro principal centro asistencial regional, particularmente, el Laboratorio de Biolog\u00eda Molecular, muy de la mano con el desaf\u00edo permanente que tenemos de buscar esa resolutividad a nivel local, como el hanta virus e hidatidosis. Esperamos acotar los tiempos de respuesta de manera significativa para el diagn\u00f3stico oportuno del Hanta Virus, con un plazo actual de 4 a 5 d\u00edas cuando el diagn\u00f3stico tiene que ser confirmado por el ISP, y avanzar en el diagn\u00f3stico de hidatidosis\u201d.<\/p>\n<p style=\"text-align: justify;\">El director del Hospital Regional Coyhaique record\u00f3 que \u201ctener ac\u00e1 un laboratorio de Biolog\u00eda Molecular permiti\u00f3 tener antes de 24 horas, los resultados para saber si eran o no pacientes contagiados por COVID-19. Con el Hanta, esperamos prontamente validar esta t\u00e9cnica para tener mayor celeridad la respuesta de la positividad o negatividad de estar o no contagiados por este virus. Esto es una herramienta que nos permite dar una mejor y oportuna atenci\u00f3n de salud a nuestros beneficiarios\u201d.<\/p>\n<p style=\"text-align: justify;\">Cabe se\u00f1alar que durante 2023, en la regi\u00f3n de Ays\u00e9n se confirm\u00f3 la presencia de un caso de hantavirus, de un trabajador acu\u00edcola que llevaba seis d\u00edas desarrollando sus labores cerca de Melinka, con residencia en la regi\u00f3n del Biob\u00edo. En base a la investigaci\u00f3n epidemiol\u00f3gica, se consider\u00f3 como probable lugar de contagio la localidad de Penco, encontr\u00e1ndose de alta y en proceso de recuperaci\u00f3n. Para efectos de registro sanitario, este caso se asoci\u00f3 a la regi\u00f3n del B\u00edobio.<\/p>\n<\/div><\/section><\/div><div  style='height:50px' class='hr hr-invisible   avia-builder-el-6  el_after_av_one_full  el_before_av_social_share '><span class='hr-inner ' ><span class='hr-inner-style'><\/span><\/span><\/div><\/p>\n<div  class='av-social-sharing-box  avia-builder-el-7  el_after_av_hr  el_before_av_hr  '><div class='av-share-box'><h5 class='av-share-link-description av-no-toc '>Compartir esta noticia<\/h5><ul class='av-share-box-list noLightbox'><li class='av-share-link av-social-link-facebook' ><a target=\"_blank\" aria-label=\"Compartir en Facebook\" href='https:\/\/www.facebook.com\/sharer.php?u=https:\/\/radiorevelacionfm.cl\/?p=33749&#038;t=M%C3%A1s%20de%2020%20patolog%C3%ADas%20ya%20son%20definidas%20en%20Laboratorio%20de%20Biolog%C3%ADa%20Molecular%20del%20Hospital%20Regional%20Coyhaique' aria-hidden='false' data-av_icon='\ue8f3' data-av_iconfont='entypo-fontello' title='' data-avia-related-tooltip='Compartir en Facebook' rel=\"noopener\"><span class='avia_hidden_link_text'>Compartir en Facebook<\/span><\/a><\/li><li class='av-share-link av-social-link-twitter' ><a target=\"_blank\" aria-label=\"Compartir en Twitter\" href='https:\/\/twitter.com\/share?text=M%C3%A1s%20de%2020%20patolog%C3%ADas%20ya%20son%20definidas%20en%20Laboratorio%20de%20Biolog%C3%ADa%20Molecular%20del%20Hospital%20Regional%20Coyhaique&#038;url=https:\/\/radiorevelacionfm.cl\/?p=33749' aria-hidden='false' data-av_icon='\ue8f1' data-av_iconfont='entypo-fontello' title='' data-avia-related-tooltip='Compartir en Twitter' rel=\"noopener\"><span class='avia_hidden_link_text'>Compartir en Twitter<\/span><\/a><\/li><li class='av-share-link av-social-link-whatsapp' ><a target=\"_blank\" aria-label=\"Compartir en Whatsapp\" href='https:\/\/api.whatsapp.com\/send?text=https:\/\/radiorevelacionfm.cl\/?p=33749' aria-hidden='false' data-av_icon='\uf232' data-av_iconfont='entypo-fontello' title='' data-avia-related-tooltip='Compartir en Whatsapp' rel=\"noopener\"><span class='avia_hidden_link_text'>Compartir en Whatsapp<\/span><\/a><\/li><li class='av-share-link av-social-link-linkedin' ><a target=\"_blank\" aria-label=\"Compartir en LinkedIn\" href='https:\/\/linkedin.com\/shareArticle?mini=true&#038;title=M%C3%A1s%20de%2020%20patolog%C3%ADas%20ya%20son%20definidas%20en%20Laboratorio%20de%20Biolog%C3%ADa%20Molecular%20del%20Hospital%20Regional%20Coyhaique&#038;url=https:\/\/radiorevelacionfm.cl\/?p=33749' aria-hidden='false' data-av_icon='\ue8fc' data-av_iconfont='entypo-fontello' title='' data-avia-related-tooltip='Compartir en LinkedIn' rel=\"noopener\"><span class='avia_hidden_link_text'>Compartir en LinkedIn<\/span><\/a><\/li><li class='av-share-link av-social-link-mail' ><a  aria-label=\"Compartir por correo\" href='mailto:?subject=M%C3%A1s%20de%2020%20patolog%C3%ADas%20ya%20son%20definidas%20en%20Laboratorio%20de%20Biolog%C3%ADa%20Molecular%20del%20Hospital%20Regional%20Coyhaique&#038;body=https:\/\/radiorevelacionfm.cl\/?p=33749' aria-hidden='false' data-av_icon='\ue805' data-av_iconfont='entypo-fontello' title='' data-avia-related-tooltip='Compartir por correo'><span class='avia_hidden_link_text'>Compartir por correo<\/span><\/a><\/li><\/ul><\/div><\/div>\n<div  style='height:50px' class='hr hr-invisible   avia-builder-el-8  el_after_av_social_share  el_before_av_comments_list '><span class='hr-inner ' ><span class='hr-inner-style'><\/span><\/span><\/div>\n<div  class='av-buildercomment  av-blog-meta-html-info-disabled av-blog-meta-tag-disabled  '><\/div>\n","protected":false},"excerpt":{"rendered":"","protected":false},"author":1,"featured_media":33750,"comment_status":"open","ping_status":"open","sticky":false,"template":"","format":"standard","meta":{"footnotes":""},"categories":[46],"tags":[],"class_list":["post-33749","post","type-post","status-publish","format-standard","has-post-thumbnail","hentry","category-salud"],"jetpack_featured_media_url":"https:\/\/radiorevelacionfm.cl\/wp-content\/uploads\/2023\/08\/WhatsApp-Image-2023-08-07-at-5.23.51-PM-1-2-2.jpeg","_links":{"self":[{"href":"https:\/\/radiorevelacionfm.cl\/index.php?rest_route=\/wp\/v2\/posts\/33749","targetHints":{"allow":["GET"]}}],"collection":[{"href":"https:\/\/radiorevelacionfm.cl\/index.php?rest_route=\/wp\/v2\/posts"}],"about":[{"href":"https:\/\/radiorevelacionfm.cl\/index.php?rest_route=\/wp\/v2\/types\/post"}],"author":[{"embeddable":true,"href":"https:\/\/radiorevelacionfm.cl\/index.php?rest_route=\/wp\/v2\/users\/1"}],"replies":[{"embeddable":true,"href":"https:\/\/radiorevelacionfm.cl\/index.php?rest_route=%2Fwp%2Fv2%2Fcomments&post=33749"}],"version-history":[{"count":1,"href":"https:\/\/radiorevelacionfm.cl\/index.php?rest_route=\/wp\/v2\/posts\/33749\/revisions"}],"predecessor-version":[{"id":33751,"href":"https:\/\/radiorevelacionfm.cl\/index.php?rest_route=\/wp\/v2\/posts\/33749\/revisions\/33751"}],"wp:featuredmedia":[{"embeddable":true,"href":"https:\/\/radiorevelacionfm.cl\/index.php?rest_route=\/wp\/v2\/media\/33750"}],"wp:attachment":[{"href":"https:\/\/radiorevelacionfm.cl\/index.php?rest_route=%2Fwp%2Fv2%2Fmedia&parent=33749"}],"wp:term":[{"taxonomy":"category","embeddable":true,"href":"https:\/\/radiorevelacionfm.cl\/index.php?rest_route=%2Fwp%2Fv2%2Fcategories&post=33749"},{"taxonomy":"post_tag","embeddable":true,"href":"https:\/\/radiorevelacionfm.cl\/index.php?rest_route=%2Fwp%2Fv2%2Ftags&post=33749"}],"curies":[{"name":"wp","href":"https:\/\/api.w.org\/{rel}","templated":true}]}}