{"id":33744,"date":"2023-08-09T17:42:27","date_gmt":"2023-08-09T20:42:27","guid":{"rendered":"https:\/\/radiorevelacionfm.cl\/?p=33744"},"modified":"2023-08-09T17:42:27","modified_gmt":"2023-08-09T20:42:27","slug":"cierran-semana-mundial-de-la-lactancia-con-certificacion-jialma-a-jardin-infantil-kau-kalem","status":"publish","type":"post","link":"https:\/\/radiorevelacionfm.cl\/?p=33744","title":{"rendered":"Cierran Semana Mundial de la Lactancia con certificaci\u00f3n JIALMA a jard\u00edn infantil Kau-Kalem"},"content":{"rendered":"<div class=\"flex_column av_one_full  flex_column_div av-zero-column-padding first  avia-builder-el-0  el_before_av_one_full  avia-builder-el-first  \" style='border-radius:0px; '><div  class='avia-image-container  av-styling-    avia-builder-el-1  avia-builder-el-no-sibling  avia-align-center '  itemprop=\"image\" itemscope=\"itemscope\" itemtype=\"https:\/\/schema.org\/ImageObject\"  ><div class='avia-image-container-inner'><div class='avia-image-overlay-wrap'><img decoding=\"async\" class='wp-image-33745 avia-img-lazy-loading-not-33745 avia_image' src=\"https:\/\/radiorevelacionfm.cl\/wp-content\/uploads\/2023\/08\/img_1558-2_optimized.jpeg\" alt='' title='img_1558-2_optimized' height=\"600\" width=\"1067\"  itemprop=\"thumbnailUrl\" srcset=\"https:\/\/radiorevelacionfm.cl\/wp-content\/uploads\/2023\/08\/img_1558-2_optimized.jpeg 1067w, https:\/\/radiorevelacionfm.cl\/wp-content\/uploads\/2023\/08\/img_1558-2_optimized-300x169.jpeg 300w, https:\/\/radiorevelacionfm.cl\/wp-content\/uploads\/2023\/08\/img_1558-2_optimized-1030x579.jpeg 1030w, https:\/\/radiorevelacionfm.cl\/wp-content\/uploads\/2023\/08\/img_1558-2_optimized-768x432.jpeg 768w, https:\/\/radiorevelacionfm.cl\/wp-content\/uploads\/2023\/08\/img_1558-2_optimized-705x396.jpeg 705w, https:\/\/radiorevelacionfm.cl\/wp-content\/uploads\/2023\/08\/img_1558-2_optimized-450x253.jpeg 450w, https:\/\/radiorevelacionfm.cl\/wp-content\/uploads\/2023\/08\/img_1558-2_optimized-600x337.jpeg 600w\" sizes=\"(max-width: 1067px) 100vw, 1067px\" \/><\/div><\/div><\/div><\/div><div class=\"flex_column av_one_full  flex_column_div av-zero-column-padding first  avia-builder-el-2  el_after_av_one_full  el_before_av_one_full  column-top-margin\" style='border-radius:0px; '><section class=\"av_textblock_section \"  itemscope=\"itemscope\" itemtype=\"https:\/\/schema.org\/BlogPosting\" itemprop=\"blogPost\" ><div class='avia_textblock  '   itemprop=\"text\" ><p style=\"text-align: center;\"><strong><span style=\"font-size: 18pt;\">Cierran Semana Mundial de la Lactancia con certificaci\u00f3n JIALMA a jard\u00edn infantil Kau-Kalem <u><\/u>\u00a0<\/span><\/strong><\/p>\n<div id=\"gtx-trans\" style=\"position: absolute; left: -50px; top: 4.31534px;\">\n<div class=\"gtx-trans-icon\"><\/div>\n<\/div>\n<\/div><\/section><\/div><div class=\"flex_column av_one_full  flex_column_div av-zero-column-padding first  avia-builder-el-4  el_after_av_one_full  el_before_av_hr  column-top-margin\" style='border-radius:0px; '><section class=\"av_textblock_section \"  itemscope=\"itemscope\" itemtype=\"https:\/\/schema.org\/BlogPosting\" itemprop=\"blogPost\" ><div class='avia_textblock  '   itemprop=\"text\" ><p style=\"text-align: justify;\">La certificaci\u00f3n \u201cJard\u00edn Infantil Amigo de la Lactancia Materna (JIALMA)\u201d se inici\u00f3 el a\u00f1o 2005 de manera intersectorial con el Ministerio de Salud, Chile Crece y Fundaci\u00f3n Integra. Es un reconocimiento que entrega el Ministerio de Salud y que destaca el compromiso de las unidades educativas por la promoci\u00f3n y mantenci\u00f3n de la lactancia materna<\/p>\n<p style=\"text-align: justify;\">Para la Junta Nacional de Jardines Infantiles (Junji) es muy importante contar con esta certificaci\u00f3n y desde hace alg\u00fan tiempo viene trabajando de manera muy consciente en el fomento y difusi\u00f3n de la lactancia materna.\u00a0 De hecho, es parte de La Comisi\u00f3n de Lactancia Materna (CRLM) instancia de coordinaci\u00f3n intra e intersectorial, que cuyo objetivo principal es contribuir al fomento de acciones y pr\u00e1cticas que protejan, promuevan y apoyen la lactancia materna a nivel regional.<\/p>\n<p style=\"text-align: justify;\">\u201cEste trabajo empez\u00f3 el 2019, y desde entonces estuvimos constantemente desplegando estrategias para hacer promoci\u00f3n de la lactancia materna y poder certificarnos. Hoy tenemos un espacio maravilloso en el que las mam\u00e1s pueden venir con flexibilidad de horario\u00bb coment\u00f3 Paola Fores, directora del jard\u00edn infantil \u201cKau-Kalem\u201d. Por su parte el director regional (s) de Junji Ays\u00e9n valor\u00f3 esta instancia: \u201cEstamos tremendamente felices y orgullos por este importante logro que tuvo el jard\u00edn infantil, dado que hace muchos a\u00f1os no ten\u00edamos esta certificaci\u00f3n y este es el resultado del trabajo constante, permanente del equipo, de las funcionarias y de toda la unidad educativa\u201d David Catal\u00e1n, director regional (s) Junji Ays\u00e9n.<\/p>\n<p style=\"text-align: justify;\">Esta semana estuvo marcada por diversas actividades como el relanzamiento de sus salas de lactancia materna en seremi de Energ\u00eda, MOP y Municipalidad de Ays\u00e9n. La inauguraci\u00f3n de su espacio de Lactancia Materna en SERNAMEG. As\u00ed como tambi\u00e9n se realizaron concursos fotogr\u00e1ficos, programas radiales, murales itinerantes, conversatorios y jornadas de capacitaci\u00f3n.<\/p>\n<p style=\"text-align: justify;\">\u201cComo funcionaria de la seremi de salud y referente de lactancia materna, me encuentro muy contenta por el jard\u00edn infantil Kau-Kalem, fue uno de los jardines que pas\u00f3 su proceso de evaluaci\u00f3n, uno de los tres y logr\u00f3 acreditarse con un 87%. Invitamos a todos jardines de la regi\u00f3n a pasar este proceso y sumarse a esta certificaci\u00f3n, relevando la importancia de la lactancia materna\u201d Karla Guzm\u00e1n,<\/p>\n<p style=\"text-align: justify;\">La lactancia materna tiene m\u00faltiples beneficios; ni\u00f1os y ni\u00f1as que reciben lactancia exclusiva tienen sistemas inmunol\u00f3gicos m\u00e1s fuertes. Adem\u00e1s, reciben una protecci\u00f3n extra contra la desnutrici\u00f3n, las infecciones respiratorias agudas y la diarrea.<\/p>\n<p style=\"text-align: justify;\">\u201cFeliz por cada una de las funcionarias por hacer recibido esta acreditaci\u00f3n y para m\u00ed la lactancia es algo s\u00faper importantes. Estoy agradecida con cada una de ellas por darme la posibilidad de yo poder venir amamantar a mi hija al jard\u00edn, me dan la posibilidad de usar la salita de la lactancia materna, un espacio c\u00f3modo, acogedor, intimo donde puedo estar y crear lazos con mi beb\u00e9\u201d Josseline Arriagada, apoderada JI Kau-Kalem.<\/p>\n<p style=\"text-align: justify;\">En todas las salas cunas de la Junji se promueve y se debe apoyar la continuidad de la lactancia materna, permiti\u00e9ndoles a las familias el amamantamiento en la unidad educativa, as\u00ed como la extracci\u00f3n de la leche en el jard\u00edn infantil y la recepci\u00f3n de la leche materna extra\u00edda.<\/p>\n<\/div><\/section><\/div><div  style='height:50px' class='hr hr-invisible   avia-builder-el-6  el_after_av_one_full  el_before_av_social_share '><span class='hr-inner ' ><span class='hr-inner-style'><\/span><\/span><\/div><\/p>\n<div  class='av-social-sharing-box  avia-builder-el-7  el_after_av_hr  el_before_av_hr  '><div class='av-share-box'><h5 class='av-share-link-description av-no-toc '>Compartir esta noticia<\/h5><ul class='av-share-box-list noLightbox'><li class='av-share-link av-social-link-facebook' ><a target=\"_blank\" aria-label=\"Compartir en Facebook\" href='https:\/\/www.facebook.com\/sharer.php?u=https:\/\/radiorevelacionfm.cl\/?p=33744&#038;t=Cierran%20Semana%20Mundial%20de%20la%20Lactancia%20con%20certificaci%C3%B3n%20JIALMA%20a%20jard%C3%ADn%20infantil%20Kau-Kalem' aria-hidden='false' data-av_icon='\ue8f3' data-av_iconfont='entypo-fontello' title='' data-avia-related-tooltip='Compartir en Facebook' rel=\"noopener\"><span class='avia_hidden_link_text'>Compartir en Facebook<\/span><\/a><\/li><li class='av-share-link av-social-link-twitter' ><a target=\"_blank\" aria-label=\"Compartir en Twitter\" href='https:\/\/twitter.com\/share?text=Cierran%20Semana%20Mundial%20de%20la%20Lactancia%20con%20certificaci%C3%B3n%20JIALMA%20a%20jard%C3%ADn%20infantil%20Kau-Kalem&#038;url=https:\/\/radiorevelacionfm.cl\/?p=33744' aria-hidden='false' data-av_icon='\ue8f1' data-av_iconfont='entypo-fontello' title='' data-avia-related-tooltip='Compartir en Twitter' rel=\"noopener\"><span class='avia_hidden_link_text'>Compartir en Twitter<\/span><\/a><\/li><li class='av-share-link av-social-link-whatsapp' ><a target=\"_blank\" aria-label=\"Compartir en Whatsapp\" href='https:\/\/api.whatsapp.com\/send?text=https:\/\/radiorevelacionfm.cl\/?p=33744' aria-hidden='false' data-av_icon='\uf232' data-av_iconfont='entypo-fontello' title='' data-avia-related-tooltip='Compartir en Whatsapp' rel=\"noopener\"><span class='avia_hidden_link_text'>Compartir en Whatsapp<\/span><\/a><\/li><li class='av-share-link av-social-link-linkedin' ><a target=\"_blank\" aria-label=\"Compartir en LinkedIn\" href='https:\/\/linkedin.com\/shareArticle?mini=true&#038;title=Cierran%20Semana%20Mundial%20de%20la%20Lactancia%20con%20certificaci%C3%B3n%20JIALMA%20a%20jard%C3%ADn%20infantil%20Kau-Kalem&#038;url=https:\/\/radiorevelacionfm.cl\/?p=33744' aria-hidden='false' data-av_icon='\ue8fc' data-av_iconfont='entypo-fontello' title='' data-avia-related-tooltip='Compartir en LinkedIn' rel=\"noopener\"><span class='avia_hidden_link_text'>Compartir en LinkedIn<\/span><\/a><\/li><li class='av-share-link av-social-link-mail' ><a  aria-label=\"Compartir por correo\" href='mailto:?subject=Cierran%20Semana%20Mundial%20de%20la%20Lactancia%20con%20certificaci%C3%B3n%20JIALMA%20a%20jard%C3%ADn%20infantil%20Kau-Kalem&#038;body=https:\/\/radiorevelacionfm.cl\/?p=33744' aria-hidden='false' data-av_icon='\ue805' data-av_iconfont='entypo-fontello' title='' data-avia-related-tooltip='Compartir por correo'><span class='avia_hidden_link_text'>Compartir por correo<\/span><\/a><\/li><\/ul><\/div><\/div>\n<div  style='height:50px' class='hr hr-invisible   avia-builder-el-8  el_after_av_social_share  el_before_av_comments_list '><span class='hr-inner ' ><span class='hr-inner-style'><\/span><\/span><\/div>\n<div  class='av-buildercomment  av-blog-meta-html-info-disabled av-blog-meta-tag-disabled  '><\/div>\n","protected":false},"excerpt":{"rendered":"","protected":false},"author":1,"featured_media":33745,"comment_status":"open","ping_status":"open","sticky":false,"template":"","format":"standard","meta":{"footnotes":""},"categories":[49,46],"tags":[],"class_list":["post-33744","post","type-post","status-publish","format-standard","has-post-thumbnail","hentry","category-educacion","category-salud"],"jetpack_featured_media_url":"https:\/\/radiorevelacionfm.cl\/wp-content\/uploads\/2023\/08\/img_1558-2_optimized.jpeg","_links":{"self":[{"href":"https:\/\/radiorevelacionfm.cl\/index.php?rest_route=\/wp\/v2\/posts\/33744","targetHints":{"allow":["GET"]}}],"collection":[{"href":"https:\/\/radiorevelacionfm.cl\/index.php?rest_route=\/wp\/v2\/posts"}],"about":[{"href":"https:\/\/radiorevelacionfm.cl\/index.php?rest_route=\/wp\/v2\/types\/post"}],"author":[{"embeddable":true,"href":"https:\/\/radiorevelacionfm.cl\/index.php?rest_route=\/wp\/v2\/users\/1"}],"replies":[{"embeddable":true,"href":"https:\/\/radiorevelacionfm.cl\/index.php?rest_route=%2Fwp%2Fv2%2Fcomments&post=33744"}],"version-history":[{"count":1,"href":"https:\/\/radiorevelacionfm.cl\/index.php?rest_route=\/wp\/v2\/posts\/33744\/revisions"}],"predecessor-version":[{"id":33746,"href":"https:\/\/radiorevelacionfm.cl\/index.php?rest_route=\/wp\/v2\/posts\/33744\/revisions\/33746"}],"wp:featuredmedia":[{"embeddable":true,"href":"https:\/\/radiorevelacionfm.cl\/index.php?rest_route=\/wp\/v2\/media\/33745"}],"wp:attachment":[{"href":"https:\/\/radiorevelacionfm.cl\/index.php?rest_route=%2Fwp%2Fv2%2Fmedia&parent=33744"}],"wp:term":[{"taxonomy":"category","embeddable":true,"href":"https:\/\/radiorevelacionfm.cl\/index.php?rest_route=%2Fwp%2Fv2%2Fcategories&post=33744"},{"taxonomy":"post_tag","embeddable":true,"href":"https:\/\/radiorevelacionfm.cl\/index.php?rest_route=%2Fwp%2Fv2%2Ftags&post=33744"}],"curies":[{"name":"wp","href":"https:\/\/api.w.org\/{rel}","templated":true}]}}