{"id":33719,"date":"2023-08-08T17:56:01","date_gmt":"2023-08-08T20:56:01","guid":{"rendered":"https:\/\/radiorevelacionfm.cl\/?p=33719"},"modified":"2023-08-08T17:56:01","modified_gmt":"2023-08-08T20:56:01","slug":"docentes-de-escuela-despertar-se-capacitan-en-braille-gracias-al-apoyo-de-empresas-bahamonde","status":"publish","type":"post","link":"https:\/\/radiorevelacionfm.cl\/?p=33719","title":{"rendered":"Docentes de escuela Despertar se capacitan en Braille gracias al apoyo de Empresas Bahamonde"},"content":{"rendered":"<div class=\"flex_column av_one_full  flex_column_div av-zero-column-padding first  avia-builder-el-0  el_before_av_one_full  avia-builder-el-first  \" style='border-radius:0px; '><div  class='avia-image-container  av-styling-    avia-builder-el-1  avia-builder-el-no-sibling  avia-align-center '  itemprop=\"image\" itemscope=\"itemscope\" itemtype=\"https:\/\/schema.org\/ImageObject\"  ><div class='avia-image-container-inner'><div class='avia-image-overlay-wrap'><img decoding=\"async\" class='wp-image-33720 avia-img-lazy-loading-not-33720 avia_image' src=\"https:\/\/radiorevelacionfm.cl\/wp-content\/uploads\/2023\/08\/image-142-2.jpg\" alt='' title='image-142-2' height=\"600\" width=\"786\"  itemprop=\"thumbnailUrl\" srcset=\"https:\/\/radiorevelacionfm.cl\/wp-content\/uploads\/2023\/08\/image-142-2.jpg 786w, https:\/\/radiorevelacionfm.cl\/wp-content\/uploads\/2023\/08\/image-142-2-300x229.jpg 300w, https:\/\/radiorevelacionfm.cl\/wp-content\/uploads\/2023\/08\/image-142-2-768x586.jpg 768w, https:\/\/radiorevelacionfm.cl\/wp-content\/uploads\/2023\/08\/image-142-2-705x538.jpg 705w, https:\/\/radiorevelacionfm.cl\/wp-content\/uploads\/2023\/08\/image-142-2-450x344.jpg 450w, https:\/\/radiorevelacionfm.cl\/wp-content\/uploads\/2023\/08\/image-142-2-600x458.jpg 600w\" sizes=\"(max-width: 786px) 100vw, 786px\" \/><\/div><\/div><\/div><\/div><div class=\"flex_column av_one_full  flex_column_div av-zero-column-padding first  avia-builder-el-2  el_after_av_one_full  el_before_av_one_full  column-top-margin\" style='border-radius:0px; '><section class=\"av_textblock_section \"  itemscope=\"itemscope\" itemtype=\"https:\/\/schema.org\/BlogPosting\" itemprop=\"blogPost\" ><div class='avia_textblock  '   itemprop=\"text\" ><p style=\"text-align: center;\"><strong><span style=\"font-size: 18pt;\">Docentes de escuela Despertar se capacitan en Braille gracias al apoyo de Empresas Bahamonde<\/span><\/strong><\/p>\n<div id=\"gtx-trans\" style=\"position: absolute; left: -50px; top: 4.31534px;\">\n<div class=\"gtx-trans-icon\"><\/div>\n<\/div>\n<\/div><\/section><\/div><div class=\"flex_column av_one_full  flex_column_div av-zero-column-padding first  avia-builder-el-4  el_after_av_one_full  el_before_av_hr  column-top-margin\" style='border-radius:0px; '><section class=\"av_textblock_section \"  itemscope=\"itemscope\" itemtype=\"https:\/\/schema.org\/BlogPosting\" itemprop=\"blogPost\" ><div class='avia_textblock  '   itemprop=\"text\" ><p style=\"text-align: justify;\">Con la idea de estar siempre preparados para el trabajo con sus estudiantes, los directivos y docentes de la escuela Despertar de Puerto Ays\u00e9n, han comenzado un curso de lectura y escritura en Braille. Capacitaci\u00f3n que est\u00e1 siendo dictada por una joven no vidente y con experiencia en este tipo de instancias, Bianca Mar\u00edn.<\/p>\n<p style=\"text-align: justify;\">Esta nueva entrega de conocimientos se ha podido llevar a cabo gracias al trabajo permanente que ha determinado el establecimiento y Empresas Bahamonde.<\/p>\n<p style=\"text-align: justify;\">\u201cEstamos contentas tambi\u00e9n como equipo, porque comenzamos un taller de Braille con Bianca Mar\u00edn. Entonces, para nosotros terminar una semana con el curso de Braille fue terap\u00e9utico, as\u00ed es que, maravilloso de que estos talleres se extienden hasta finalizar el a\u00f1o. Muy agradecidas, contentas, sobre todo de Alejandro y Empresas Bahamonde, que hicieron posible que nosotros podamos participar de esta iniciativa\u201d, se\u00f1al\u00f3 Claudia Retamal, directora de la escuela Despertar de Puerto Ays\u00e9n.<\/p>\n<p style=\"text-align: justify;\">El trabajo colaborativo entre la escuela y Empresas Bahamonde, ha permitido que funcionarios y funcionarias del establecimiento participen en los cursos de compostaje, se ha colaborado con el huerto escolar, entre otras instancias.<\/p>\n<p style=\"text-align: justify;\">\u201cY ahora un tremendo proyecto que estamos desarrollando con ellos, a quienes se les est\u00e1 ense\u00f1ando el sistema Braille, donde hemos incluido a una tremenda persona que es Bianca, que est\u00e1 muy contenta y agradecida por esta oportunidad que le estamos brindando. Por redes sociales hay muchas personas que han mostrado su inter\u00e9s, lamentablemente este curso es cerrado para la escuela Despertar, pero estamos viendo la posibilidad de replicar este curso para docentes de la escuela Litoral Austral, que podr\u00eda efectuarse el pr\u00f3ximo a\u00f1o\u201d, se\u00f1al\u00f3 el due\u00f1o y representante de Empresas Bahamonde, Alejandro Bahamonde.<\/p>\n<\/div><\/section><\/div><div  style='height:50px' class='hr hr-invisible   avia-builder-el-6  el_after_av_one_full  el_before_av_social_share '><span class='hr-inner ' ><span class='hr-inner-style'><\/span><\/span><\/div><\/p>\n<div  class='av-social-sharing-box  avia-builder-el-7  el_after_av_hr  el_before_av_hr  '><div class='av-share-box'><h5 class='av-share-link-description av-no-toc '>Compartir esta noticia<\/h5><ul class='av-share-box-list noLightbox'><li class='av-share-link av-social-link-facebook' ><a target=\"_blank\" aria-label=\"Compartir en Facebook\" href='https:\/\/www.facebook.com\/sharer.php?u=https:\/\/radiorevelacionfm.cl\/?p=33719&#038;t=Docentes%20de%20escuela%20Despertar%20se%20capacitan%20en%20Braille%20gracias%20al%20apoyo%20de%20Empresas%20Bahamonde' aria-hidden='false' data-av_icon='\ue8f3' data-av_iconfont='entypo-fontello' title='' data-avia-related-tooltip='Compartir en Facebook' rel=\"noopener\"><span class='avia_hidden_link_text'>Compartir en Facebook<\/span><\/a><\/li><li class='av-share-link av-social-link-twitter' ><a target=\"_blank\" aria-label=\"Compartir en Twitter\" href='https:\/\/twitter.com\/share?text=Docentes%20de%20escuela%20Despertar%20se%20capacitan%20en%20Braille%20gracias%20al%20apoyo%20de%20Empresas%20Bahamonde&#038;url=https:\/\/radiorevelacionfm.cl\/?p=33719' aria-hidden='false' data-av_icon='\ue8f1' data-av_iconfont='entypo-fontello' title='' data-avia-related-tooltip='Compartir en Twitter' rel=\"noopener\"><span class='avia_hidden_link_text'>Compartir en Twitter<\/span><\/a><\/li><li class='av-share-link av-social-link-whatsapp' ><a target=\"_blank\" aria-label=\"Compartir en Whatsapp\" href='https:\/\/api.whatsapp.com\/send?text=https:\/\/radiorevelacionfm.cl\/?p=33719' aria-hidden='false' data-av_icon='\uf232' data-av_iconfont='entypo-fontello' title='' data-avia-related-tooltip='Compartir en Whatsapp' rel=\"noopener\"><span class='avia_hidden_link_text'>Compartir en Whatsapp<\/span><\/a><\/li><li class='av-share-link av-social-link-linkedin' ><a target=\"_blank\" aria-label=\"Compartir en LinkedIn\" href='https:\/\/linkedin.com\/shareArticle?mini=true&#038;title=Docentes%20de%20escuela%20Despertar%20se%20capacitan%20en%20Braille%20gracias%20al%20apoyo%20de%20Empresas%20Bahamonde&#038;url=https:\/\/radiorevelacionfm.cl\/?p=33719' aria-hidden='false' data-av_icon='\ue8fc' data-av_iconfont='entypo-fontello' title='' data-avia-related-tooltip='Compartir en LinkedIn' rel=\"noopener\"><span class='avia_hidden_link_text'>Compartir en LinkedIn<\/span><\/a><\/li><li class='av-share-link av-social-link-mail' ><a  aria-label=\"Compartir por correo\" href='mailto:?subject=Docentes%20de%20escuela%20Despertar%20se%20capacitan%20en%20Braille%20gracias%20al%20apoyo%20de%20Empresas%20Bahamonde&#038;body=https:\/\/radiorevelacionfm.cl\/?p=33719' aria-hidden='false' data-av_icon='\ue805' data-av_iconfont='entypo-fontello' title='' data-avia-related-tooltip='Compartir por correo'><span class='avia_hidden_link_text'>Compartir por correo<\/span><\/a><\/li><\/ul><\/div><\/div>\n<div  style='height:50px' class='hr hr-invisible   avia-builder-el-8  el_after_av_social_share  el_before_av_comments_list '><span class='hr-inner ' ><span class='hr-inner-style'><\/span><\/span><\/div>\n<div  class='av-buildercomment  av-blog-meta-html-info-disabled av-blog-meta-tag-disabled  '><\/div>\n","protected":false},"excerpt":{"rendered":"","protected":false},"author":1,"featured_media":33720,"comment_status":"open","ping_status":"open","sticky":false,"template":"","format":"standard","meta":{"footnotes":""},"categories":[38],"tags":[],"class_list":["post-33719","post","type-post","status-publish","format-standard","has-post-thumbnail","hentry","category-regional"],"jetpack_featured_media_url":"https:\/\/radiorevelacionfm.cl\/wp-content\/uploads\/2023\/08\/image-142-2.jpg","_links":{"self":[{"href":"https:\/\/radiorevelacionfm.cl\/index.php?rest_route=\/wp\/v2\/posts\/33719","targetHints":{"allow":["GET"]}}],"collection":[{"href":"https:\/\/radiorevelacionfm.cl\/index.php?rest_route=\/wp\/v2\/posts"}],"about":[{"href":"https:\/\/radiorevelacionfm.cl\/index.php?rest_route=\/wp\/v2\/types\/post"}],"author":[{"embeddable":true,"href":"https:\/\/radiorevelacionfm.cl\/index.php?rest_route=\/wp\/v2\/users\/1"}],"replies":[{"embeddable":true,"href":"https:\/\/radiorevelacionfm.cl\/index.php?rest_route=%2Fwp%2Fv2%2Fcomments&post=33719"}],"version-history":[{"count":1,"href":"https:\/\/radiorevelacionfm.cl\/index.php?rest_route=\/wp\/v2\/posts\/33719\/revisions"}],"predecessor-version":[{"id":33721,"href":"https:\/\/radiorevelacionfm.cl\/index.php?rest_route=\/wp\/v2\/posts\/33719\/revisions\/33721"}],"wp:featuredmedia":[{"embeddable":true,"href":"https:\/\/radiorevelacionfm.cl\/index.php?rest_route=\/wp\/v2\/media\/33720"}],"wp:attachment":[{"href":"https:\/\/radiorevelacionfm.cl\/index.php?rest_route=%2Fwp%2Fv2%2Fmedia&parent=33719"}],"wp:term":[{"taxonomy":"category","embeddable":true,"href":"https:\/\/radiorevelacionfm.cl\/index.php?rest_route=%2Fwp%2Fv2%2Fcategories&post=33719"},{"taxonomy":"post_tag","embeddable":true,"href":"https:\/\/radiorevelacionfm.cl\/index.php?rest_route=%2Fwp%2Fv2%2Ftags&post=33719"}],"curies":[{"name":"wp","href":"https:\/\/api.w.org\/{rel}","templated":true}]}}